{"id":46940,"date":"2026-04-27T14:48:28","date_gmt":"2026-04-27T17:48:28","guid":{"rendered":"https:\/\/jornalnosbairros.com.br\/wp\/?p=46940"},"modified":"2026-04-27T14:52:05","modified_gmt":"2026-04-27T17:52:05","slug":"picarras-inaugura-nova-orla-da-praia-central-nesta-sexta-1o","status":"publish","type":"post","link":"https:\/\/jornalnosbairros.com.br\/wp\/2026\/04\/picarras-inaugura-nova-orla-da-praia-central-nesta-sexta-1o\/","title":{"rendered":"Pi\u00e7arras inaugura nova orla da Praia Central nesta sexta (1\u00ba)"},"content":{"rendered":"\n<p><em><strong>O primeiro dia do evento marca a entrega da megaobra de alargamento da faixa de areia e re\u00fane programa\u00e7\u00e3o especial para a comunidade<\/strong><\/em><\/p>\n\n\n\n<p>A Prefeitura de Balne\u00e1rio Pi\u00e7arras promove, nesta sexta-feira, 1\u00ba de maio, a abertura oficial do \u201cConex\u00e3o BP: Gigante como Balne\u00e1rio Pi\u00e7arras\u201d, Edi\u00e7\u00e3o Dia do Trabalhador. A solenidade est\u00e1 marcada para \u00e0s 20h, na descida da Avenida Get\u00falio Vargas, e ser\u00e1 um momento hist\u00f3rico para o munic\u00edpio com a inaugura\u00e7\u00e3o da nova orla da Praia Central ap\u00f3s a megaobra de alargamento da faixa de areia.<\/p>\n\n\n\n<p>Iniciada em 23 de janeiro de 2026, a obra foi conclu\u00edda em apenas 75 dias, abrangendo um trecho de 2,43 quil\u00f4metros, entre o molhe da Barra do Rio Pi\u00e7arras e a regi\u00e3o ap\u00f3s o molhe da Avenida Get\u00falio Vargas. Com a interven\u00e7\u00e3o, a faixa de areia foi ampliada, em m\u00e9dia, em cerca de 30 metros em rela\u00e7\u00e3o \u00e0 configura\u00e7\u00e3o anterior.<\/p>\n\n\n\n<h3 class=\"wp-block-heading\">Investimento de 53 milh\u00f5es<\/h3>\n\n\n\n<p>Ao todo, mais de 493 mil metros c\u00fabicos de areia foram utilizados na amplia\u00e7\u00e3o da orla. Os recursos s\u00e3o provenientes do Fundo de Manuten\u00e7\u00e3o da Praia (Fumpra) e de verbas pr\u00f3prias do munic\u00edpio, totalizando um investimento superior a R$53 milh\u00f5es.<\/p>\n\n\n\n<p>A cerim\u00f4nia de inaugura\u00e7\u00e3o integra a programa\u00e7\u00e3o do primeiro dia do Conex\u00e3o BP, que inicia \u00e0s 9h com diversas atividades ao ar livre, como feira de artesanato, a\u00e7\u00f5es de bem-estar, atividades infantis e apresenta\u00e7\u00f5es culturais.<\/p>\n\n\n\n<p>A m\u00fasica tamb\u00e9m ser\u00e1 destaque j\u00e1 na sexta-feira, com apresenta\u00e7\u00f5es que v\u00e3o do chorinho ao eletr\u00f4nico, reunindo artistas locais e encerrando a noite com o show nacional do Bonde do Forr\u00f3.<\/p>\n\n\n\n<blockquote class=\"wp-block-quote is-layout-flow wp-block-quote-is-layout-flow\">\n<p>\u201cO Conex\u00e3o BP foi pensado para celebrar, mas tamb\u00e9m para marcar um novo momento para Balne\u00e1rio Pi\u00e7arras. A entrega da nova orla representa um avan\u00e7o importante para o turismo, qualidade de vida e desenvolvimento da cidade. Queremos que a popula\u00e7\u00e3o participe desse momento hist\u00f3rico e aproveite toda a programa\u00e7\u00e3o preparada com muito carinho\u201d, destaca o prefeito Tiago Baltt.<\/p>\n<\/blockquote>\n\n\n\n<p>A programa\u00e7\u00e3o segue no s\u00e1bado (02\/05) com mais atra\u00e7\u00f5es musicais, DJs e atividades para toda a fam\u00edlia, mantendo o clima festivo ao longo de todo o dia.<\/p>\n\n\n\n<h3 class=\"wp-block-heading\">PROGRAMA\u00c7\u00c3O<\/h3>\n\n\n\n<p><strong>SEXTA-FEIRA \u2013 DIA 1\u00ba DE MAIO<\/strong><\/p>\n\n\n\n<ul class=\"wp-block-list\">\n<li>9h \u00e0s 18h &#8211; Torneio para servidores p\u00fablicos na praia<\/li>\n\n\n\n<li>9h \u00e0s 19h &#8211; Feira de Artesanato<\/li>\n\n\n\n<li>09h \u00e0s 10h &#8211; Yoga<\/li>\n\n\n\n<li>10h \u00e0s 10h30 &#8211; Conta\u00e7\u00e3o de hist\u00f3rias com a Bell Bandeira<\/li>\n\n\n\n<li>11h \u00e0s 12h &#8211; Gin\u00e1stica<\/li>\n\n\n\n<li>14h \u00e0s 17h &#8211; Atividade de Educa\u00e7\u00e3o Ambiental<\/li>\n\n\n\n<li>16h \u00e0s 17h &#8211; Zumba<\/li>\n\n\n\n<li>17h \u00e0s 19h &#8211; Chorinho com o Grupo P\u00e9 na areia<\/li>\n\n\n\n<li>19h \u00e0s 20h \u2013 DJ Mario Junior<\/li>\n\n\n\n<li>20h \u00e0s 22h \u2013 Gabriel Borges<\/li>\n\n\n\n<li>22h \u00e0s 23h \u2013 Dj Mario Junior<\/li>\n\n\n\n<li>23h \u00e0s 01h \u2013 Show Nacional com Bonde do Forr\u00f3<\/li>\n<\/ul>\n\n\n\n<p><strong>S\u00c1BADO \u2013 DIA 02 DE MAIO<\/strong><\/p>\n\n\n\n<ul class=\"wp-block-list\">\n<li>9h \u00e0s 18h &#8211; Torneio para servidores p\u00fablicos na praia<\/li>\n\n\n\n<li>9h \u00e0s 19h &#8211; Feira de Artesanato<\/li>\n\n\n\n<li>10h \u00e0s 10h30 &#8211; Conta\u00e7\u00e3o de hist\u00f3rias com a Bell Bandeira<\/li>\n\n\n\n<li>14h \u00e0s 17h &#8211; Atividade de Educa\u00e7\u00e3o Ambiental<\/li>\n\n\n\n<li>17h \u00e0s 19h &#8211; Chorinho com o Grupo P\u00e9 na areia<\/li>\n\n\n\n<li>19h \u00e0s 20h \u2013 Dj Arag\u00e3o<\/li>\n\n\n\n<li>20h \u00e0s 22h &#8211; Combina\u00e7\u00e3o Perfeita<\/li>\n\n\n\n<li>22h \u00e0s 22h45 \u2013 Dj Arag\u00e3o<\/li>\n\n\n\n<li>22h45 \u00e0s 01h &#8211; Banda do Torre de Babel<\/li>\n<\/ul>\n","protected":false},"excerpt":{"rendered":"<p>O primeiro dia do evento marca a entrega da megaobra de alargamento da faixa de areia e re\u00fane programa\u00e7\u00e3o especial para a comunidade A Prefeitura de Balne\u00e1rio Pi\u00e7arras promove, nesta sexta-feira, 1\u00ba de&hellip;<\/p>\n","protected":false},"author":1,"featured_media":46943,"comment_status":"open","ping_status":"closed","sticky":false,"template":"","format":"standard","meta":{"footnotes":""},"categories":[3],"tags":[452,1457,510,479],"class_list":["post-46940","post","type-post","status-publish","format-standard","has-post-thumbnail","hentry","category-geral","tag-inauguracao","tag-orla","tag-picarras","tag-praia"],"yoast_head":"<!-- This site is optimized with the Yoast SEO plugin v27.4 - https:\/\/yoast.com\/product\/yoast-seo-wordpress\/ -->\n<title>Pi\u00e7arras inaugura nova orla da Praia Central nesta sexta (1\u00ba) - Jornal nos Bairros<\/title>\n<meta name=\"description\" content=\"A solenidade est\u00e1 marcada para \u00e0s 20h, na descida da Get\u00falio Vargas, e ser\u00e1 um momento hist\u00f3rico para o munic\u00edpio\" \/>\n<meta name=\"robots\" content=\"index, follow, max-snippet:-1, max-image-preview:large, max-video-preview:-1\" \/>\n<link rel=\"canonical\" href=\"https:\/\/jornalnosbairros.com.br\/wp\/2026\/04\/picarras-inaugura-nova-orla-da-praia-central-nesta-sexta-1o\/\" \/>\n<meta property=\"og:locale\" content=\"pt_BR\" \/>\n<meta property=\"og:type\" content=\"article\" \/>\n<meta property=\"og:title\" content=\"Pi\u00e7arras inaugura nova orla da Praia Central nesta sexta (1\u00ba) - Jornal nos Bairros\" \/>\n<meta property=\"og:description\" content=\"A solenidade est\u00e1 marcada para \u00e0s 20h, na descida da Get\u00falio Vargas, e ser\u00e1 um momento hist\u00f3rico para o munic\u00edpio\" \/>\n<meta property=\"og:url\" content=\"https:\/\/jornalnosbairros.com.br\/wp\/2026\/04\/picarras-inaugura-nova-orla-da-praia-central-nesta-sexta-1o\/\" \/>\n<meta property=\"og:site_name\" content=\"Jornal nos Bairros\" \/>\n<meta property=\"article:publisher\" content=\"https:\/\/www.facebook.com\/jornalnosbairros\" \/>\n<meta property=\"article:author\" content=\"https:\/\/www.facebook.com\/jornalnosbairros\" \/>\n<meta property=\"article:published_time\" content=\"2026-04-27T17:48:28+00:00\" \/>\n<meta property=\"article:modified_time\" content=\"2026-04-27T17:52:05+00:00\" \/>\n<meta property=\"og:image\" content=\"https:\/\/jornalnosbairros.com.br\/wp\/wp-content\/uploads\/2026\/04\/inauguracao-da-nova-orla-da-Praia-Central.jpg\" \/>\n\t<meta property=\"og:image:width\" content=\"1200\" \/>\n\t<meta property=\"og:image:height\" content=\"902\" \/>\n\t<meta property=\"og:image:type\" content=\"image\/jpeg\" \/>\n<meta name=\"author\" content=\"Editoria\" \/>\n<meta name=\"twitter:card\" content=\"summary_large_image\" \/>\n<meta name=\"twitter:creator\" content=\"@https:\/\/twitter.com\/jornal_bairros\" \/>\n<meta name=\"twitter:site\" content=\"@jornal_bairros\" \/>\n<meta name=\"twitter:label1\" content=\"Escrito por\" \/>\n\t<meta name=\"twitter:data1\" content=\"Editoria\" \/>\n\t<meta name=\"twitter:label2\" content=\"Est. tempo de leitura\" \/>\n\t<meta name=\"twitter:data2\" content=\"3 minutos\" \/>\n<script type=\"application\/ld+json\" class=\"yoast-schema-graph\">{\"@context\":\"https:\\\/\\\/schema.org\",\"@graph\":[{\"@type\":\"Article\",\"@id\":\"https:\\\/\\\/jornalnosbairros.com.br\\\/wp\\\/2026\\\/04\\\/picarras-inaugura-nova-orla-da-praia-central-nesta-sexta-1o\\\/#article\",\"isPartOf\":{\"@id\":\"https:\\\/\\\/jornalnosbairros.com.br\\\/wp\\\/2026\\\/04\\\/picarras-inaugura-nova-orla-da-praia-central-nesta-sexta-1o\\\/\"},\"author\":{\"name\":\"Editoria\",\"@id\":\"https:\\\/\\\/jornalnosbairros.com.br\\\/wp\\\/#\\\/schema\\\/person\\\/9a74fde2f4332c018c3b4d29a6129437\"},\"headline\":\"Pi\u00e7arras inaugura nova orla da Praia Central nesta sexta (1\u00ba)\",\"datePublished\":\"2026-04-27T17:48:28+00:00\",\"dateModified\":\"2026-04-27T17:52:05+00:00\",\"mainEntityOfPage\":{\"@id\":\"https:\\\/\\\/jornalnosbairros.com.br\\\/wp\\\/2026\\\/04\\\/picarras-inaugura-nova-orla-da-praia-central-nesta-sexta-1o\\\/\"},\"wordCount\":579,\"commentCount\":0,\"publisher\":{\"@id\":\"https:\\\/\\\/jornalnosbairros.com.br\\\/wp\\\/#organization\"},\"image\":{\"@id\":\"https:\\\/\\\/jornalnosbairros.com.br\\\/wp\\\/2026\\\/04\\\/picarras-inaugura-nova-orla-da-praia-central-nesta-sexta-1o\\\/#primaryimage\"},\"thumbnailUrl\":\"https:\\\/\\\/jornalnosbairros.com.br\\\/wp\\\/wp-content\\\/uploads\\\/2026\\\/04\\\/inauguracao-da-nova-orla-da-Praia-Central.jpg\",\"keywords\":[\"inaugura\u00e7\u00e3o\",\"orla\",\"pi\u00e7arras\",\"praia\"],\"articleSection\":[\"GERAL\"],\"inLanguage\":\"pt-BR\",\"potentialAction\":[{\"@type\":\"CommentAction\",\"name\":\"Comment\",\"target\":[\"https:\\\/\\\/jornalnosbairros.com.br\\\/wp\\\/2026\\\/04\\\/picarras-inaugura-nova-orla-da-praia-central-nesta-sexta-1o\\\/#respond\"]}]},{\"@type\":\"WebPage\",\"@id\":\"https:\\\/\\\/jornalnosbairros.com.br\\\/wp\\\/2026\\\/04\\\/picarras-inaugura-nova-orla-da-praia-central-nesta-sexta-1o\\\/\",\"url\":\"https:\\\/\\\/jornalnosbairros.com.br\\\/wp\\\/2026\\\/04\\\/picarras-inaugura-nova-orla-da-praia-central-nesta-sexta-1o\\\/\",\"name\":\"Pi\u00e7arras inaugura nova orla da Praia Central nesta sexta (1\u00ba) - Jornal nos Bairros\",\"isPartOf\":{\"@id\":\"https:\\\/\\\/jornalnosbairros.com.br\\\/wp\\\/#website\"},\"primaryImageOfPage\":{\"@id\":\"https:\\\/\\\/jornalnosbairros.com.br\\\/wp\\\/2026\\\/04\\\/picarras-inaugura-nova-orla-da-praia-central-nesta-sexta-1o\\\/#primaryimage\"},\"image\":{\"@id\":\"https:\\\/\\\/jornalnosbairros.com.br\\\/wp\\\/2026\\\/04\\\/picarras-inaugura-nova-orla-da-praia-central-nesta-sexta-1o\\\/#primaryimage\"},\"thumbnailUrl\":\"https:\\\/\\\/jornalnosbairros.com.br\\\/wp\\\/wp-content\\\/uploads\\\/2026\\\/04\\\/inauguracao-da-nova-orla-da-Praia-Central.jpg\",\"datePublished\":\"2026-04-27T17:48:28+00:00\",\"dateModified\":\"2026-04-27T17:52:05+00:00\",\"description\":\"A solenidade est\u00e1 marcada para \u00e0s 20h, na descida da Get\u00falio Vargas, e ser\u00e1 um momento hist\u00f3rico para o munic\u00edpio\",\"inLanguage\":\"pt-BR\",\"potentialAction\":[{\"@type\":\"ReadAction\",\"target\":[\"https:\\\/\\\/jornalnosbairros.com.br\\\/wp\\\/2026\\\/04\\\/picarras-inaugura-nova-orla-da-praia-central-nesta-sexta-1o\\\/\"]}]},{\"@type\":\"ImageObject\",\"inLanguage\":\"pt-BR\",\"@id\":\"https:\\\/\\\/jornalnosbairros.com.br\\\/wp\\\/2026\\\/04\\\/picarras-inaugura-nova-orla-da-praia-central-nesta-sexta-1o\\\/#primaryimage\",\"url\":\"https:\\\/\\\/jornalnosbairros.com.br\\\/wp\\\/wp-content\\\/uploads\\\/2026\\\/04\\\/inauguracao-da-nova-orla-da-Praia-Central.jpg\",\"contentUrl\":\"https:\\\/\\\/jornalnosbairros.com.br\\\/wp\\\/wp-content\\\/uploads\\\/2026\\\/04\\\/inauguracao-da-nova-orla-da-Praia-Central.jpg\",\"width\":1200,\"height\":902,\"caption\":\"A solenidade est\u00e1 marcada para \u00e0s 20h, na descida da Avenida Get\u00falio Vargas, e ser\u00e1 um momento hist\u00f3rico para o munic\u00edpio com a inaugura\u00e7\u00e3o da nova orla da Praia Central\"},{\"@type\":\"WebSite\",\"@id\":\"https:\\\/\\\/jornalnosbairros.com.br\\\/wp\\\/#website\",\"url\":\"https:\\\/\\\/jornalnosbairros.com.br\\\/wp\\\/\",\"name\":\"Jornal nos Bairros\",\"description\":\"Not\u00edcias di\u00e1rias de Navegantes e regi\u00e3o\",\"publisher\":{\"@id\":\"https:\\\/\\\/jornalnosbairros.com.br\\\/wp\\\/#organization\"},\"alternateName\":\"JB\",\"potentialAction\":[{\"@type\":\"SearchAction\",\"target\":{\"@type\":\"EntryPoint\",\"urlTemplate\":\"https:\\\/\\\/jornalnosbairros.com.br\\\/wp\\\/?s={search_term_string}\"},\"query-input\":{\"@type\":\"PropertyValueSpecification\",\"valueRequired\":true,\"valueName\":\"search_term_string\"}}],\"inLanguage\":\"pt-BR\"},{\"@type\":\"Organization\",\"@id\":\"https:\\\/\\\/jornalnosbairros.com.br\\\/wp\\\/#organization\",\"name\":\"Jornal nos Bairros de Navegantes\",\"url\":\"https:\\\/\\\/jornalnosbairros.com.br\\\/wp\\\/\",\"logo\":{\"@type\":\"ImageObject\",\"inLanguage\":\"pt-BR\",\"@id\":\"https:\\\/\\\/jornalnosbairros.com.br\\\/wp\\\/#\\\/schema\\\/logo\\\/image\\\/\",\"url\":\"https:\\\/\\\/jornalnosbairros.com.br\\\/wp\\\/wp-content\\\/uploads\\\/2025\\\/01\\\/LOGO-JB.png\",\"contentUrl\":\"https:\\\/\\\/jornalnosbairros.com.br\\\/wp\\\/wp-content\\\/uploads\\\/2025\\\/01\\\/LOGO-JB.png\",\"width\":168,\"height\":150,\"caption\":\"Jornal nos Bairros de Navegantes\"},\"image\":{\"@id\":\"https:\\\/\\\/jornalnosbairros.com.br\\\/wp\\\/#\\\/schema\\\/logo\\\/image\\\/\"},\"sameAs\":[\"https:\\\/\\\/www.facebook.com\\\/jornalnosbairros\",\"https:\\\/\\\/x.com\\\/jornal_bairros\",\"https:\\\/\\\/www.instagram.com\\\/jornalnosbairros\",\"https:\\\/\\\/www.youtube.com\\\/@jornalnosbairros\"]},{\"@type\":\"Person\",\"@id\":\"https:\\\/\\\/jornalnosbairros.com.br\\\/wp\\\/#\\\/schema\\\/person\\\/9a74fde2f4332c018c3b4d29a6129437\",\"name\":\"Editoria\",\"image\":{\"@type\":\"ImageObject\",\"inLanguage\":\"pt-BR\",\"@id\":\"https:\\\/\\\/secure.gravatar.com\\\/avatar\\\/b53a04b7003d01b914d43ebacd13b233f0d99ed1cb7f8cb7d8553ef90e3f466b?s=96&r=g\",\"url\":\"https:\\\/\\\/secure.gravatar.com\\\/avatar\\\/b53a04b7003d01b914d43ebacd13b233f0d99ed1cb7f8cb7d8553ef90e3f466b?s=96&r=g\",\"contentUrl\":\"https:\\\/\\\/secure.gravatar.com\\\/avatar\\\/b53a04b7003d01b914d43ebacd13b233f0d99ed1cb7f8cb7d8553ef90e3f466b?s=96&r=g\",\"caption\":\"Editoria\"},\"description\":\"Edi\u00e7\u00e3o do Jornal nos Bairros de Navegantes - Contato: fale@jornalnosbairros.com.br - Siga: @jornalnosbairros - Acesse: www.jornalnosbairros.com.br\",\"sameAs\":[\"http:\\\/\\\/www.jornalnosbairros.com.br\\\/wp\",\"https:\\\/\\\/www.facebook.com\\\/jornalnosbairros\",\"https:\\\/\\\/www.instagram.com\\\/jornalnosbairros\\\/\",\"https:\\\/\\\/x.com\\\/https:\\\/\\\/twitter.com\\\/jornal_bairros\",\"https:\\\/\\\/www.youtube.com\\\/channel\\\/UCbdZNY5wPbaBq5KtRGP4WxQ?view_as=subscriber\"],\"url\":\"https:\\\/\\\/jornalnosbairros.com.br\\\/wp\\\/author\\\/admin\\\/\"}]}<\/script>\n<!-- \/ Yoast SEO plugin. -->","yoast_head_json":{"title":"Pi\u00e7arras inaugura nova orla da Praia Central nesta sexta (1\u00ba) - Jornal nos Bairros","description":"A solenidade est\u00e1 marcada para \u00e0s 20h, na descida da Get\u00falio Vargas, e ser\u00e1 um momento hist\u00f3rico para o munic\u00edpio","robots":{"index":"index","follow":"follow","max-snippet":"max-snippet:-1","max-image-preview":"max-image-preview:large","max-video-preview":"max-video-preview:-1"},"canonical":"https:\/\/jornalnosbairros.com.br\/wp\/2026\/04\/picarras-inaugura-nova-orla-da-praia-central-nesta-sexta-1o\/","og_locale":"pt_BR","og_type":"article","og_title":"Pi\u00e7arras inaugura nova orla da Praia Central nesta sexta (1\u00ba) - Jornal nos Bairros","og_description":"A solenidade est\u00e1 marcada para \u00e0s 20h, na descida da Get\u00falio Vargas, e ser\u00e1 um momento hist\u00f3rico para o munic\u00edpio","og_url":"https:\/\/jornalnosbairros.com.br\/wp\/2026\/04\/picarras-inaugura-nova-orla-da-praia-central-nesta-sexta-1o\/","og_site_name":"Jornal nos Bairros","article_publisher":"https:\/\/www.facebook.com\/jornalnosbairros","article_author":"https:\/\/www.facebook.com\/jornalnosbairros","article_published_time":"2026-04-27T17:48:28+00:00","article_modified_time":"2026-04-27T17:52:05+00:00","og_image":[{"width":1200,"height":902,"url":"https:\/\/jornalnosbairros.com.br\/wp\/wp-content\/uploads\/2026\/04\/inauguracao-da-nova-orla-da-Praia-Central.jpg","type":"image\/jpeg"}],"author":"Editoria","twitter_card":"summary_large_image","twitter_creator":"@https:\/\/twitter.com\/jornal_bairros","twitter_site":"@jornal_bairros","twitter_misc":{"Escrito por":"Editoria","Est. tempo de leitura":"3 minutos"},"schema":{"@context":"https:\/\/schema.org","@graph":[{"@type":"Article","@id":"https:\/\/jornalnosbairros.com.br\/wp\/2026\/04\/picarras-inaugura-nova-orla-da-praia-central-nesta-sexta-1o\/#article","isPartOf":{"@id":"https:\/\/jornalnosbairros.com.br\/wp\/2026\/04\/picarras-inaugura-nova-orla-da-praia-central-nesta-sexta-1o\/"},"author":{"name":"Editoria","@id":"https:\/\/jornalnosbairros.com.br\/wp\/#\/schema\/person\/9a74fde2f4332c018c3b4d29a6129437"},"headline":"Pi\u00e7arras inaugura nova orla da Praia Central nesta sexta (1\u00ba)","datePublished":"2026-04-27T17:48:28+00:00","dateModified":"2026-04-27T17:52:05+00:00","mainEntityOfPage":{"@id":"https:\/\/jornalnosbairros.com.br\/wp\/2026\/04\/picarras-inaugura-nova-orla-da-praia-central-nesta-sexta-1o\/"},"wordCount":579,"commentCount":0,"publisher":{"@id":"https:\/\/jornalnosbairros.com.br\/wp\/#organization"},"image":{"@id":"https:\/\/jornalnosbairros.com.br\/wp\/2026\/04\/picarras-inaugura-nova-orla-da-praia-central-nesta-sexta-1o\/#primaryimage"},"thumbnailUrl":"https:\/\/jornalnosbairros.com.br\/wp\/wp-content\/uploads\/2026\/04\/inauguracao-da-nova-orla-da-Praia-Central.jpg","keywords":["inaugura\u00e7\u00e3o","orla","pi\u00e7arras","praia"],"articleSection":["GERAL"],"inLanguage":"pt-BR","potentialAction":[{"@type":"CommentAction","name":"Comment","target":["https:\/\/jornalnosbairros.com.br\/wp\/2026\/04\/picarras-inaugura-nova-orla-da-praia-central-nesta-sexta-1o\/#respond"]}]},{"@type":"WebPage","@id":"https:\/\/jornalnosbairros.com.br\/wp\/2026\/04\/picarras-inaugura-nova-orla-da-praia-central-nesta-sexta-1o\/","url":"https:\/\/jornalnosbairros.com.br\/wp\/2026\/04\/picarras-inaugura-nova-orla-da-praia-central-nesta-sexta-1o\/","name":"Pi\u00e7arras inaugura nova orla da Praia Central nesta sexta (1\u00ba) - Jornal nos Bairros","isPartOf":{"@id":"https:\/\/jornalnosbairros.com.br\/wp\/#website"},"primaryImageOfPage":{"@id":"https:\/\/jornalnosbairros.com.br\/wp\/2026\/04\/picarras-inaugura-nova-orla-da-praia-central-nesta-sexta-1o\/#primaryimage"},"image":{"@id":"https:\/\/jornalnosbairros.com.br\/wp\/2026\/04\/picarras-inaugura-nova-orla-da-praia-central-nesta-sexta-1o\/#primaryimage"},"thumbnailUrl":"https:\/\/jornalnosbairros.com.br\/wp\/wp-content\/uploads\/2026\/04\/inauguracao-da-nova-orla-da-Praia-Central.jpg","datePublished":"2026-04-27T17:48:28+00:00","dateModified":"2026-04-27T17:52:05+00:00","description":"A solenidade est\u00e1 marcada para \u00e0s 20h, na descida da Get\u00falio Vargas, e ser\u00e1 um momento hist\u00f3rico para o munic\u00edpio","inLanguage":"pt-BR","potentialAction":[{"@type":"ReadAction","target":["https:\/\/jornalnosbairros.com.br\/wp\/2026\/04\/picarras-inaugura-nova-orla-da-praia-central-nesta-sexta-1o\/"]}]},{"@type":"ImageObject","inLanguage":"pt-BR","@id":"https:\/\/jornalnosbairros.com.br\/wp\/2026\/04\/picarras-inaugura-nova-orla-da-praia-central-nesta-sexta-1o\/#primaryimage","url":"https:\/\/jornalnosbairros.com.br\/wp\/wp-content\/uploads\/2026\/04\/inauguracao-da-nova-orla-da-Praia-Central.jpg","contentUrl":"https:\/\/jornalnosbairros.com.br\/wp\/wp-content\/uploads\/2026\/04\/inauguracao-da-nova-orla-da-Praia-Central.jpg","width":1200,"height":902,"caption":"A solenidade est\u00e1 marcada para \u00e0s 20h, na descida da Avenida Get\u00falio Vargas, e ser\u00e1 um momento hist\u00f3rico para o munic\u00edpio com a inaugura\u00e7\u00e3o da nova orla da Praia Central"},{"@type":"WebSite","@id":"https:\/\/jornalnosbairros.com.br\/wp\/#website","url":"https:\/\/jornalnosbairros.com.br\/wp\/","name":"Jornal nos Bairros","description":"Not\u00edcias di\u00e1rias de Navegantes e regi\u00e3o","publisher":{"@id":"https:\/\/jornalnosbairros.com.br\/wp\/#organization"},"alternateName":"JB","potentialAction":[{"@type":"SearchAction","target":{"@type":"EntryPoint","urlTemplate":"https:\/\/jornalnosbairros.com.br\/wp\/?s={search_term_string}"},"query-input":{"@type":"PropertyValueSpecification","valueRequired":true,"valueName":"search_term_string"}}],"inLanguage":"pt-BR"},{"@type":"Organization","@id":"https:\/\/jornalnosbairros.com.br\/wp\/#organization","name":"Jornal nos Bairros de Navegantes","url":"https:\/\/jornalnosbairros.com.br\/wp\/","logo":{"@type":"ImageObject","inLanguage":"pt-BR","@id":"https:\/\/jornalnosbairros.com.br\/wp\/#\/schema\/logo\/image\/","url":"https:\/\/jornalnosbairros.com.br\/wp\/wp-content\/uploads\/2025\/01\/LOGO-JB.png","contentUrl":"https:\/\/jornalnosbairros.com.br\/wp\/wp-content\/uploads\/2025\/01\/LOGO-JB.png","width":168,"height":150,"caption":"Jornal nos Bairros de Navegantes"},"image":{"@id":"https:\/\/jornalnosbairros.com.br\/wp\/#\/schema\/logo\/image\/"},"sameAs":["https:\/\/www.facebook.com\/jornalnosbairros","https:\/\/x.com\/jornal_bairros","https:\/\/www.instagram.com\/jornalnosbairros","https:\/\/www.youtube.com\/@jornalnosbairros"]},{"@type":"Person","@id":"https:\/\/jornalnosbairros.com.br\/wp\/#\/schema\/person\/9a74fde2f4332c018c3b4d29a6129437","name":"Editoria","image":{"@type":"ImageObject","inLanguage":"pt-BR","@id":"https:\/\/secure.gravatar.com\/avatar\/b53a04b7003d01b914d43ebacd13b233f0d99ed1cb7f8cb7d8553ef90e3f466b?s=96&r=g","url":"https:\/\/secure.gravatar.com\/avatar\/b53a04b7003d01b914d43ebacd13b233f0d99ed1cb7f8cb7d8553ef90e3f466b?s=96&r=g","contentUrl":"https:\/\/secure.gravatar.com\/avatar\/b53a04b7003d01b914d43ebacd13b233f0d99ed1cb7f8cb7d8553ef90e3f466b?s=96&r=g","caption":"Editoria"},"description":"Edi\u00e7\u00e3o do Jornal nos Bairros de Navegantes - Contato: fale@jornalnosbairros.com.br - Siga: @jornalnosbairros - Acesse: www.jornalnosbairros.com.br","sameAs":["http:\/\/www.jornalnosbairros.com.br\/wp","https:\/\/www.facebook.com\/jornalnosbairros","https:\/\/www.instagram.com\/jornalnosbairros\/","https:\/\/x.com\/https:\/\/twitter.com\/jornal_bairros","https:\/\/www.youtube.com\/channel\/UCbdZNY5wPbaBq5KtRGP4WxQ?view_as=subscriber"],"url":"https:\/\/jornalnosbairros.com.br\/wp\/author\/admin\/"}]}},"_links":{"self":[{"href":"https:\/\/jornalnosbairros.com.br\/wp\/wp-json\/wp\/v2\/posts\/46940","targetHints":{"allow":["GET"]}}],"collection":[{"href":"https:\/\/jornalnosbairros.com.br\/wp\/wp-json\/wp\/v2\/posts"}],"about":[{"href":"https:\/\/jornalnosbairros.com.br\/wp\/wp-json\/wp\/v2\/types\/post"}],"author":[{"embeddable":true,"href":"https:\/\/jornalnosbairros.com.br\/wp\/wp-json\/wp\/v2\/users\/1"}],"replies":[{"embeddable":true,"href":"https:\/\/jornalnosbairros.com.br\/wp\/wp-json\/wp\/v2\/comments?post=46940"}],"version-history":[{"count":1,"href":"https:\/\/jornalnosbairros.com.br\/wp\/wp-json\/wp\/v2\/posts\/46940\/revisions"}],"predecessor-version":[{"id":46942,"href":"https:\/\/jornalnosbairros.com.br\/wp\/wp-json\/wp\/v2\/posts\/46940\/revisions\/46942"}],"wp:featuredmedia":[{"embeddable":true,"href":"https:\/\/jornalnosbairros.com.br\/wp\/wp-json\/wp\/v2\/media\/46943"}],"wp:attachment":[{"href":"https:\/\/jornalnosbairros.com.br\/wp\/wp-json\/wp\/v2\/media?parent=46940"}],"wp:term":[{"taxonomy":"category","embeddable":true,"href":"https:\/\/jornalnosbairros.com.br\/wp\/wp-json\/wp\/v2\/categories?post=46940"},{"taxonomy":"post_tag","embeddable":true,"href":"https:\/\/jornalnosbairros.com.br\/wp\/wp-json\/wp\/v2\/tags?post=46940"}],"curies":[{"name":"wp","href":"https:\/\/api.w.org\/{rel}","templated":true}]}}