{"id":46926,"date":"2026-04-27T09:18:06","date_gmt":"2026-04-27T12:18:06","guid":{"rendered":"https:\/\/jornalnosbairros.com.br\/wp\/?p=46926"},"modified":"2026-04-27T09:18:06","modified_gmt":"2026-04-27T12:18:06","slug":"protecao-e-cuidado-animal-tem-novo-secretario-em-navegantes","status":"publish","type":"post","link":"https:\/\/jornalnosbairros.com.br\/wp\/2026\/04\/protecao-e-cuidado-animal-tem-novo-secretario-em-navegantes\/","title":{"rendered":"Prote\u00e7\u00e3o e Cuidado Animal tem novo secret\u00e1rio em Navegantes"},"content":{"rendered":"\n<p><strong><em>Fabiano Straube de Souza assumiu a pasta.<\/em><\/strong><\/p>\n\n\n\n<p>A Secretaria de Prote\u00e7\u00e3o e Cuidado Animal de Navegantes est\u00e1 sob novo comando desde quinta-feira (23). Fabiano Straube de Souza assumiu a pasta no lugar de Sorilei Aparecida Thiele Dapper, que estava \u00e0 frente do setor desde 2025.<\/p>\n\n\n\n<p>A mudan\u00e7a faz parte de ajustes no secretariado do prefeito Ricardo Ventura, que anunciou tamb\u00e9m <a href=\"https:\/\/jornalnosbairros.com.br\/wp\/2026\/04\/sandra-kasai-assume-secretaria-de-saude-de-navegantes-e-garante-r-26-milhoes-em-recursos\/\">a troca na gest\u00e3o da Secretaria da Sa\u00fade<\/a>. Em nota, a prefeitura agradeceu \u00e0 ex-secret\u00e1ria pelos servi\u00e7os prestados e destacou avan\u00e7os na \u00e1rea durante sua gest\u00e3o.<\/p>\n\n\n\n<p>Entre as a\u00e7\u00f5es implementadas est\u00e3o mutir\u00f5es mensais de castra\u00e7\u00e3o, amplia\u00e7\u00e3o das campanhas de vacina\u00e7\u00e3o e atendimento 24 horas por meio do Departamento de Assist\u00eancia e Bem-Estar Animal (Daba).<\/p>\n\n\n\n<p>Ao deixar o cargo, Sorilei afirmou que entrega a estrutura organizada e em funcionamento, ap\u00f3s medidas que, segundo ela, ajudaram a fortalecer a pol\u00edtica p\u00fablica voltada \u00e0 causa animal no munic\u00edpio.<\/p>\n\n\n\n<p>\u201cTudo o que constru\u00edmos foi poss\u00edvel com uni\u00e3o e dedica\u00e7\u00e3o de muitas m\u00e3os. Deixo a pasta com as a\u00e7\u00f5es organizadas e em pleno funcionamento, ap\u00f3s avan\u00e7os importantes que ajudaram a transformar a hist\u00f3ria da causa animal em Navegantes. Implantamos mutir\u00f5es mensais de castra\u00e7\u00e3o, ampliamos as a\u00e7\u00f5es de vacina\u00e7\u00e3o e garantimos atendimento 24 horas pelo Daba. S\u00e3o conquistas que me deixam feliz e com a sensa\u00e7\u00e3o de dever cumprido\u201d, declarou a ex-secret\u00e1ria.<\/p>\n\n\n\n<p>O novo secret\u00e1rio assume com a proposta de dar continuidade aos servi\u00e7os e ampliar as a\u00e7\u00f5es j\u00e1 existentes, com foco no atendimento \u00e0 popula\u00e7\u00e3o e na prote\u00e7\u00e3o dos animais.<\/p>\n\n\n\n<p><\/p>\n","protected":false},"excerpt":{"rendered":"<p>Fabiano Straube de Souza assumiu a pasta. A Secretaria de Prote\u00e7\u00e3o e Cuidado Animal de Navegantes est\u00e1 sob novo comando desde quinta-feira (23). Fabiano Straube de Souza assumiu a pasta no lugar de&hellip;<\/p>\n","protected":false},"author":1,"featured_media":46927,"comment_status":"open","ping_status":"closed","sticky":false,"template":"","format":"standard","meta":{"footnotes":""},"categories":[5],"tags":[179],"class_list":["post-46926","post","type-post","status-publish","format-standard","has-post-thumbnail","hentry","category-policia","tag-politica"],"yoast_head":"<!-- This site is optimized with the Yoast SEO plugin v27.4 - https:\/\/yoast.com\/product\/yoast-seo-wordpress\/ -->\n<title>Prote\u00e7\u00e3o e Cuidado Animal tem novo secret\u00e1rio em Navegantes - Jornal nos Bairros<\/title>\n<meta name=\"robots\" content=\"index, follow, max-snippet:-1, max-image-preview:large, max-video-preview:-1\" \/>\n<link rel=\"canonical\" href=\"https:\/\/jornalnosbairros.com.br\/wp\/2026\/04\/protecao-e-cuidado-animal-tem-novo-secretario-em-navegantes\/\" \/>\n<meta property=\"og:locale\" content=\"pt_BR\" \/>\n<meta property=\"og:type\" content=\"article\" \/>\n<meta property=\"og:title\" content=\"Prote\u00e7\u00e3o e Cuidado Animal tem novo secret\u00e1rio em Navegantes - Jornal nos Bairros\" \/>\n<meta property=\"og:description\" content=\"Fabiano Straube de Souza assumiu a pasta. A Secretaria de Prote\u00e7\u00e3o e Cuidado Animal de Navegantes est\u00e1 sob novo comando desde quinta-feira (23). Fabiano Straube de Souza assumiu a pasta no lugar de&hellip;\" \/>\n<meta property=\"og:url\" content=\"https:\/\/jornalnosbairros.com.br\/wp\/2026\/04\/protecao-e-cuidado-animal-tem-novo-secretario-em-navegantes\/\" \/>\n<meta property=\"og:site_name\" content=\"Jornal nos Bairros\" \/>\n<meta property=\"article:publisher\" content=\"https:\/\/www.facebook.com\/jornalnosbairros\" \/>\n<meta property=\"article:author\" content=\"https:\/\/www.facebook.com\/jornalnosbairros\" \/>\n<meta property=\"article:published_time\" content=\"2026-04-27T12:18:06+00:00\" \/>\n<meta property=\"og:image\" content=\"https:\/\/jornalnosbairros.com.br\/wp\/wp-content\/uploads\/2026\/04\/Fabiano-Straube-de-Souza.jpg\" \/>\n\t<meta property=\"og:image:width\" content=\"1024\" \/>\n\t<meta property=\"og:image:height\" content=\"683\" \/>\n\t<meta property=\"og:image:type\" content=\"image\/jpeg\" \/>\n<meta name=\"author\" content=\"Editoria\" \/>\n<meta name=\"twitter:card\" content=\"summary_large_image\" \/>\n<meta name=\"twitter:creator\" content=\"@https:\/\/twitter.com\/jornal_bairros\" \/>\n<meta name=\"twitter:site\" content=\"@jornal_bairros\" \/>\n<meta name=\"twitter:label1\" content=\"Escrito por\" \/>\n\t<meta name=\"twitter:data1\" content=\"Editoria\" \/>\n\t<meta name=\"twitter:label2\" content=\"Est. tempo de leitura\" \/>\n\t<meta name=\"twitter:data2\" content=\"1 minuto\" \/>\n<script type=\"application\/ld+json\" class=\"yoast-schema-graph\">{\"@context\":\"https:\\\/\\\/schema.org\",\"@graph\":[{\"@type\":\"Article\",\"@id\":\"https:\\\/\\\/jornalnosbairros.com.br\\\/wp\\\/2026\\\/04\\\/protecao-e-cuidado-animal-tem-novo-secretario-em-navegantes\\\/#article\",\"isPartOf\":{\"@id\":\"https:\\\/\\\/jornalnosbairros.com.br\\\/wp\\\/2026\\\/04\\\/protecao-e-cuidado-animal-tem-novo-secretario-em-navegantes\\\/\"},\"author\":{\"name\":\"Editoria\",\"@id\":\"https:\\\/\\\/jornalnosbairros.com.br\\\/wp\\\/#\\\/schema\\\/person\\\/9a74fde2f4332c018c3b4d29a6129437\"},\"headline\":\"Prote\u00e7\u00e3o e Cuidado Animal tem novo secret\u00e1rio em Navegantes\",\"datePublished\":\"2026-04-27T12:18:06+00:00\",\"mainEntityOfPage\":{\"@id\":\"https:\\\/\\\/jornalnosbairros.com.br\\\/wp\\\/2026\\\/04\\\/protecao-e-cuidado-animal-tem-novo-secretario-em-navegantes\\\/\"},\"wordCount\":289,\"commentCount\":0,\"publisher\":{\"@id\":\"https:\\\/\\\/jornalnosbairros.com.br\\\/wp\\\/#organization\"},\"image\":{\"@id\":\"https:\\\/\\\/jornalnosbairros.com.br\\\/wp\\\/2026\\\/04\\\/protecao-e-cuidado-animal-tem-novo-secretario-em-navegantes\\\/#primaryimage\"},\"thumbnailUrl\":\"https:\\\/\\\/jornalnosbairros.com.br\\\/wp\\\/wp-content\\\/uploads\\\/2026\\\/04\\\/Fabiano-Straube-de-Souza.jpg\",\"keywords\":[\"pol\u00edtica\"],\"articleSection\":[\"POL\u00cdCIA\"],\"inLanguage\":\"pt-BR\",\"potentialAction\":[{\"@type\":\"CommentAction\",\"name\":\"Comment\",\"target\":[\"https:\\\/\\\/jornalnosbairros.com.br\\\/wp\\\/2026\\\/04\\\/protecao-e-cuidado-animal-tem-novo-secretario-em-navegantes\\\/#respond\"]}]},{\"@type\":\"WebPage\",\"@id\":\"https:\\\/\\\/jornalnosbairros.com.br\\\/wp\\\/2026\\\/04\\\/protecao-e-cuidado-animal-tem-novo-secretario-em-navegantes\\\/\",\"url\":\"https:\\\/\\\/jornalnosbairros.com.br\\\/wp\\\/2026\\\/04\\\/protecao-e-cuidado-animal-tem-novo-secretario-em-navegantes\\\/\",\"name\":\"Prote\u00e7\u00e3o e Cuidado Animal tem novo secret\u00e1rio em Navegantes - Jornal nos Bairros\",\"isPartOf\":{\"@id\":\"https:\\\/\\\/jornalnosbairros.com.br\\\/wp\\\/#website\"},\"primaryImageOfPage\":{\"@id\":\"https:\\\/\\\/jornalnosbairros.com.br\\\/wp\\\/2026\\\/04\\\/protecao-e-cuidado-animal-tem-novo-secretario-em-navegantes\\\/#primaryimage\"},\"image\":{\"@id\":\"https:\\\/\\\/jornalnosbairros.com.br\\\/wp\\\/2026\\\/04\\\/protecao-e-cuidado-animal-tem-novo-secretario-em-navegantes\\\/#primaryimage\"},\"thumbnailUrl\":\"https:\\\/\\\/jornalnosbairros.com.br\\\/wp\\\/wp-content\\\/uploads\\\/2026\\\/04\\\/Fabiano-Straube-de-Souza.jpg\",\"datePublished\":\"2026-04-27T12:18:06+00:00\",\"inLanguage\":\"pt-BR\",\"potentialAction\":[{\"@type\":\"ReadAction\",\"target\":[\"https:\\\/\\\/jornalnosbairros.com.br\\\/wp\\\/2026\\\/04\\\/protecao-e-cuidado-animal-tem-novo-secretario-em-navegantes\\\/\"]}]},{\"@type\":\"ImageObject\",\"inLanguage\":\"pt-BR\",\"@id\":\"https:\\\/\\\/jornalnosbairros.com.br\\\/wp\\\/2026\\\/04\\\/protecao-e-cuidado-animal-tem-novo-secretario-em-navegantes\\\/#primaryimage\",\"url\":\"https:\\\/\\\/jornalnosbairros.com.br\\\/wp\\\/wp-content\\\/uploads\\\/2026\\\/04\\\/Fabiano-Straube-de-Souza.jpg\",\"contentUrl\":\"https:\\\/\\\/jornalnosbairros.com.br\\\/wp\\\/wp-content\\\/uploads\\\/2026\\\/04\\\/Fabiano-Straube-de-Souza.jpg\",\"width\":1024,\"height\":683},{\"@type\":\"WebSite\",\"@id\":\"https:\\\/\\\/jornalnosbairros.com.br\\\/wp\\\/#website\",\"url\":\"https:\\\/\\\/jornalnosbairros.com.br\\\/wp\\\/\",\"name\":\"Jornal nos Bairros\",\"description\":\"Not\u00edcias di\u00e1rias de Navegantes e regi\u00e3o\",\"publisher\":{\"@id\":\"https:\\\/\\\/jornalnosbairros.com.br\\\/wp\\\/#organization\"},\"alternateName\":\"JB\",\"potentialAction\":[{\"@type\":\"SearchAction\",\"target\":{\"@type\":\"EntryPoint\",\"urlTemplate\":\"https:\\\/\\\/jornalnosbairros.com.br\\\/wp\\\/?s={search_term_string}\"},\"query-input\":{\"@type\":\"PropertyValueSpecification\",\"valueRequired\":true,\"valueName\":\"search_term_string\"}}],\"inLanguage\":\"pt-BR\"},{\"@type\":\"Organization\",\"@id\":\"https:\\\/\\\/jornalnosbairros.com.br\\\/wp\\\/#organization\",\"name\":\"Jornal nos Bairros de Navegantes\",\"url\":\"https:\\\/\\\/jornalnosbairros.com.br\\\/wp\\\/\",\"logo\":{\"@type\":\"ImageObject\",\"inLanguage\":\"pt-BR\",\"@id\":\"https:\\\/\\\/jornalnosbairros.com.br\\\/wp\\\/#\\\/schema\\\/logo\\\/image\\\/\",\"url\":\"https:\\\/\\\/jornalnosbairros.com.br\\\/wp\\\/wp-content\\\/uploads\\\/2025\\\/01\\\/LOGO-JB.png\",\"contentUrl\":\"https:\\\/\\\/jornalnosbairros.com.br\\\/wp\\\/wp-content\\\/uploads\\\/2025\\\/01\\\/LOGO-JB.png\",\"width\":168,\"height\":150,\"caption\":\"Jornal nos Bairros de Navegantes\"},\"image\":{\"@id\":\"https:\\\/\\\/jornalnosbairros.com.br\\\/wp\\\/#\\\/schema\\\/logo\\\/image\\\/\"},\"sameAs\":[\"https:\\\/\\\/www.facebook.com\\\/jornalnosbairros\",\"https:\\\/\\\/x.com\\\/jornal_bairros\",\"https:\\\/\\\/www.instagram.com\\\/jornalnosbairros\",\"https:\\\/\\\/www.youtube.com\\\/@jornalnosbairros\"]},{\"@type\":\"Person\",\"@id\":\"https:\\\/\\\/jornalnosbairros.com.br\\\/wp\\\/#\\\/schema\\\/person\\\/9a74fde2f4332c018c3b4d29a6129437\",\"name\":\"Editoria\",\"image\":{\"@type\":\"ImageObject\",\"inLanguage\":\"pt-BR\",\"@id\":\"https:\\\/\\\/secure.gravatar.com\\\/avatar\\\/b53a04b7003d01b914d43ebacd13b233f0d99ed1cb7f8cb7d8553ef90e3f466b?s=96&r=g\",\"url\":\"https:\\\/\\\/secure.gravatar.com\\\/avatar\\\/b53a04b7003d01b914d43ebacd13b233f0d99ed1cb7f8cb7d8553ef90e3f466b?s=96&r=g\",\"contentUrl\":\"https:\\\/\\\/secure.gravatar.com\\\/avatar\\\/b53a04b7003d01b914d43ebacd13b233f0d99ed1cb7f8cb7d8553ef90e3f466b?s=96&r=g\",\"caption\":\"Editoria\"},\"description\":\"Edi\u00e7\u00e3o do Jornal nos Bairros de Navegantes - Contato: fale@jornalnosbairros.com.br - Siga: @jornalnosbairros - Acesse: www.jornalnosbairros.com.br\",\"sameAs\":[\"http:\\\/\\\/www.jornalnosbairros.com.br\\\/wp\",\"https:\\\/\\\/www.facebook.com\\\/jornalnosbairros\",\"https:\\\/\\\/www.instagram.com\\\/jornalnosbairros\\\/\",\"https:\\\/\\\/x.com\\\/https:\\\/\\\/twitter.com\\\/jornal_bairros\",\"https:\\\/\\\/www.youtube.com\\\/channel\\\/UCbdZNY5wPbaBq5KtRGP4WxQ?view_as=subscriber\"],\"url\":\"https:\\\/\\\/jornalnosbairros.com.br\\\/wp\\\/author\\\/admin\\\/\"}]}<\/script>\n<!-- \/ Yoast SEO plugin. -->","yoast_head_json":{"title":"Prote\u00e7\u00e3o e Cuidado Animal tem novo secret\u00e1rio em Navegantes - Jornal nos Bairros","robots":{"index":"index","follow":"follow","max-snippet":"max-snippet:-1","max-image-preview":"max-image-preview:large","max-video-preview":"max-video-preview:-1"},"canonical":"https:\/\/jornalnosbairros.com.br\/wp\/2026\/04\/protecao-e-cuidado-animal-tem-novo-secretario-em-navegantes\/","og_locale":"pt_BR","og_type":"article","og_title":"Prote\u00e7\u00e3o e Cuidado Animal tem novo secret\u00e1rio em Navegantes - Jornal nos Bairros","og_description":"Fabiano Straube de Souza assumiu a pasta. A Secretaria de Prote\u00e7\u00e3o e Cuidado Animal de Navegantes est\u00e1 sob novo comando desde quinta-feira (23). Fabiano Straube de Souza assumiu a pasta no lugar de&hellip;","og_url":"https:\/\/jornalnosbairros.com.br\/wp\/2026\/04\/protecao-e-cuidado-animal-tem-novo-secretario-em-navegantes\/","og_site_name":"Jornal nos Bairros","article_publisher":"https:\/\/www.facebook.com\/jornalnosbairros","article_author":"https:\/\/www.facebook.com\/jornalnosbairros","article_published_time":"2026-04-27T12:18:06+00:00","og_image":[{"width":1024,"height":683,"url":"https:\/\/jornalnosbairros.com.br\/wp\/wp-content\/uploads\/2026\/04\/Fabiano-Straube-de-Souza.jpg","type":"image\/jpeg"}],"author":"Editoria","twitter_card":"summary_large_image","twitter_creator":"@https:\/\/twitter.com\/jornal_bairros","twitter_site":"@jornal_bairros","twitter_misc":{"Escrito por":"Editoria","Est. tempo de leitura":"1 minuto"},"schema":{"@context":"https:\/\/schema.org","@graph":[{"@type":"Article","@id":"https:\/\/jornalnosbairros.com.br\/wp\/2026\/04\/protecao-e-cuidado-animal-tem-novo-secretario-em-navegantes\/#article","isPartOf":{"@id":"https:\/\/jornalnosbairros.com.br\/wp\/2026\/04\/protecao-e-cuidado-animal-tem-novo-secretario-em-navegantes\/"},"author":{"name":"Editoria","@id":"https:\/\/jornalnosbairros.com.br\/wp\/#\/schema\/person\/9a74fde2f4332c018c3b4d29a6129437"},"headline":"Prote\u00e7\u00e3o e Cuidado Animal tem novo secret\u00e1rio em Navegantes","datePublished":"2026-04-27T12:18:06+00:00","mainEntityOfPage":{"@id":"https:\/\/jornalnosbairros.com.br\/wp\/2026\/04\/protecao-e-cuidado-animal-tem-novo-secretario-em-navegantes\/"},"wordCount":289,"commentCount":0,"publisher":{"@id":"https:\/\/jornalnosbairros.com.br\/wp\/#organization"},"image":{"@id":"https:\/\/jornalnosbairros.com.br\/wp\/2026\/04\/protecao-e-cuidado-animal-tem-novo-secretario-em-navegantes\/#primaryimage"},"thumbnailUrl":"https:\/\/jornalnosbairros.com.br\/wp\/wp-content\/uploads\/2026\/04\/Fabiano-Straube-de-Souza.jpg","keywords":["pol\u00edtica"],"articleSection":["POL\u00cdCIA"],"inLanguage":"pt-BR","potentialAction":[{"@type":"CommentAction","name":"Comment","target":["https:\/\/jornalnosbairros.com.br\/wp\/2026\/04\/protecao-e-cuidado-animal-tem-novo-secretario-em-navegantes\/#respond"]}]},{"@type":"WebPage","@id":"https:\/\/jornalnosbairros.com.br\/wp\/2026\/04\/protecao-e-cuidado-animal-tem-novo-secretario-em-navegantes\/","url":"https:\/\/jornalnosbairros.com.br\/wp\/2026\/04\/protecao-e-cuidado-animal-tem-novo-secretario-em-navegantes\/","name":"Prote\u00e7\u00e3o e Cuidado Animal tem novo secret\u00e1rio em Navegantes - Jornal nos Bairros","isPartOf":{"@id":"https:\/\/jornalnosbairros.com.br\/wp\/#website"},"primaryImageOfPage":{"@id":"https:\/\/jornalnosbairros.com.br\/wp\/2026\/04\/protecao-e-cuidado-animal-tem-novo-secretario-em-navegantes\/#primaryimage"},"image":{"@id":"https:\/\/jornalnosbairros.com.br\/wp\/2026\/04\/protecao-e-cuidado-animal-tem-novo-secretario-em-navegantes\/#primaryimage"},"thumbnailUrl":"https:\/\/jornalnosbairros.com.br\/wp\/wp-content\/uploads\/2026\/04\/Fabiano-Straube-de-Souza.jpg","datePublished":"2026-04-27T12:18:06+00:00","inLanguage":"pt-BR","potentialAction":[{"@type":"ReadAction","target":["https:\/\/jornalnosbairros.com.br\/wp\/2026\/04\/protecao-e-cuidado-animal-tem-novo-secretario-em-navegantes\/"]}]},{"@type":"ImageObject","inLanguage":"pt-BR","@id":"https:\/\/jornalnosbairros.com.br\/wp\/2026\/04\/protecao-e-cuidado-animal-tem-novo-secretario-em-navegantes\/#primaryimage","url":"https:\/\/jornalnosbairros.com.br\/wp\/wp-content\/uploads\/2026\/04\/Fabiano-Straube-de-Souza.jpg","contentUrl":"https:\/\/jornalnosbairros.com.br\/wp\/wp-content\/uploads\/2026\/04\/Fabiano-Straube-de-Souza.jpg","width":1024,"height":683},{"@type":"WebSite","@id":"https:\/\/jornalnosbairros.com.br\/wp\/#website","url":"https:\/\/jornalnosbairros.com.br\/wp\/","name":"Jornal nos Bairros","description":"Not\u00edcias di\u00e1rias de Navegantes e regi\u00e3o","publisher":{"@id":"https:\/\/jornalnosbairros.com.br\/wp\/#organization"},"alternateName":"JB","potentialAction":[{"@type":"SearchAction","target":{"@type":"EntryPoint","urlTemplate":"https:\/\/jornalnosbairros.com.br\/wp\/?s={search_term_string}"},"query-input":{"@type":"PropertyValueSpecification","valueRequired":true,"valueName":"search_term_string"}}],"inLanguage":"pt-BR"},{"@type":"Organization","@id":"https:\/\/jornalnosbairros.com.br\/wp\/#organization","name":"Jornal nos Bairros de Navegantes","url":"https:\/\/jornalnosbairros.com.br\/wp\/","logo":{"@type":"ImageObject","inLanguage":"pt-BR","@id":"https:\/\/jornalnosbairros.com.br\/wp\/#\/schema\/logo\/image\/","url":"https:\/\/jornalnosbairros.com.br\/wp\/wp-content\/uploads\/2025\/01\/LOGO-JB.png","contentUrl":"https:\/\/jornalnosbairros.com.br\/wp\/wp-content\/uploads\/2025\/01\/LOGO-JB.png","width":168,"height":150,"caption":"Jornal nos Bairros de Navegantes"},"image":{"@id":"https:\/\/jornalnosbairros.com.br\/wp\/#\/schema\/logo\/image\/"},"sameAs":["https:\/\/www.facebook.com\/jornalnosbairros","https:\/\/x.com\/jornal_bairros","https:\/\/www.instagram.com\/jornalnosbairros","https:\/\/www.youtube.com\/@jornalnosbairros"]},{"@type":"Person","@id":"https:\/\/jornalnosbairros.com.br\/wp\/#\/schema\/person\/9a74fde2f4332c018c3b4d29a6129437","name":"Editoria","image":{"@type":"ImageObject","inLanguage":"pt-BR","@id":"https:\/\/secure.gravatar.com\/avatar\/b53a04b7003d01b914d43ebacd13b233f0d99ed1cb7f8cb7d8553ef90e3f466b?s=96&r=g","url":"https:\/\/secure.gravatar.com\/avatar\/b53a04b7003d01b914d43ebacd13b233f0d99ed1cb7f8cb7d8553ef90e3f466b?s=96&r=g","contentUrl":"https:\/\/secure.gravatar.com\/avatar\/b53a04b7003d01b914d43ebacd13b233f0d99ed1cb7f8cb7d8553ef90e3f466b?s=96&r=g","caption":"Editoria"},"description":"Edi\u00e7\u00e3o do Jornal nos Bairros de Navegantes - Contato: fale@jornalnosbairros.com.br - Siga: @jornalnosbairros - Acesse: www.jornalnosbairros.com.br","sameAs":["http:\/\/www.jornalnosbairros.com.br\/wp","https:\/\/www.facebook.com\/jornalnosbairros","https:\/\/www.instagram.com\/jornalnosbairros\/","https:\/\/x.com\/https:\/\/twitter.com\/jornal_bairros","https:\/\/www.youtube.com\/channel\/UCbdZNY5wPbaBq5KtRGP4WxQ?view_as=subscriber"],"url":"https:\/\/jornalnosbairros.com.br\/wp\/author\/admin\/"}]}},"_links":{"self":[{"href":"https:\/\/jornalnosbairros.com.br\/wp\/wp-json\/wp\/v2\/posts\/46926","targetHints":{"allow":["GET"]}}],"collection":[{"href":"https:\/\/jornalnosbairros.com.br\/wp\/wp-json\/wp\/v2\/posts"}],"about":[{"href":"https:\/\/jornalnosbairros.com.br\/wp\/wp-json\/wp\/v2\/types\/post"}],"author":[{"embeddable":true,"href":"https:\/\/jornalnosbairros.com.br\/wp\/wp-json\/wp\/v2\/users\/1"}],"replies":[{"embeddable":true,"href":"https:\/\/jornalnosbairros.com.br\/wp\/wp-json\/wp\/v2\/comments?post=46926"}],"version-history":[{"count":1,"href":"https:\/\/jornalnosbairros.com.br\/wp\/wp-json\/wp\/v2\/posts\/46926\/revisions"}],"predecessor-version":[{"id":46928,"href":"https:\/\/jornalnosbairros.com.br\/wp\/wp-json\/wp\/v2\/posts\/46926\/revisions\/46928"}],"wp:featuredmedia":[{"embeddable":true,"href":"https:\/\/jornalnosbairros.com.br\/wp\/wp-json\/wp\/v2\/media\/46927"}],"wp:attachment":[{"href":"https:\/\/jornalnosbairros.com.br\/wp\/wp-json\/wp\/v2\/media?parent=46926"}],"wp:term":[{"taxonomy":"category","embeddable":true,"href":"https:\/\/jornalnosbairros.com.br\/wp\/wp-json\/wp\/v2\/categories?post=46926"},{"taxonomy":"post_tag","embeddable":true,"href":"https:\/\/jornalnosbairros.com.br\/wp\/wp-json\/wp\/v2\/tags?post=46926"}],"curies":[{"name":"wp","href":"https:\/\/api.w.org\/{rel}","templated":true}]}}