{"id":45836,"date":"2026-03-12T19:35:58","date_gmt":"2026-03-12T22:35:58","guid":{"rendered":"https:\/\/jornalnosbairros.com.br\/wp\/?p=45836"},"modified":"2026-03-12T19:35:59","modified_gmt":"2026-03-12T22:35:59","slug":"navegantes-recebe-festival-de-teatro-de-rua-a-partir-do-dia-16","status":"publish","type":"post","link":"https:\/\/jornalnosbairros.com.br\/wp\/2026\/03\/navegantes-recebe-festival-de-teatro-de-rua-a-partir-do-dia-16\/","title":{"rendered":"Navegantes recebe Festival de Teatro de Rua a partir do dia 16"},"content":{"rendered":"\n<p><em><strong>Programa\u00e7\u00e3o gratuita ser\u00e1 realizada em diferentes pontos da cidade e inclui espet\u00e1culos e oficinas abertas ao p\u00fablico.<\/strong><\/em><\/p>\n\n\n\n<p>O 6\u00ba Festival de Teatro de Rua de Navegantes acontece entre os dias 16 e 22 de mar\u00e7o em diferentes pontos da cidade. Promovido pela Funda\u00e7\u00e3o Cultural, o evento re\u00fane apresenta\u00e7\u00f5es ao ar livre e oficinas voltadas a quem deseja experimentar, na pr\u00e1tica, o universo das artes c\u00eanicas.<\/p>\n\n\n\n<p>As atividades ser\u00e3o conduzidas por artistas de diferentes abordagens culturais e ocorrer\u00e3o em pra\u00e7as e espa\u00e7os p\u00fablicos. A programa\u00e7\u00e3o oferece ao p\u00fablico a oportunidade de conhecer t\u00e9cnicas de express\u00e3o corporal, cria\u00e7\u00e3o c\u00eanica e produ\u00e7\u00e3o de m\u00e1scaras, al\u00e9m de espet\u00e1culos produzidos para encantar todas as idades.<\/p>\n\n\n\n<p>A abertura do festival acontece no dia 16 de mar\u00e7o, das 10h \u00e0s 12h, com a oficina \u201cC\u00edrculos M\u00e1gicos\u201d, na Pra\u00e7a do bairro S\u00e3o Paulo. A atividade ter\u00e1 ainda uma segunda sess\u00e3o no mesmo dia, a partir das 13h30. At\u00e9 o dia 19 de mar\u00e7o, outras oficinas ser\u00e3o oferecidas gratuitamente.<\/p>\n\n\n\n<p>Os espet\u00e1culos t\u00eam in\u00edcio no dia 20 de mar\u00e7o, \u00e0s 19h30, com a apresenta\u00e7\u00e3o \u201cDete nos Bairros\u201d, na Pra\u00e7a da Praia Central. A programa\u00e7\u00e3o segue com atra\u00e7\u00f5es variadas, incluindo atividades voltadas ao p\u00fablico infantil, como \u201cO Sirizinho e sua Turma\u201d, apresentado no CEU das Artes, no bairro Nossa Senhora das Gra\u00e7as, \u00e0s 16h30 do dia 21 de mar\u00e7o.<\/p>\n\n\n\n<p>Todas as atra\u00e7\u00f5es s\u00e3o abertas ao p\u00fablico. A participa\u00e7\u00e3o nas oficinas \u00e9 gratuita, mas requer inscri\u00e7\u00e3o pr\u00e9via por meio de&nbsp;<a href=\"https:\/\/culturanavegantes.portal.placarsoft.com.br\/tiposdeturmas\/20\/6%C2%B0-festival-teatro-de-rua---dona-zica\">formul\u00e1rio on-line<\/a>.<\/p>\n\n\n\n<p>Mais informa\u00e7\u00f5es podem ser obtidas pelo telefone (47) 3185-2013.<\/p>\n\n\n\n<p>Confira a seguir a programa\u00e7\u00e3o completa do festival e a agenda das oficinas.<\/p>\n\n\n\n<p><strong>PROGRAMA\u00c7\u00c3O<\/strong><\/p>\n\n\n\n<p><strong><u>20 de mar\u00e7o:<\/u><\/strong><\/p>\n\n\n\n<p><strong>19h30:<\/strong>&nbsp;Espet\u00e1culo de Abertura \u201cDete dos Bairros\u201d \u2013 Pra\u00e7a da Praia Central, Centro<\/p>\n\n\n\n<p><strong><u>21 de mar\u00e7o:<\/u><\/strong><\/p>\n\n\n\n<p><strong>Per\u00edodo da Manh\u00e3<\/strong><\/p>\n\n\n\n<p><strong>08h:<\/strong>&nbsp;Espet\u00e1culo Palha\u00e7a \u201cChica Flor\u201d \u2013 Artista Naira Demarchi\u2013 Pra\u00e7a Nossa Senhora dos Navegantes \u2013 Centro<\/p>\n\n\n\n<p><strong>08h30:<\/strong>&nbsp;Interven\u00e7\u00e3o \u201cAs Mascaras do Teatro\u201d \u2013 Artista T\u00e2nia Gollnick e Alunos da Escola de Arte Dona Bentica \u2013 Agropescarte \u2013 Pra\u00e7a dos Emancipadores, Centro<\/p>\n\n\n\n<p><strong>10h:<\/strong>&nbsp;Espet\u00e1culo \u201cCirco do Minuto \u2013 Cia Circo-\u00edris\u201d \u2013 Pra\u00e7a dos Emancipadores, Centro<\/p>\n\n\n\n<p><strong>10h:<\/strong>&nbsp;Espet\u00e1culo \u201cPIU Fora do Ninho\u201d \u2013 Cia Manipuladora de Formas ETC I Tal \u2013 Pra\u00e7a do Bairro S\u00e3o Paulo<\/p>\n\n\n\n<p><strong>Per\u00edodo da Tarde<\/strong><\/p>\n\n\n\n<p><strong>14h:&nbsp;<\/strong>Interven\u00e7\u00e3o \u201cEu Pobre Ator\u201d \u2013 Grupo TraveCia de Teatro e Alunos da Escola de Arte Dona Bentica \u2013 Pra\u00e7a dos Emancipadores, Centro<\/p>\n\n\n\n<p><strong>14h30:<\/strong>&nbsp;Interven\u00e7\u00e3o \u201cAs Mascaras do Teatro\u201d \u2013 Artista T\u00e2nia Gollnick e Alunos da Escola de Arte Dona Bentica \u2013 Agropescarte \u2013 Pra\u00e7a dos Emancipadores, Centro<\/p>\n\n\n\n<p><strong>15h:<\/strong>&nbsp;Interven\u00e7\u00e3o com Perna de Pau \u2013 Pra\u00e7a dos Emancipadores, Centro<\/p>\n\n\n\n<p><strong>16h30:<\/strong>&nbsp;O Sirizinho e sua Turma \u2013 CEU das Artes \u2013 Bairro Nossa Sra. Das Gra\u00e7as. Classifica\u00e7\u00e3o livre<\/p>\n\n\n\n<p><strong>17h:&nbsp;<\/strong>Espet\u00e1culo de Circo Teatro \u201cTodo Lugar \u00e9 Um Circo\u201d \u2013 Grupo Circo N\u00f3s e Um Rio de Serestas com Luiz Joaquim dos Santos e M\u00e1rcio Fulber \u2013&nbsp;Espa\u00e7o de Contempla\u00e7\u00e3o \u2013 S\u00e3o Pedro<\/p>\n\n\n\n<p><strong>19h:<\/strong>&nbsp;Espet\u00e1culo \u201cPIU Fora do Ninho\u201d \u2013 Cia Manipuladora de Formas ETC I Tal \u2013 Pra\u00e7a da Praia Central \u2013 Centro<\/p>\n\n\n\n<p><strong><u>22 de mar\u00e7o:<\/u><\/strong><\/p>\n\n\n\n<p><strong>Per\u00edodo da Tarde<\/strong><\/p>\n\n\n\n<p><strong>15h:<\/strong>&nbsp;Espet\u00e1culo \u201cCirco do Ben\u201d\u2013 Grupo Cobaia \u2013 Pra\u00e7a Professora Mar\u00edlia Soares \u2013 Gravat\u00e1. Classifica\u00e7\u00e3o livre<\/p>\n\n\n\n<p><strong>16h:&nbsp;<\/strong>\u2013 Piquenique do Festival (traga sua cesta e venha aproveitar o festival) \u2013 Pra\u00e7a Professora Mar\u00edlia Soares \u2013 Gravat\u00e1<\/p>\n\n\n\n<p><strong>18h:<\/strong>&nbsp;Espet\u00e1culo \u201cL\u00e1 Vem o Boi\u201d \u2013 apresentar\u00e1 o folguedo do Boi de Mam\u00e3o, Pra\u00e7a Professora Mar\u00edlia Soares \u2013 Gravat\u00e1<\/p>\n\n\n\n<p><strong>18h:&nbsp;<\/strong>Espet\u00e1culo \u201cBa\u00fa M\u00e1gico\u201d \u2013 Circo Martinez \u2013 Pra\u00e7a da Praia Central \u2013 Centro<\/p>\n\n\n\n<p><strong>19h30<\/strong>: Espet\u00e1culo \u201cDete nos Bairros\u201d \u2013 Pra\u00e7a Professora Mar\u00edlia Soares \u2013 Gravat\u00e1<\/p>\n\n\n\n<p><strong>OFICINAS<\/strong><\/p>\n\n\n\n<p><strong><u>16 de mar\u00e7o:<\/u><\/strong><\/p>\n\n\n\n<p><strong>10h \u00e0s 12h:&nbsp;<\/strong>Oficina C\u00edrculos M\u00e1gicos com Jacqueline dos Santos Martinez \u2013 Pra\u00e7a do bairro S\u00e3o Paulo<\/p>\n\n\n\n<p><strong>13h30 \u00e0s 15h30:<\/strong>&nbsp;Oficina C\u00edrculos M\u00e1gicos com Jacqueline dos Santos Martinez \u2013 Pra\u00e7a do bairro S\u00e3o Paulo<\/p>\n\n\n\n<p><strong><u>17 de mar\u00e7o<\/u><\/strong>:<\/p>\n\n\n\n<p><strong>Oficina de Mascaras com&nbsp;<\/strong>T\u00e2nia Gollnick<strong><\/strong><\/p>\n\n\n\n<p><strong>18h \u00e0s 21h:&nbsp;<\/strong>Oficina de M\u00e1scaras com T\u00e2nia Gollnick \u2013 Centro Integrado de Cultura de Navegantes (CIC)<\/p>\n\n\n\n<p><strong><u>18 de mar\u00e7o<\/u><\/strong>:<\/p>\n\n\n\n<p><strong>19h \u00e0s 21h:<\/strong>&nbsp;Oficina \u201cTeatro, Territ\u00f3rio e Travessias\u201d com Denise da Luz \u2013 Centro Integrado de Cultura de Navegantes (CIC)<\/p>\n\n\n\n<p><strong><u>19 de mar\u00e7o<\/u><\/strong>:<\/p>\n\n\n\n<p><strong>18h \u00e0s 21h:<\/strong>&nbsp;Oficina de Musicalidade C\u00eanica com Eduarda Assump\u00e7\u00e3o e Gabriela Travaglia \u2013 Pra\u00e7a do bairro S\u00e3o Paulo<\/p>\n","protected":false},"excerpt":{"rendered":"<p>Programa\u00e7\u00e3o gratuita ser\u00e1 realizada em diferentes pontos da cidade e inclui espet\u00e1culos e oficinas abertas ao p\u00fablico. O 6\u00ba Festival de Teatro de Rua de Navegantes acontece entre os dias 16 e 22&hellip;<\/p>\n","protected":false},"author":1,"featured_media":45837,"comment_status":"open","ping_status":"closed","sticky":false,"template":"","format":"standard","meta":{"footnotes":""},"categories":[691],"tags":[144],"class_list":["post-45836","post","type-post","status-publish","format-standard","has-post-thumbnail","hentry","category-cultura","tag-cultura"],"yoast_head":"<!-- This site is optimized with the Yoast SEO plugin v27.5 - https:\/\/yoast.com\/product\/yoast-seo-wordpress\/ -->\n<title>Navegantes recebe Festival de Teatro de Rua a partir do dia 16 - Jornal nos Bairros<\/title>\n<meta name=\"description\" content=\"O 6\u00ba Festival de Teatro de Rua de Navegantes acontece entre os dias 16 e 22 de mar\u00e7o em diferentes pontos da cidade.\" \/>\n<meta name=\"robots\" content=\"index, follow, max-snippet:-1, max-image-preview:large, max-video-preview:-1\" \/>\n<link rel=\"canonical\" href=\"https:\/\/jornalnosbairros.com.br\/wp\/2026\/03\/navegantes-recebe-festival-de-teatro-de-rua-a-partir-do-dia-16\/\" \/>\n<meta property=\"og:locale\" content=\"pt_BR\" \/>\n<meta property=\"og:type\" content=\"article\" \/>\n<meta property=\"og:title\" content=\"Navegantes recebe Festival de Teatro de Rua a partir do dia 16 - Jornal nos Bairros\" \/>\n<meta property=\"og:description\" content=\"O 6\u00ba Festival de Teatro de Rua de Navegantes acontece entre os dias 16 e 22 de mar\u00e7o em diferentes pontos da cidade.\" \/>\n<meta property=\"og:url\" content=\"https:\/\/jornalnosbairros.com.br\/wp\/2026\/03\/navegantes-recebe-festival-de-teatro-de-rua-a-partir-do-dia-16\/\" \/>\n<meta property=\"og:site_name\" content=\"Jornal nos Bairros\" \/>\n<meta property=\"article:publisher\" content=\"https:\/\/www.facebook.com\/jornalnosbairros\" \/>\n<meta property=\"article:author\" content=\"https:\/\/www.facebook.com\/jornalnosbairros\" \/>\n<meta property=\"article:published_time\" content=\"2026-03-12T22:35:58+00:00\" \/>\n<meta property=\"article:modified_time\" content=\"2026-03-12T22:35:59+00:00\" \/>\n<meta property=\"og:image\" content=\"https:\/\/jornalnosbairros.com.br\/wp\/wp-content\/uploads\/2026\/03\/Navegantes-recebe-Festival-de-Teatro-de-Rua-a-partir-do-dia-16.jpg\" \/>\n\t<meta property=\"og:image:width\" content=\"1000\" \/>\n\t<meta property=\"og:image:height\" content=\"667\" \/>\n\t<meta property=\"og:image:type\" content=\"image\/jpeg\" \/>\n<meta name=\"author\" content=\"Editoria\" \/>\n<meta name=\"twitter:card\" content=\"summary_large_image\" \/>\n<meta name=\"twitter:creator\" content=\"@https:\/\/twitter.com\/jornal_bairros\" \/>\n<meta name=\"twitter:site\" content=\"@jornal_bairros\" \/>\n<meta name=\"twitter:label1\" content=\"Escrito por\" \/>\n\t<meta name=\"twitter:data1\" content=\"Editoria\" \/>\n\t<meta name=\"twitter:label2\" content=\"Est. tempo de leitura\" \/>\n\t<meta name=\"twitter:data2\" content=\"4 minutos\" \/>\n<script type=\"application\/ld+json\" class=\"yoast-schema-graph\">{\"@context\":\"https:\\\/\\\/schema.org\",\"@graph\":[{\"@type\":\"Article\",\"@id\":\"https:\\\/\\\/jornalnosbairros.com.br\\\/wp\\\/2026\\\/03\\\/navegantes-recebe-festival-de-teatro-de-rua-a-partir-do-dia-16\\\/#article\",\"isPartOf\":{\"@id\":\"https:\\\/\\\/jornalnosbairros.com.br\\\/wp\\\/2026\\\/03\\\/navegantes-recebe-festival-de-teatro-de-rua-a-partir-do-dia-16\\\/\"},\"author\":{\"name\":\"Editoria\",\"@id\":\"https:\\\/\\\/jornalnosbairros.com.br\\\/wp\\\/#\\\/schema\\\/person\\\/9a74fde2f4332c018c3b4d29a6129437\"},\"headline\":\"Navegantes recebe Festival de Teatro de Rua a partir do dia 16\",\"datePublished\":\"2026-03-12T22:35:58+00:00\",\"dateModified\":\"2026-03-12T22:35:59+00:00\",\"mainEntityOfPage\":{\"@id\":\"https:\\\/\\\/jornalnosbairros.com.br\\\/wp\\\/2026\\\/03\\\/navegantes-recebe-festival-de-teatro-de-rua-a-partir-do-dia-16\\\/\"},\"wordCount\":793,\"commentCount\":0,\"publisher\":{\"@id\":\"https:\\\/\\\/jornalnosbairros.com.br\\\/wp\\\/#organization\"},\"image\":{\"@id\":\"https:\\\/\\\/jornalnosbairros.com.br\\\/wp\\\/2026\\\/03\\\/navegantes-recebe-festival-de-teatro-de-rua-a-partir-do-dia-16\\\/#primaryimage\"},\"thumbnailUrl\":\"https:\\\/\\\/jornalnosbairros.com.br\\\/wp\\\/wp-content\\\/uploads\\\/2026\\\/03\\\/Navegantes-recebe-Festival-de-Teatro-de-Rua-a-partir-do-dia-16.jpg\",\"keywords\":[\"cultura\"],\"articleSection\":[\"CULTURA\"],\"inLanguage\":\"pt-BR\",\"potentialAction\":[{\"@type\":\"CommentAction\",\"name\":\"Comment\",\"target\":[\"https:\\\/\\\/jornalnosbairros.com.br\\\/wp\\\/2026\\\/03\\\/navegantes-recebe-festival-de-teatro-de-rua-a-partir-do-dia-16\\\/#respond\"]}]},{\"@type\":\"WebPage\",\"@id\":\"https:\\\/\\\/jornalnosbairros.com.br\\\/wp\\\/2026\\\/03\\\/navegantes-recebe-festival-de-teatro-de-rua-a-partir-do-dia-16\\\/\",\"url\":\"https:\\\/\\\/jornalnosbairros.com.br\\\/wp\\\/2026\\\/03\\\/navegantes-recebe-festival-de-teatro-de-rua-a-partir-do-dia-16\\\/\",\"name\":\"Navegantes recebe Festival de Teatro de Rua a partir do dia 16 - Jornal nos Bairros\",\"isPartOf\":{\"@id\":\"https:\\\/\\\/jornalnosbairros.com.br\\\/wp\\\/#website\"},\"primaryImageOfPage\":{\"@id\":\"https:\\\/\\\/jornalnosbairros.com.br\\\/wp\\\/2026\\\/03\\\/navegantes-recebe-festival-de-teatro-de-rua-a-partir-do-dia-16\\\/#primaryimage\"},\"image\":{\"@id\":\"https:\\\/\\\/jornalnosbairros.com.br\\\/wp\\\/2026\\\/03\\\/navegantes-recebe-festival-de-teatro-de-rua-a-partir-do-dia-16\\\/#primaryimage\"},\"thumbnailUrl\":\"https:\\\/\\\/jornalnosbairros.com.br\\\/wp\\\/wp-content\\\/uploads\\\/2026\\\/03\\\/Navegantes-recebe-Festival-de-Teatro-de-Rua-a-partir-do-dia-16.jpg\",\"datePublished\":\"2026-03-12T22:35:58+00:00\",\"dateModified\":\"2026-03-12T22:35:59+00:00\",\"description\":\"O 6\u00ba Festival de Teatro de Rua de Navegantes acontece entre os dias 16 e 22 de mar\u00e7o em diferentes pontos da cidade.\",\"inLanguage\":\"pt-BR\",\"potentialAction\":[{\"@type\":\"ReadAction\",\"target\":[\"https:\\\/\\\/jornalnosbairros.com.br\\\/wp\\\/2026\\\/03\\\/navegantes-recebe-festival-de-teatro-de-rua-a-partir-do-dia-16\\\/\"]}]},{\"@type\":\"ImageObject\",\"inLanguage\":\"pt-BR\",\"@id\":\"https:\\\/\\\/jornalnosbairros.com.br\\\/wp\\\/2026\\\/03\\\/navegantes-recebe-festival-de-teatro-de-rua-a-partir-do-dia-16\\\/#primaryimage\",\"url\":\"https:\\\/\\\/jornalnosbairros.com.br\\\/wp\\\/wp-content\\\/uploads\\\/2026\\\/03\\\/Navegantes-recebe-Festival-de-Teatro-de-Rua-a-partir-do-dia-16.jpg\",\"contentUrl\":\"https:\\\/\\\/jornalnosbairros.com.br\\\/wp\\\/wp-content\\\/uploads\\\/2026\\\/03\\\/Navegantes-recebe-Festival-de-Teatro-de-Rua-a-partir-do-dia-16.jpg\",\"width\":1000,\"height\":667},{\"@type\":\"WebSite\",\"@id\":\"https:\\\/\\\/jornalnosbairros.com.br\\\/wp\\\/#website\",\"url\":\"https:\\\/\\\/jornalnosbairros.com.br\\\/wp\\\/\",\"name\":\"Jornal nos Bairros\",\"description\":\"Not\u00edcias di\u00e1rias de Navegantes e regi\u00e3o\",\"publisher\":{\"@id\":\"https:\\\/\\\/jornalnosbairros.com.br\\\/wp\\\/#organization\"},\"alternateName\":\"JB\",\"potentialAction\":[{\"@type\":\"SearchAction\",\"target\":{\"@type\":\"EntryPoint\",\"urlTemplate\":\"https:\\\/\\\/jornalnosbairros.com.br\\\/wp\\\/?s={search_term_string}\"},\"query-input\":{\"@type\":\"PropertyValueSpecification\",\"valueRequired\":true,\"valueName\":\"search_term_string\"}}],\"inLanguage\":\"pt-BR\"},{\"@type\":\"Organization\",\"@id\":\"https:\\\/\\\/jornalnosbairros.com.br\\\/wp\\\/#organization\",\"name\":\"Jornal nos Bairros de Navegantes\",\"url\":\"https:\\\/\\\/jornalnosbairros.com.br\\\/wp\\\/\",\"logo\":{\"@type\":\"ImageObject\",\"inLanguage\":\"pt-BR\",\"@id\":\"https:\\\/\\\/jornalnosbairros.com.br\\\/wp\\\/#\\\/schema\\\/logo\\\/image\\\/\",\"url\":\"https:\\\/\\\/jornalnosbairros.com.br\\\/wp\\\/wp-content\\\/uploads\\\/2025\\\/01\\\/LOGO-JB.png\",\"contentUrl\":\"https:\\\/\\\/jornalnosbairros.com.br\\\/wp\\\/wp-content\\\/uploads\\\/2025\\\/01\\\/LOGO-JB.png\",\"width\":168,\"height\":150,\"caption\":\"Jornal nos Bairros de Navegantes\"},\"image\":{\"@id\":\"https:\\\/\\\/jornalnosbairros.com.br\\\/wp\\\/#\\\/schema\\\/logo\\\/image\\\/\"},\"sameAs\":[\"https:\\\/\\\/www.facebook.com\\\/jornalnosbairros\",\"https:\\\/\\\/x.com\\\/jornal_bairros\",\"https:\\\/\\\/www.instagram.com\\\/jornalnosbairros\",\"https:\\\/\\\/www.youtube.com\\\/@jornalnosbairros\"]},{\"@type\":\"Person\",\"@id\":\"https:\\\/\\\/jornalnosbairros.com.br\\\/wp\\\/#\\\/schema\\\/person\\\/9a74fde2f4332c018c3b4d29a6129437\",\"name\":\"Editoria\",\"image\":{\"@type\":\"ImageObject\",\"inLanguage\":\"pt-BR\",\"@id\":\"https:\\\/\\\/secure.gravatar.com\\\/avatar\\\/b53a04b7003d01b914d43ebacd13b233f0d99ed1cb7f8cb7d8553ef90e3f466b?s=96&r=g\",\"url\":\"https:\\\/\\\/secure.gravatar.com\\\/avatar\\\/b53a04b7003d01b914d43ebacd13b233f0d99ed1cb7f8cb7d8553ef90e3f466b?s=96&r=g\",\"contentUrl\":\"https:\\\/\\\/secure.gravatar.com\\\/avatar\\\/b53a04b7003d01b914d43ebacd13b233f0d99ed1cb7f8cb7d8553ef90e3f466b?s=96&r=g\",\"caption\":\"Editoria\"},\"description\":\"Edi\u00e7\u00e3o do Jornal nos Bairros de Navegantes - Contato: fale@jornalnosbairros.com.br - Siga: @jornalnosbairros - Acesse: www.jornalnosbairros.com.br\",\"sameAs\":[\"http:\\\/\\\/www.jornalnosbairros.com.br\\\/wp\",\"https:\\\/\\\/www.facebook.com\\\/jornalnosbairros\",\"https:\\\/\\\/www.instagram.com\\\/jornalnosbairros\\\/\",\"https:\\\/\\\/x.com\\\/https:\\\/\\\/twitter.com\\\/jornal_bairros\",\"https:\\\/\\\/www.youtube.com\\\/channel\\\/UCbdZNY5wPbaBq5KtRGP4WxQ?view_as=subscriber\"],\"url\":\"https:\\\/\\\/jornalnosbairros.com.br\\\/wp\\\/author\\\/admin\\\/\"}]}<\/script>\n<!-- \/ Yoast SEO plugin. -->","yoast_head_json":{"title":"Navegantes recebe Festival de Teatro de Rua a partir do dia 16 - Jornal nos Bairros","description":"O 6\u00ba Festival de Teatro de Rua de Navegantes acontece entre os dias 16 e 22 de mar\u00e7o em diferentes pontos da cidade.","robots":{"index":"index","follow":"follow","max-snippet":"max-snippet:-1","max-image-preview":"max-image-preview:large","max-video-preview":"max-video-preview:-1"},"canonical":"https:\/\/jornalnosbairros.com.br\/wp\/2026\/03\/navegantes-recebe-festival-de-teatro-de-rua-a-partir-do-dia-16\/","og_locale":"pt_BR","og_type":"article","og_title":"Navegantes recebe Festival de Teatro de Rua a partir do dia 16 - Jornal nos Bairros","og_description":"O 6\u00ba Festival de Teatro de Rua de Navegantes acontece entre os dias 16 e 22 de mar\u00e7o em diferentes pontos da cidade.","og_url":"https:\/\/jornalnosbairros.com.br\/wp\/2026\/03\/navegantes-recebe-festival-de-teatro-de-rua-a-partir-do-dia-16\/","og_site_name":"Jornal nos Bairros","article_publisher":"https:\/\/www.facebook.com\/jornalnosbairros","article_author":"https:\/\/www.facebook.com\/jornalnosbairros","article_published_time":"2026-03-12T22:35:58+00:00","article_modified_time":"2026-03-12T22:35:59+00:00","og_image":[{"width":1000,"height":667,"url":"https:\/\/jornalnosbairros.com.br\/wp\/wp-content\/uploads\/2026\/03\/Navegantes-recebe-Festival-de-Teatro-de-Rua-a-partir-do-dia-16.jpg","type":"image\/jpeg"}],"author":"Editoria","twitter_card":"summary_large_image","twitter_creator":"@https:\/\/twitter.com\/jornal_bairros","twitter_site":"@jornal_bairros","twitter_misc":{"Escrito por":"Editoria","Est. tempo de leitura":"4 minutos"},"schema":{"@context":"https:\/\/schema.org","@graph":[{"@type":"Article","@id":"https:\/\/jornalnosbairros.com.br\/wp\/2026\/03\/navegantes-recebe-festival-de-teatro-de-rua-a-partir-do-dia-16\/#article","isPartOf":{"@id":"https:\/\/jornalnosbairros.com.br\/wp\/2026\/03\/navegantes-recebe-festival-de-teatro-de-rua-a-partir-do-dia-16\/"},"author":{"name":"Editoria","@id":"https:\/\/jornalnosbairros.com.br\/wp\/#\/schema\/person\/9a74fde2f4332c018c3b4d29a6129437"},"headline":"Navegantes recebe Festival de Teatro de Rua a partir do dia 16","datePublished":"2026-03-12T22:35:58+00:00","dateModified":"2026-03-12T22:35:59+00:00","mainEntityOfPage":{"@id":"https:\/\/jornalnosbairros.com.br\/wp\/2026\/03\/navegantes-recebe-festival-de-teatro-de-rua-a-partir-do-dia-16\/"},"wordCount":793,"commentCount":0,"publisher":{"@id":"https:\/\/jornalnosbairros.com.br\/wp\/#organization"},"image":{"@id":"https:\/\/jornalnosbairros.com.br\/wp\/2026\/03\/navegantes-recebe-festival-de-teatro-de-rua-a-partir-do-dia-16\/#primaryimage"},"thumbnailUrl":"https:\/\/jornalnosbairros.com.br\/wp\/wp-content\/uploads\/2026\/03\/Navegantes-recebe-Festival-de-Teatro-de-Rua-a-partir-do-dia-16.jpg","keywords":["cultura"],"articleSection":["CULTURA"],"inLanguage":"pt-BR","potentialAction":[{"@type":"CommentAction","name":"Comment","target":["https:\/\/jornalnosbairros.com.br\/wp\/2026\/03\/navegantes-recebe-festival-de-teatro-de-rua-a-partir-do-dia-16\/#respond"]}]},{"@type":"WebPage","@id":"https:\/\/jornalnosbairros.com.br\/wp\/2026\/03\/navegantes-recebe-festival-de-teatro-de-rua-a-partir-do-dia-16\/","url":"https:\/\/jornalnosbairros.com.br\/wp\/2026\/03\/navegantes-recebe-festival-de-teatro-de-rua-a-partir-do-dia-16\/","name":"Navegantes recebe Festival de Teatro de Rua a partir do dia 16 - Jornal nos Bairros","isPartOf":{"@id":"https:\/\/jornalnosbairros.com.br\/wp\/#website"},"primaryImageOfPage":{"@id":"https:\/\/jornalnosbairros.com.br\/wp\/2026\/03\/navegantes-recebe-festival-de-teatro-de-rua-a-partir-do-dia-16\/#primaryimage"},"image":{"@id":"https:\/\/jornalnosbairros.com.br\/wp\/2026\/03\/navegantes-recebe-festival-de-teatro-de-rua-a-partir-do-dia-16\/#primaryimage"},"thumbnailUrl":"https:\/\/jornalnosbairros.com.br\/wp\/wp-content\/uploads\/2026\/03\/Navegantes-recebe-Festival-de-Teatro-de-Rua-a-partir-do-dia-16.jpg","datePublished":"2026-03-12T22:35:58+00:00","dateModified":"2026-03-12T22:35:59+00:00","description":"O 6\u00ba Festival de Teatro de Rua de Navegantes acontece entre os dias 16 e 22 de mar\u00e7o em diferentes pontos da cidade.","inLanguage":"pt-BR","potentialAction":[{"@type":"ReadAction","target":["https:\/\/jornalnosbairros.com.br\/wp\/2026\/03\/navegantes-recebe-festival-de-teatro-de-rua-a-partir-do-dia-16\/"]}]},{"@type":"ImageObject","inLanguage":"pt-BR","@id":"https:\/\/jornalnosbairros.com.br\/wp\/2026\/03\/navegantes-recebe-festival-de-teatro-de-rua-a-partir-do-dia-16\/#primaryimage","url":"https:\/\/jornalnosbairros.com.br\/wp\/wp-content\/uploads\/2026\/03\/Navegantes-recebe-Festival-de-Teatro-de-Rua-a-partir-do-dia-16.jpg","contentUrl":"https:\/\/jornalnosbairros.com.br\/wp\/wp-content\/uploads\/2026\/03\/Navegantes-recebe-Festival-de-Teatro-de-Rua-a-partir-do-dia-16.jpg","width":1000,"height":667},{"@type":"WebSite","@id":"https:\/\/jornalnosbairros.com.br\/wp\/#website","url":"https:\/\/jornalnosbairros.com.br\/wp\/","name":"Jornal nos Bairros","description":"Not\u00edcias di\u00e1rias de Navegantes e regi\u00e3o","publisher":{"@id":"https:\/\/jornalnosbairros.com.br\/wp\/#organization"},"alternateName":"JB","potentialAction":[{"@type":"SearchAction","target":{"@type":"EntryPoint","urlTemplate":"https:\/\/jornalnosbairros.com.br\/wp\/?s={search_term_string}"},"query-input":{"@type":"PropertyValueSpecification","valueRequired":true,"valueName":"search_term_string"}}],"inLanguage":"pt-BR"},{"@type":"Organization","@id":"https:\/\/jornalnosbairros.com.br\/wp\/#organization","name":"Jornal nos Bairros de Navegantes","url":"https:\/\/jornalnosbairros.com.br\/wp\/","logo":{"@type":"ImageObject","inLanguage":"pt-BR","@id":"https:\/\/jornalnosbairros.com.br\/wp\/#\/schema\/logo\/image\/","url":"https:\/\/jornalnosbairros.com.br\/wp\/wp-content\/uploads\/2025\/01\/LOGO-JB.png","contentUrl":"https:\/\/jornalnosbairros.com.br\/wp\/wp-content\/uploads\/2025\/01\/LOGO-JB.png","width":168,"height":150,"caption":"Jornal nos Bairros de Navegantes"},"image":{"@id":"https:\/\/jornalnosbairros.com.br\/wp\/#\/schema\/logo\/image\/"},"sameAs":["https:\/\/www.facebook.com\/jornalnosbairros","https:\/\/x.com\/jornal_bairros","https:\/\/www.instagram.com\/jornalnosbairros","https:\/\/www.youtube.com\/@jornalnosbairros"]},{"@type":"Person","@id":"https:\/\/jornalnosbairros.com.br\/wp\/#\/schema\/person\/9a74fde2f4332c018c3b4d29a6129437","name":"Editoria","image":{"@type":"ImageObject","inLanguage":"pt-BR","@id":"https:\/\/secure.gravatar.com\/avatar\/b53a04b7003d01b914d43ebacd13b233f0d99ed1cb7f8cb7d8553ef90e3f466b?s=96&r=g","url":"https:\/\/secure.gravatar.com\/avatar\/b53a04b7003d01b914d43ebacd13b233f0d99ed1cb7f8cb7d8553ef90e3f466b?s=96&r=g","contentUrl":"https:\/\/secure.gravatar.com\/avatar\/b53a04b7003d01b914d43ebacd13b233f0d99ed1cb7f8cb7d8553ef90e3f466b?s=96&r=g","caption":"Editoria"},"description":"Edi\u00e7\u00e3o do Jornal nos Bairros de Navegantes - Contato: fale@jornalnosbairros.com.br - Siga: @jornalnosbairros - Acesse: www.jornalnosbairros.com.br","sameAs":["http:\/\/www.jornalnosbairros.com.br\/wp","https:\/\/www.facebook.com\/jornalnosbairros","https:\/\/www.instagram.com\/jornalnosbairros\/","https:\/\/x.com\/https:\/\/twitter.com\/jornal_bairros","https:\/\/www.youtube.com\/channel\/UCbdZNY5wPbaBq5KtRGP4WxQ?view_as=subscriber"],"url":"https:\/\/jornalnosbairros.com.br\/wp\/author\/admin\/"}]}},"_links":{"self":[{"href":"https:\/\/jornalnosbairros.com.br\/wp\/wp-json\/wp\/v2\/posts\/45836","targetHints":{"allow":["GET"]}}],"collection":[{"href":"https:\/\/jornalnosbairros.com.br\/wp\/wp-json\/wp\/v2\/posts"}],"about":[{"href":"https:\/\/jornalnosbairros.com.br\/wp\/wp-json\/wp\/v2\/types\/post"}],"author":[{"embeddable":true,"href":"https:\/\/jornalnosbairros.com.br\/wp\/wp-json\/wp\/v2\/users\/1"}],"replies":[{"embeddable":true,"href":"https:\/\/jornalnosbairros.com.br\/wp\/wp-json\/wp\/v2\/comments?post=45836"}],"version-history":[{"count":1,"href":"https:\/\/jornalnosbairros.com.br\/wp\/wp-json\/wp\/v2\/posts\/45836\/revisions"}],"predecessor-version":[{"id":45838,"href":"https:\/\/jornalnosbairros.com.br\/wp\/wp-json\/wp\/v2\/posts\/45836\/revisions\/45838"}],"wp:featuredmedia":[{"embeddable":true,"href":"https:\/\/jornalnosbairros.com.br\/wp\/wp-json\/wp\/v2\/media\/45837"}],"wp:attachment":[{"href":"https:\/\/jornalnosbairros.com.br\/wp\/wp-json\/wp\/v2\/media?parent=45836"}],"wp:term":[{"taxonomy":"category","embeddable":true,"href":"https:\/\/jornalnosbairros.com.br\/wp\/wp-json\/wp\/v2\/categories?post=45836"},{"taxonomy":"post_tag","embeddable":true,"href":"https:\/\/jornalnosbairros.com.br\/wp\/wp-json\/wp\/v2\/tags?post=45836"}],"curies":[{"name":"wp","href":"https:\/\/api.w.org\/{rel}","templated":true}]}}