{"id":45820,"date":"2026-03-12T08:00:48","date_gmt":"2026-03-12T11:00:48","guid":{"rendered":"https:\/\/jornalnosbairros.com.br\/wp\/?p=45820"},"modified":"2026-03-11T19:40:10","modified_gmt":"2026-03-11T22:40:10","slug":"a-quem-interessa-a-guerra-contra-o-ira","status":"publish","type":"post","link":"https:\/\/jornalnosbairros.com.br\/wp\/2026\/03\/a-quem-interessa-a-guerra-contra-o-ira\/","title":{"rendered":"A quem interessa a guerra contra o Ir\u00e3?"},"content":{"rendered":"\n<div class=\"wp-block-media-text is-stacked-on-mobile\" style=\"grid-template-columns:22% auto\"><figure class=\"wp-block-media-text__media\"><img decoding=\"async\" width=\"629\" height=\"630\" data-src=\"https:\/\/jornalnosbairros.com.br\/wp\/wp-content\/uploads\/2024\/02\/logo-academia-nova-2.jpg\" alt=\"\" class=\"wp-image-28757 size-full lazyload\" data-srcset=\"https:\/\/jornalnosbairros.com.br\/wp\/wp-content\/uploads\/2024\/02\/logo-academia-nova-2.jpg 629w, https:\/\/jornalnosbairros.com.br\/wp\/wp-content\/uploads\/2024\/02\/logo-academia-nova-2-300x300.jpg 300w, https:\/\/jornalnosbairros.com.br\/wp\/wp-content\/uploads\/2024\/02\/logo-academia-nova-2-150x150.jpg 150w\" data-sizes=\"(max-width: 629px) 100vw, 629px\" src=\"data:image\/svg+xml;base64,PHN2ZyB3aWR0aD0iMSIgaGVpZ2h0PSIxIiB4bWxucz0iaHR0cDovL3d3dy53My5vcmcvMjAwMC9zdmciPjwvc3ZnPg==\" style=\"--smush-placeholder-width: 629px; --smush-placeholder-aspect-ratio: 629\/630;\" \/><\/figure><div class=\"wp-block-media-text__content\">\n<p><strong>ACADEMIA DE LETRAS DO BRASIL DE SANTA CATARINA \u2013 SECCIONAL NAVEGANTES<\/strong>&nbsp;<\/p>\n\n\n\n<p><em><strong>Acad\u00eamico: Jornalista Fernando Cardoso de Souza, cadeira n. 4<\/strong><\/em><\/p>\n<\/div><\/div>\n\n\n\n<p>Um dos principais assuntos que est\u00e3o dominando o notici\u00e1rio internacional nos \u00faltimos dias \u00e9 a guerra declarada que os Estados Unidos e Israel lan\u00e7aram contra o Ir\u00e3, causando destrui\u00e7\u00e3o, mortes e medo para quem vive naquela regi\u00e3o e em boa parte do Oriente M\u00e9dio.<\/p>\n\n\n\n<p>Se n\u00e3o bastasse j\u00e1 tudo de ruim que acontece no mundo, como desastres naturais, mis\u00e9ria, pandemias e desigualdades, o \u201chomem\u201d ainda sempre d\u00e1 um jeito de piorar tudo, usando a intelig\u00eancia (humana e agora tamb\u00e9m a artificial) para come\u00e7ar uma guerra e desestabilizar o planeta inteiro.<\/p>\n\n\n\n<p><em>Mas, a quem interessa esta guerra contra o Ir\u00e3?<\/em><\/p>\n\n\n\n<p>Ser\u00e1 que os Estados Unidos ficaram com \u201cinveja\u201d da R\u00fassia, que est\u00e1 em conflito com a Ucr\u00e2nia h\u00e1 mais de quatro anos, e resolveram fazer a sua pr\u00f3pria guerra, para mostrar todo o seu poderio b\u00e9lico e reafirmar sua lideran\u00e7a como pot\u00eancia mundial?<\/p>\n\n\n\n<p>Claro que todos os envolvidos t\u00eam seus interesses e esta guerra n\u00e3o pode ser compreendida apenas como um confronto militar direto entre estes pa\u00edses. Para os pa\u00edses diretamente envolvidos, a guerra pode servir como instrumento de afirma\u00e7\u00e3o pol\u00edtica e estrat\u00e9gica. Os Estados Unidos buscam manter sua influ\u00eancia no Oriente M\u00e9dio e conter a expans\u00e3o da influ\u00eancia iraniana na regi\u00e3o. Israel, por sua vez, v\u00ea o Ir\u00e3 como uma amea\u00e7a existencial, especialmente devido ao seu programa nuclear e ao apoio iraniano a grupos extremistas armados e hostis ao Estado israelense.<\/p>\n\n\n\n<p>Do outro lado, o Ir\u00e3 procura fortalecer sua posi\u00e7\u00e3o regional e desafiar a hegemonia norte-americana. Um confronto direto tamb\u00e9m pode ser usado internamente como forma de mobilizar a popula\u00e7\u00e3o em torno do governo diante de press\u00f5es externas, mesmo que isso custe vidas.<\/p>\n\n\n\n<p>Al\u00e9m dos pa\u00edses envolvidos, existem outros atores que podem se beneficiar indiretamente. A ind\u00fastria global de armamentos, representada por empresas ligadas a organiza\u00e7\u00f5es como a OTAN e grandes contratistas militares, tendem a lucrar com o aumento dos gastos em defesa e com a venda de equipamentos militares, alguns quase com o prazo de validade vencidos. Pa\u00edses exportadores de petr\u00f3leo tamb\u00e9m lucram alto com a instabilidade no mercado energ\u00e9tico e eleva\u00e7\u00e3o dos pre\u00e7os do barril durante os conflitos.<\/p>\n\n\n\n<p><em>Mas, quem perde com a guerra?<\/em><\/p>\n\n\n\n<p>Os efeitos de uma guerra costumam ser amplos e duradouros. Regi\u00f5es inteiras do Oriente M\u00e9dio podem enfrentar destrui\u00e7\u00e3o de infraestrutura, crises humanit\u00e1rias e novos fluxos de refugiados. A popula\u00e7\u00e3o civil, tanto em Israel quanto no Ir\u00e3 e em pa\u00edses vizinhos, j\u00e1 est\u00e1 sentindo os efeitos da guerra, como ataques a alvos civis, escassez de recursos, deslocamentos e perda de servi\u00e7os b\u00e1sicos.<\/p>\n\n\n\n<p>Os efeitos tamb\u00e9m se espalham pelo mundo afora. Estes conflitos impactam no com\u00e9rcio global de energia, encarecendo combust\u00edveis e aumentando a infla\u00e7\u00e3o em diversos pa\u00edses, principalmente os mais pobres. As guerras, principalmente no Oriente M\u00e9dio, costumam afetar diretamente o pre\u00e7o da energia. Se a produ\u00e7\u00e3o ou o transporte de petr\u00f3leo forem interrompidos, pa\u00edses do mundo todo enfrentariam infla\u00e7\u00e3o, aumento no custo de combust\u00edveis e press\u00e3o sobre alimentos e transporte.<\/p>\n\n\n\n<p>Embora governos e setores estrat\u00e9gicos possam enxergar vantagens pol\u00edticas ou econ\u00f4micas em um conflito, a guerra tende a ampliar desigualdades e instabilidades globais. No fim das contas, quem mais perde s\u00e3o as popula\u00e7\u00f5es comuns, aquelas que n\u00e3o participam das decis\u00f5es geopol\u00edticas, mas que acabam arcando com suas consequ\u00eancias.<\/p>\n\n\n\n<p>\u00c9 o que est\u00e1 acontecendo, Donald Trump (EUA) e Benjamin Netanyahu (Israel), dentro de seus escrit\u00f3rios e protegidos por seus ex\u00e9rcitos, colocaram diversos pa\u00edses nesta guerra, mesmo sendo estes pa\u00edses contra conflitos armados com seus vizinhos. O Ir\u00e3, por sua vez, est\u00e1 atirando para todos os lados e justificando que est\u00e1 apenas se defendendo. O perigo \u00e9 que para um pa\u00eds pequeno como o Ir\u00e3, se defender significa usar tudo que tem contra seus inimigos, mesmo que isso cause um exterm\u00ednio sem precedentes na hist\u00f3ria da humanidade.<\/p>\n\n\n\n<p>A \u00fanica certeza que tenho \u00e9 que n\u00e3o h\u00e1 vencedores numa guerra, pois sempre h\u00e1 mortos de ambos os lados, fam\u00edlias separadas, mis\u00e9ria e destrui\u00e7\u00e3o por toda a parte. Enquanto isso, os poderosos continuam fumando seus charutos e se vangloriando de seus feitos. J\u00e1 os \u201csenhores da guerra\u201d est\u00e3o rindo \u00e0 toa, contando os lucros e preparando novas armas, mais modernas e letais para oferecer a quem possa pagar.<\/p>\n","protected":false},"excerpt":{"rendered":"<p>ACADEMIA DE LETRAS DO BRASIL DE SANTA CATARINA \u2013 SECCIONAL NAVEGANTES&nbsp; Acad\u00eamico: Jornalista Fernando Cardoso de Souza, cadeira n. 4 Um dos principais assuntos que est\u00e3o dominando o notici\u00e1rio internacional nos \u00faltimos dias&hellip;<\/p>\n","protected":false},"author":1,"featured_media":45824,"comment_status":"open","ping_status":"closed","sticky":false,"template":"","format":"standard","meta":{"footnotes":""},"categories":[35],"tags":[876],"class_list":["post-45820","post","type-post","status-publish","format-standard","has-post-thumbnail","hentry","category-colunistas","tag-colunistas"],"yoast_head":"<!-- This site is optimized with the Yoast SEO plugin v27.5 - https:\/\/yoast.com\/product\/yoast-seo-wordpress\/ -->\n<title>A quem interessa a guerra contra o Ir\u00e3? - Jornal nos Bairros<\/title>\n<meta name=\"description\" content=\"Um dos principais assuntos que est\u00e3o dominando o notici\u00e1rio internacional nos \u00faltimos dias \u00e9 a guerra declarada contra o Ir\u00e3,\" \/>\n<meta name=\"robots\" content=\"index, follow, max-snippet:-1, max-image-preview:large, max-video-preview:-1\" \/>\n<link rel=\"canonical\" href=\"https:\/\/jornalnosbairros.com.br\/wp\/2026\/03\/a-quem-interessa-a-guerra-contra-o-ira\/\" \/>\n<meta property=\"og:locale\" content=\"pt_BR\" \/>\n<meta property=\"og:type\" content=\"article\" \/>\n<meta property=\"og:title\" content=\"A quem interessa a guerra contra o Ir\u00e3? - Jornal nos Bairros\" \/>\n<meta property=\"og:description\" content=\"Um dos principais assuntos que est\u00e3o dominando o notici\u00e1rio internacional nos \u00faltimos dias \u00e9 a guerra declarada contra o Ir\u00e3,\" \/>\n<meta property=\"og:url\" content=\"https:\/\/jornalnosbairros.com.br\/wp\/2026\/03\/a-quem-interessa-a-guerra-contra-o-ira\/\" \/>\n<meta property=\"og:site_name\" content=\"Jornal nos Bairros\" \/>\n<meta property=\"article:publisher\" content=\"https:\/\/www.facebook.com\/jornalnosbairros\" \/>\n<meta property=\"article:author\" content=\"https:\/\/www.facebook.com\/jornalnosbairros\" \/>\n<meta property=\"article:published_time\" content=\"2026-03-12T11:00:48+00:00\" \/>\n<meta property=\"og:image\" content=\"https:\/\/jornalnosbairros.com.br\/wp\/wp-content\/uploads\/2026\/03\/quem-ganah-com-a-guerra-no-Ira.png\" \/>\n\t<meta property=\"og:image:width\" content=\"1368\" \/>\n\t<meta property=\"og:image:height\" content=\"768\" \/>\n\t<meta property=\"og:image:type\" content=\"image\/png\" \/>\n<meta name=\"author\" content=\"Editoria\" \/>\n<meta name=\"twitter:card\" content=\"summary_large_image\" \/>\n<meta name=\"twitter:creator\" content=\"@https:\/\/twitter.com\/jornal_bairros\" \/>\n<meta name=\"twitter:site\" content=\"@jornal_bairros\" \/>\n<meta name=\"twitter:label1\" content=\"Escrito por\" \/>\n\t<meta name=\"twitter:data1\" content=\"Editoria\" \/>\n\t<meta name=\"twitter:label2\" content=\"Est. tempo de leitura\" \/>\n\t<meta name=\"twitter:data2\" content=\"4 minutos\" \/>\n<script type=\"application\/ld+json\" class=\"yoast-schema-graph\">{\"@context\":\"https:\\\/\\\/schema.org\",\"@graph\":[{\"@type\":\"Article\",\"@id\":\"https:\\\/\\\/jornalnosbairros.com.br\\\/wp\\\/2026\\\/03\\\/a-quem-interessa-a-guerra-contra-o-ira\\\/#article\",\"isPartOf\":{\"@id\":\"https:\\\/\\\/jornalnosbairros.com.br\\\/wp\\\/2026\\\/03\\\/a-quem-interessa-a-guerra-contra-o-ira\\\/\"},\"author\":{\"name\":\"Editoria\",\"@id\":\"https:\\\/\\\/jornalnosbairros.com.br\\\/wp\\\/#\\\/schema\\\/person\\\/9a74fde2f4332c018c3b4d29a6129437\"},\"headline\":\"A quem interessa a guerra contra o Ir\u00e3?\",\"datePublished\":\"2026-03-12T11:00:48+00:00\",\"mainEntityOfPage\":{\"@id\":\"https:\\\/\\\/jornalnosbairros.com.br\\\/wp\\\/2026\\\/03\\\/a-quem-interessa-a-guerra-contra-o-ira\\\/\"},\"wordCount\":799,\"commentCount\":0,\"publisher\":{\"@id\":\"https:\\\/\\\/jornalnosbairros.com.br\\\/wp\\\/#organization\"},\"image\":{\"@id\":\"https:\\\/\\\/jornalnosbairros.com.br\\\/wp\\\/2026\\\/03\\\/a-quem-interessa-a-guerra-contra-o-ira\\\/#primaryimage\"},\"thumbnailUrl\":\"https:\\\/\\\/jornalnosbairros.com.br\\\/wp\\\/wp-content\\\/uploads\\\/2026\\\/03\\\/quem-ganah-com-a-guerra-no-Ira.png\",\"keywords\":[\"colunistas\"],\"articleSection\":[\"COLUNISTAS\"],\"inLanguage\":\"pt-BR\",\"potentialAction\":[{\"@type\":\"CommentAction\",\"name\":\"Comment\",\"target\":[\"https:\\\/\\\/jornalnosbairros.com.br\\\/wp\\\/2026\\\/03\\\/a-quem-interessa-a-guerra-contra-o-ira\\\/#respond\"]}]},{\"@type\":\"WebPage\",\"@id\":\"https:\\\/\\\/jornalnosbairros.com.br\\\/wp\\\/2026\\\/03\\\/a-quem-interessa-a-guerra-contra-o-ira\\\/\",\"url\":\"https:\\\/\\\/jornalnosbairros.com.br\\\/wp\\\/2026\\\/03\\\/a-quem-interessa-a-guerra-contra-o-ira\\\/\",\"name\":\"A quem interessa a guerra contra o Ir\u00e3? - Jornal nos Bairros\",\"isPartOf\":{\"@id\":\"https:\\\/\\\/jornalnosbairros.com.br\\\/wp\\\/#website\"},\"primaryImageOfPage\":{\"@id\":\"https:\\\/\\\/jornalnosbairros.com.br\\\/wp\\\/2026\\\/03\\\/a-quem-interessa-a-guerra-contra-o-ira\\\/#primaryimage\"},\"image\":{\"@id\":\"https:\\\/\\\/jornalnosbairros.com.br\\\/wp\\\/2026\\\/03\\\/a-quem-interessa-a-guerra-contra-o-ira\\\/#primaryimage\"},\"thumbnailUrl\":\"https:\\\/\\\/jornalnosbairros.com.br\\\/wp\\\/wp-content\\\/uploads\\\/2026\\\/03\\\/quem-ganah-com-a-guerra-no-Ira.png\",\"datePublished\":\"2026-03-12T11:00:48+00:00\",\"description\":\"Um dos principais assuntos que est\u00e3o dominando o notici\u00e1rio internacional nos \u00faltimos dias \u00e9 a guerra declarada contra o Ir\u00e3,\",\"inLanguage\":\"pt-BR\",\"potentialAction\":[{\"@type\":\"ReadAction\",\"target\":[\"https:\\\/\\\/jornalnosbairros.com.br\\\/wp\\\/2026\\\/03\\\/a-quem-interessa-a-guerra-contra-o-ira\\\/\"]}]},{\"@type\":\"ImageObject\",\"inLanguage\":\"pt-BR\",\"@id\":\"https:\\\/\\\/jornalnosbairros.com.br\\\/wp\\\/2026\\\/03\\\/a-quem-interessa-a-guerra-contra-o-ira\\\/#primaryimage\",\"url\":\"https:\\\/\\\/jornalnosbairros.com.br\\\/wp\\\/wp-content\\\/uploads\\\/2026\\\/03\\\/quem-ganah-com-a-guerra-no-Ira.png\",\"contentUrl\":\"https:\\\/\\\/jornalnosbairros.com.br\\\/wp\\\/wp-content\\\/uploads\\\/2026\\\/03\\\/quem-ganah-com-a-guerra-no-Ira.png\",\"width\":1368,\"height\":768},{\"@type\":\"WebSite\",\"@id\":\"https:\\\/\\\/jornalnosbairros.com.br\\\/wp\\\/#website\",\"url\":\"https:\\\/\\\/jornalnosbairros.com.br\\\/wp\\\/\",\"name\":\"Jornal nos Bairros\",\"description\":\"Not\u00edcias di\u00e1rias de Navegantes e regi\u00e3o\",\"publisher\":{\"@id\":\"https:\\\/\\\/jornalnosbairros.com.br\\\/wp\\\/#organization\"},\"alternateName\":\"JB\",\"potentialAction\":[{\"@type\":\"SearchAction\",\"target\":{\"@type\":\"EntryPoint\",\"urlTemplate\":\"https:\\\/\\\/jornalnosbairros.com.br\\\/wp\\\/?s={search_term_string}\"},\"query-input\":{\"@type\":\"PropertyValueSpecification\",\"valueRequired\":true,\"valueName\":\"search_term_string\"}}],\"inLanguage\":\"pt-BR\"},{\"@type\":\"Organization\",\"@id\":\"https:\\\/\\\/jornalnosbairros.com.br\\\/wp\\\/#organization\",\"name\":\"Jornal nos Bairros de Navegantes\",\"url\":\"https:\\\/\\\/jornalnosbairros.com.br\\\/wp\\\/\",\"logo\":{\"@type\":\"ImageObject\",\"inLanguage\":\"pt-BR\",\"@id\":\"https:\\\/\\\/jornalnosbairros.com.br\\\/wp\\\/#\\\/schema\\\/logo\\\/image\\\/\",\"url\":\"https:\\\/\\\/jornalnosbairros.com.br\\\/wp\\\/wp-content\\\/uploads\\\/2025\\\/01\\\/LOGO-JB.png\",\"contentUrl\":\"https:\\\/\\\/jornalnosbairros.com.br\\\/wp\\\/wp-content\\\/uploads\\\/2025\\\/01\\\/LOGO-JB.png\",\"width\":168,\"height\":150,\"caption\":\"Jornal nos Bairros de Navegantes\"},\"image\":{\"@id\":\"https:\\\/\\\/jornalnosbairros.com.br\\\/wp\\\/#\\\/schema\\\/logo\\\/image\\\/\"},\"sameAs\":[\"https:\\\/\\\/www.facebook.com\\\/jornalnosbairros\",\"https:\\\/\\\/x.com\\\/jornal_bairros\",\"https:\\\/\\\/www.instagram.com\\\/jornalnosbairros\",\"https:\\\/\\\/www.youtube.com\\\/@jornalnosbairros\"]},{\"@type\":\"Person\",\"@id\":\"https:\\\/\\\/jornalnosbairros.com.br\\\/wp\\\/#\\\/schema\\\/person\\\/9a74fde2f4332c018c3b4d29a6129437\",\"name\":\"Editoria\",\"image\":{\"@type\":\"ImageObject\",\"inLanguage\":\"pt-BR\",\"@id\":\"https:\\\/\\\/secure.gravatar.com\\\/avatar\\\/b53a04b7003d01b914d43ebacd13b233f0d99ed1cb7f8cb7d8553ef90e3f466b?s=96&r=g\",\"url\":\"https:\\\/\\\/secure.gravatar.com\\\/avatar\\\/b53a04b7003d01b914d43ebacd13b233f0d99ed1cb7f8cb7d8553ef90e3f466b?s=96&r=g\",\"contentUrl\":\"https:\\\/\\\/secure.gravatar.com\\\/avatar\\\/b53a04b7003d01b914d43ebacd13b233f0d99ed1cb7f8cb7d8553ef90e3f466b?s=96&r=g\",\"caption\":\"Editoria\"},\"description\":\"Edi\u00e7\u00e3o do Jornal nos Bairros de Navegantes - Contato: fale@jornalnosbairros.com.br - Siga: @jornalnosbairros - Acesse: www.jornalnosbairros.com.br\",\"sameAs\":[\"http:\\\/\\\/www.jornalnosbairros.com.br\\\/wp\",\"https:\\\/\\\/www.facebook.com\\\/jornalnosbairros\",\"https:\\\/\\\/www.instagram.com\\\/jornalnosbairros\\\/\",\"https:\\\/\\\/x.com\\\/https:\\\/\\\/twitter.com\\\/jornal_bairros\",\"https:\\\/\\\/www.youtube.com\\\/channel\\\/UCbdZNY5wPbaBq5KtRGP4WxQ?view_as=subscriber\"],\"url\":\"https:\\\/\\\/jornalnosbairros.com.br\\\/wp\\\/author\\\/admin\\\/\"}]}<\/script>\n<!-- \/ Yoast SEO plugin. -->","yoast_head_json":{"title":"A quem interessa a guerra contra o Ir\u00e3? - Jornal nos Bairros","description":"Um dos principais assuntos que est\u00e3o dominando o notici\u00e1rio internacional nos \u00faltimos dias \u00e9 a guerra declarada contra o Ir\u00e3,","robots":{"index":"index","follow":"follow","max-snippet":"max-snippet:-1","max-image-preview":"max-image-preview:large","max-video-preview":"max-video-preview:-1"},"canonical":"https:\/\/jornalnosbairros.com.br\/wp\/2026\/03\/a-quem-interessa-a-guerra-contra-o-ira\/","og_locale":"pt_BR","og_type":"article","og_title":"A quem interessa a guerra contra o Ir\u00e3? - Jornal nos Bairros","og_description":"Um dos principais assuntos que est\u00e3o dominando o notici\u00e1rio internacional nos \u00faltimos dias \u00e9 a guerra declarada contra o Ir\u00e3,","og_url":"https:\/\/jornalnosbairros.com.br\/wp\/2026\/03\/a-quem-interessa-a-guerra-contra-o-ira\/","og_site_name":"Jornal nos Bairros","article_publisher":"https:\/\/www.facebook.com\/jornalnosbairros","article_author":"https:\/\/www.facebook.com\/jornalnosbairros","article_published_time":"2026-03-12T11:00:48+00:00","og_image":[{"width":1368,"height":768,"url":"https:\/\/jornalnosbairros.com.br\/wp\/wp-content\/uploads\/2026\/03\/quem-ganah-com-a-guerra-no-Ira.png","type":"image\/png"}],"author":"Editoria","twitter_card":"summary_large_image","twitter_creator":"@https:\/\/twitter.com\/jornal_bairros","twitter_site":"@jornal_bairros","twitter_misc":{"Escrito por":"Editoria","Est. tempo de leitura":"4 minutos"},"schema":{"@context":"https:\/\/schema.org","@graph":[{"@type":"Article","@id":"https:\/\/jornalnosbairros.com.br\/wp\/2026\/03\/a-quem-interessa-a-guerra-contra-o-ira\/#article","isPartOf":{"@id":"https:\/\/jornalnosbairros.com.br\/wp\/2026\/03\/a-quem-interessa-a-guerra-contra-o-ira\/"},"author":{"name":"Editoria","@id":"https:\/\/jornalnosbairros.com.br\/wp\/#\/schema\/person\/9a74fde2f4332c018c3b4d29a6129437"},"headline":"A quem interessa a guerra contra o Ir\u00e3?","datePublished":"2026-03-12T11:00:48+00:00","mainEntityOfPage":{"@id":"https:\/\/jornalnosbairros.com.br\/wp\/2026\/03\/a-quem-interessa-a-guerra-contra-o-ira\/"},"wordCount":799,"commentCount":0,"publisher":{"@id":"https:\/\/jornalnosbairros.com.br\/wp\/#organization"},"image":{"@id":"https:\/\/jornalnosbairros.com.br\/wp\/2026\/03\/a-quem-interessa-a-guerra-contra-o-ira\/#primaryimage"},"thumbnailUrl":"https:\/\/jornalnosbairros.com.br\/wp\/wp-content\/uploads\/2026\/03\/quem-ganah-com-a-guerra-no-Ira.png","keywords":["colunistas"],"articleSection":["COLUNISTAS"],"inLanguage":"pt-BR","potentialAction":[{"@type":"CommentAction","name":"Comment","target":["https:\/\/jornalnosbairros.com.br\/wp\/2026\/03\/a-quem-interessa-a-guerra-contra-o-ira\/#respond"]}]},{"@type":"WebPage","@id":"https:\/\/jornalnosbairros.com.br\/wp\/2026\/03\/a-quem-interessa-a-guerra-contra-o-ira\/","url":"https:\/\/jornalnosbairros.com.br\/wp\/2026\/03\/a-quem-interessa-a-guerra-contra-o-ira\/","name":"A quem interessa a guerra contra o Ir\u00e3? - Jornal nos Bairros","isPartOf":{"@id":"https:\/\/jornalnosbairros.com.br\/wp\/#website"},"primaryImageOfPage":{"@id":"https:\/\/jornalnosbairros.com.br\/wp\/2026\/03\/a-quem-interessa-a-guerra-contra-o-ira\/#primaryimage"},"image":{"@id":"https:\/\/jornalnosbairros.com.br\/wp\/2026\/03\/a-quem-interessa-a-guerra-contra-o-ira\/#primaryimage"},"thumbnailUrl":"https:\/\/jornalnosbairros.com.br\/wp\/wp-content\/uploads\/2026\/03\/quem-ganah-com-a-guerra-no-Ira.png","datePublished":"2026-03-12T11:00:48+00:00","description":"Um dos principais assuntos que est\u00e3o dominando o notici\u00e1rio internacional nos \u00faltimos dias \u00e9 a guerra declarada contra o Ir\u00e3,","inLanguage":"pt-BR","potentialAction":[{"@type":"ReadAction","target":["https:\/\/jornalnosbairros.com.br\/wp\/2026\/03\/a-quem-interessa-a-guerra-contra-o-ira\/"]}]},{"@type":"ImageObject","inLanguage":"pt-BR","@id":"https:\/\/jornalnosbairros.com.br\/wp\/2026\/03\/a-quem-interessa-a-guerra-contra-o-ira\/#primaryimage","url":"https:\/\/jornalnosbairros.com.br\/wp\/wp-content\/uploads\/2026\/03\/quem-ganah-com-a-guerra-no-Ira.png","contentUrl":"https:\/\/jornalnosbairros.com.br\/wp\/wp-content\/uploads\/2026\/03\/quem-ganah-com-a-guerra-no-Ira.png","width":1368,"height":768},{"@type":"WebSite","@id":"https:\/\/jornalnosbairros.com.br\/wp\/#website","url":"https:\/\/jornalnosbairros.com.br\/wp\/","name":"Jornal nos Bairros","description":"Not\u00edcias di\u00e1rias de Navegantes e regi\u00e3o","publisher":{"@id":"https:\/\/jornalnosbairros.com.br\/wp\/#organization"},"alternateName":"JB","potentialAction":[{"@type":"SearchAction","target":{"@type":"EntryPoint","urlTemplate":"https:\/\/jornalnosbairros.com.br\/wp\/?s={search_term_string}"},"query-input":{"@type":"PropertyValueSpecification","valueRequired":true,"valueName":"search_term_string"}}],"inLanguage":"pt-BR"},{"@type":"Organization","@id":"https:\/\/jornalnosbairros.com.br\/wp\/#organization","name":"Jornal nos Bairros de Navegantes","url":"https:\/\/jornalnosbairros.com.br\/wp\/","logo":{"@type":"ImageObject","inLanguage":"pt-BR","@id":"https:\/\/jornalnosbairros.com.br\/wp\/#\/schema\/logo\/image\/","url":"https:\/\/jornalnosbairros.com.br\/wp\/wp-content\/uploads\/2025\/01\/LOGO-JB.png","contentUrl":"https:\/\/jornalnosbairros.com.br\/wp\/wp-content\/uploads\/2025\/01\/LOGO-JB.png","width":168,"height":150,"caption":"Jornal nos Bairros de Navegantes"},"image":{"@id":"https:\/\/jornalnosbairros.com.br\/wp\/#\/schema\/logo\/image\/"},"sameAs":["https:\/\/www.facebook.com\/jornalnosbairros","https:\/\/x.com\/jornal_bairros","https:\/\/www.instagram.com\/jornalnosbairros","https:\/\/www.youtube.com\/@jornalnosbairros"]},{"@type":"Person","@id":"https:\/\/jornalnosbairros.com.br\/wp\/#\/schema\/person\/9a74fde2f4332c018c3b4d29a6129437","name":"Editoria","image":{"@type":"ImageObject","inLanguage":"pt-BR","@id":"https:\/\/secure.gravatar.com\/avatar\/b53a04b7003d01b914d43ebacd13b233f0d99ed1cb7f8cb7d8553ef90e3f466b?s=96&r=g","url":"https:\/\/secure.gravatar.com\/avatar\/b53a04b7003d01b914d43ebacd13b233f0d99ed1cb7f8cb7d8553ef90e3f466b?s=96&r=g","contentUrl":"https:\/\/secure.gravatar.com\/avatar\/b53a04b7003d01b914d43ebacd13b233f0d99ed1cb7f8cb7d8553ef90e3f466b?s=96&r=g","caption":"Editoria"},"description":"Edi\u00e7\u00e3o do Jornal nos Bairros de Navegantes - Contato: fale@jornalnosbairros.com.br - Siga: @jornalnosbairros - Acesse: www.jornalnosbairros.com.br","sameAs":["http:\/\/www.jornalnosbairros.com.br\/wp","https:\/\/www.facebook.com\/jornalnosbairros","https:\/\/www.instagram.com\/jornalnosbairros\/","https:\/\/x.com\/https:\/\/twitter.com\/jornal_bairros","https:\/\/www.youtube.com\/channel\/UCbdZNY5wPbaBq5KtRGP4WxQ?view_as=subscriber"],"url":"https:\/\/jornalnosbairros.com.br\/wp\/author\/admin\/"}]}},"_links":{"self":[{"href":"https:\/\/jornalnosbairros.com.br\/wp\/wp-json\/wp\/v2\/posts\/45820","targetHints":{"allow":["GET"]}}],"collection":[{"href":"https:\/\/jornalnosbairros.com.br\/wp\/wp-json\/wp\/v2\/posts"}],"about":[{"href":"https:\/\/jornalnosbairros.com.br\/wp\/wp-json\/wp\/v2\/types\/post"}],"author":[{"embeddable":true,"href":"https:\/\/jornalnosbairros.com.br\/wp\/wp-json\/wp\/v2\/users\/1"}],"replies":[{"embeddable":true,"href":"https:\/\/jornalnosbairros.com.br\/wp\/wp-json\/wp\/v2\/comments?post=45820"}],"version-history":[{"count":1,"href":"https:\/\/jornalnosbairros.com.br\/wp\/wp-json\/wp\/v2\/posts\/45820\/revisions"}],"predecessor-version":[{"id":45825,"href":"https:\/\/jornalnosbairros.com.br\/wp\/wp-json\/wp\/v2\/posts\/45820\/revisions\/45825"}],"wp:featuredmedia":[{"embeddable":true,"href":"https:\/\/jornalnosbairros.com.br\/wp\/wp-json\/wp\/v2\/media\/45824"}],"wp:attachment":[{"href":"https:\/\/jornalnosbairros.com.br\/wp\/wp-json\/wp\/v2\/media?parent=45820"}],"wp:term":[{"taxonomy":"category","embeddable":true,"href":"https:\/\/jornalnosbairros.com.br\/wp\/wp-json\/wp\/v2\/categories?post=45820"},{"taxonomy":"post_tag","embeddable":true,"href":"https:\/\/jornalnosbairros.com.br\/wp\/wp-json\/wp\/v2\/tags?post=45820"}],"curies":[{"name":"wp","href":"https:\/\/api.w.org\/{rel}","templated":true}]}}