{"id":45742,"date":"2026-03-11T13:11:06","date_gmt":"2026-03-11T16:11:06","guid":{"rendered":"https:\/\/jornalnosbairros.com.br\/wp\/?p=45742"},"modified":"2026-03-11T15:10:11","modified_gmt":"2026-03-11T18:10:11","slug":"liba-afirma-que-deixa-a-prefeitura-por-um-projeto-maior-para-navegantes","status":"publish","type":"post","link":"https:\/\/jornalnosbairros.com.br\/wp\/2026\/03\/liba-afirma-que-deixa-a-prefeitura-por-um-projeto-maior-para-navegantes\/","title":{"rendered":"Liba afirma que deixa a prefeitura por um projeto maior para Navegantes"},"content":{"rendered":"\n<p><strong><em>Faltando menos de um m\u00eas para o prazo de desincompatibiliza\u00e7\u00e3o, o prefeito Liba Fronza diz que a decis\u00e3o n\u00e3o se trata de um projeto individual<\/em><\/strong><\/p>\n\n\n\n<blockquote class=\"wp-block-quote is-layout-flow wp-block-quote-is-layout-flow\">\n<p><strong>POR LOUISE BENASSI&nbsp;<\/strong>\u2013 DRT\/SC 02880\/<em>JP<\/em><\/p>\n<\/blockquote>\n\n\n\n<p>O prefeito Liba Fronza (PSD) recebeu a equipe do <em><a href=\"https:\/\/jornalnosbairros.com.br\/wp\/\">Jornal nos Bairros<\/a><\/em> para uma entrevista exclusiva sobre o seu segundo mandato \u00e0 frente do Executivo de Navegantes e sobre as elei\u00e7\u00f5es gerais de 2026. Pr\u00e9-candidato a deputado estadual, Liba tem total apoio das lideran\u00e7as estaduais do seu partido e, tamanho respeito e reconhecimento, deve ser o \u00fanico nome para representar a regi\u00e3o da AMFRI pela sigla.<\/p>\n\n\n\n<p>Faltando menos de um m\u00eas para o prazo estabelecido pela Justi\u00e7a Eleitoral para desincompatibiliza\u00e7\u00e3o \u2014 o que exige ren\u00fancia ao cargo, sem possibilidade de retorno \u2014 Liba afirma que a decis\u00e3o n\u00e3o se trata de um projeto individual, mas de uma miss\u00e3o maior, que \u00e9 o projeto para Navegantes \u2013 um munic\u00edpio com expressivo desenvolvimento econ\u00f4mico que, segundo ele, necessita de representatividade na esfera estadual para continuar no ritmo de prosperidade.<\/p>\n\n\n\n<p>Alinhado ao sucessor Ricardo Ventura &#8211; que assume o Executivo em abril, o prefeito defende a continuidade administrativa e afirma que o objetivo \u00e9 unir for\u00e7as, ampliando a presen\u00e7a pol\u00edtica, e, assim, levar Navegantes a um patamar nunca antes alcan\u00e7ado.<\/p>\n\n\n<div class=\"wp-block-image\">\n<figure class=\"aligncenter size-large is-resized\"><img decoding=\"async\" width=\"1024\" height=\"682\" data-src=\"https:\/\/jornalnosbairros.com.br\/wp\/wp-content\/uploads\/2026\/03\/adm-em-sintonia-1024x682.jpeg\" alt=\"\" class=\"wp-image-45783 lazyload\" style=\"--smush-placeholder-width: 1024px; --smush-placeholder-aspect-ratio: 1024\/682;aspect-ratio:1.501515610791149;width:638px;height:auto\" data-srcset=\"https:\/\/jornalnosbairros.com.br\/wp\/wp-content\/uploads\/2026\/03\/adm-em-sintonia-1024x682.jpeg 1024w, https:\/\/jornalnosbairros.com.br\/wp\/wp-content\/uploads\/2026\/03\/adm-em-sintonia-300x200.jpeg 300w, https:\/\/jornalnosbairros.com.br\/wp\/wp-content\/uploads\/2026\/03\/adm-em-sintonia-768x512.jpeg 768w, https:\/\/jornalnosbairros.com.br\/wp\/wp-content\/uploads\/2026\/03\/adm-em-sintonia.jpeg 1536w\" data-sizes=\"(max-width: 1024px) 100vw, 1024px\" src=\"data:image\/svg+xml;base64,PHN2ZyB3aWR0aD0iMSIgaGVpZ2h0PSIxIiB4bWxucz0iaHR0cDovL3d3dy53My5vcmcvMjAwMC9zdmciPjwvc3ZnPg==\" \/><figcaption class=\"wp-element-caption\">Liba est\u00e1 alinhado com vice Ricardo Ventura (PP) e defende a continuidade administrativa<\/figcaption><\/figure>\n<\/div>\n\n\n<h4 class=\"wp-block-heading\">Saiba mais na entrevista, na \u00edntegra:&nbsp;<\/h4>\n\n\n\n<h3 class=\"wp-block-heading\">Jornal nos Bairros: Quais s\u00e3o hoje as tr\u00eas obras priorit\u00e1rias de seu segundo mandato e em que est\u00e1gio cada uma se encontra?<\/h3>\n\n\n\n<p><strong>Liba Fronza:<\/strong> Hoje nossa obra principal \u00e9 a obra de engordamento da Praia do Gravat\u00e1. Ela foi licitada e j\u00e1 ser\u00e1 emitida a ordem de servi\u00e7o para que a empresa possa come\u00e7ar o mais r\u00e1pido poss\u00edvel. Acredito que em junho n\u00f3s teremos o in\u00edcio das obras do engordamento do Gravat\u00e1. Tamb\u00e9m faz parte desse projeto a constru\u00e7\u00e3o do molhe, que se encontra em andamento e ser\u00e1 entregue nos pr\u00f3ximos dias. <\/p>\n\n\n\n<p>Al\u00e9m dessa obra, n\u00f3s temos a ilumina\u00e7\u00e3o da orla da praia, feita numa estrutura onde a fia\u00e7\u00e3o \u00e9 colocada de forma subterr\u00e2nea, para poder evitar vandalismo, assim como poder passar a fia\u00e7\u00e3o e cabos para instala\u00e7\u00e3o de c\u00e2meras de seguran\u00e7a, trazendo mais seguran\u00e7a \u00e0s pessoas que transitam pela orla. <\/p>\n\n\n\n<p>E ao mesmo tempo trabalhar a telegest\u00e3o, que \u00e9 a efici\u00eancia da ilumina\u00e7\u00e3o p\u00fablica dentro da cidade de Navegantes.  No Gravat\u00e1, a troca de todos os postes de ilumina\u00e7\u00e3o de ferro por postes de fibra, desde o Rio das Pedras at\u00e9 a Pra\u00e7a do Gravat\u00e1.<\/p>\n\n\n\n<h3 class=\"wp-block-heading\">Jornal nos Bairros: Existe alguma obra que esteja enfrentando atraso?<\/h3>\n\n\n\n<p><strong>Liba Fronza:<\/strong> Hoje n\u00f3s temos obras que elas est\u00e3o um pouco mais atrasadas: uma \u00e9 a Rua do Confepe, a empresa est\u00e1 agora fazendo o final da rua para concluir. Ent\u00e3o vencemos essa etapa, a empresa est\u00e1 entregando. E a que trouxe um pouco mais de transtorno foi a Rua Pref. Manoel Evaldo Miller (Volta Grande), uma regi\u00e3o que tem um tr\u00e2nsito muito grande de caminh\u00f5es e que n\u00e3o tem onde fazer desvio, al\u00e9m de ali passar toda a tubula\u00e7\u00e3o da SC G\u00e1s. <\/p>\n\n\n\n<p>Isso trouxe um componente a mais para executar a obra. Fora isso, a quest\u00e3o da qualidade do solo, devido \u00e0 rua desembocar na BR-470 &#8211; o viaduto (obra federal) est\u00e1 atrasado justamente em fun\u00e7\u00e3o da qualidade do solo. Ent\u00e3o passamos por todos esses percal\u00e7os. Mas n\u00f3s iremos fazer a entrega da pavimenta\u00e7\u00e3o asf\u00e1ltica dessa rua at\u00e9 o final de mar\u00e7o.<\/p>\n\n\n<div class=\"wp-block-image\">\n<figure class=\"aligncenter size-large is-resized\"><img decoding=\"async\" width=\"1024\" height=\"771\" data-src=\"https:\/\/jornalnosbairros.com.br\/wp\/wp-content\/uploads\/2026\/03\/ampliacao-molhe-do-gravata-em-Navegantes-1024x771.jpeg\" alt=\"\" class=\"wp-image-45755 lazyload\" style=\"--smush-placeholder-width: 1024px; --smush-placeholder-aspect-ratio: 1024\/771;aspect-ratio:1.3281616720606764;width:598px;height:auto\" data-srcset=\"https:\/\/jornalnosbairros.com.br\/wp\/wp-content\/uploads\/2026\/03\/ampliacao-molhe-do-gravata-em-Navegantes-1024x771.jpeg 1024w, https:\/\/jornalnosbairros.com.br\/wp\/wp-content\/uploads\/2026\/03\/ampliacao-molhe-do-gravata-em-Navegantes-300x226.jpeg 300w, https:\/\/jornalnosbairros.com.br\/wp\/wp-content\/uploads\/2026\/03\/ampliacao-molhe-do-gravata-em-Navegantes-768x578.jpeg 768w, https:\/\/jornalnosbairros.com.br\/wp\/wp-content\/uploads\/2026\/03\/ampliacao-molhe-do-gravata-em-Navegantes.jpeg 1280w\" data-sizes=\"(max-width: 1024px) 100vw, 1024px\" src=\"data:image\/svg+xml;base64,PHN2ZyB3aWR0aD0iMSIgaGVpZ2h0PSIxIiB4bWxucz0iaHR0cDovL3d3dy53My5vcmcvMjAwMC9zdmciPjwvc3ZnPg==\" \/><figcaption class=\"wp-element-caption\">Amplia\u00e7\u00e3o do Molhe do Gravat\u00e1 antecipa a obra de engordamento da praia, prevista para este ano. <\/figcaption><\/figure>\n<\/div>\n\n\n<h3 class=\"wp-block-heading\">Jornal nos Bairros : H\u00e1 previs\u00e3o de novos projetos para esse ano ainda?<\/h3>\n\n\n\n<p><strong>Liba:<\/strong> Sim, n\u00f3s temos v\u00e1rios projetos em andamento. O governo vai trabalhar com uma continuidade. Na \u00e1rea de educa\u00e7\u00e3o, estamos finalizando o projeto para a constru\u00e7\u00e3o de novos col\u00e9gios; n\u00f3s j\u00e1 iniciamos a constru\u00e7\u00e3o da escola (em tempo integral) do bairro S\u00e3o Paulo; iremos construir mais duas novas escolas no bairro de Pedreiras e no Centro; estamos vendo, ainda, a possibilidade de colocar mais uma escola no Gravat\u00e1 e outra no interior. <\/p>\n\n\n\n<p>Na sa\u00fade, estamos iniciando a constru\u00e7\u00e3o da segunda Unidade B\u00e1sica de Sa\u00fade, no bairro de S\u00e3o Paulo; e iremos fazer uma nova Unidade B\u00e1sica de Sa\u00fade no bairro Gravat\u00e1. No saneamento, iremos lan\u00e7ar dois novos reservat\u00f3rios de \u00e1gua com capacidade para 6 milh\u00f5es de litros de \u00e1gua: um j\u00e1 foi licitado e o outro est\u00e1 sendo licitado agora, ter\u00e3o o dobro de reserva\u00e7\u00e3o daquele do Gravat\u00e1. <\/p>\n\n\n\n<p>Al\u00e9m de continuarmos trabalhando na amplia\u00e7\u00e3o da rede de adutoras de \u00e1gua para abastecimento de \u00e1gua, como est\u00e1 acontecendo no bairro S\u00e3o Pedro. Na seguran\u00e7a, estamos trabalhando para implantar um circuito de c\u00e2meras para que possamos ter 100% da cidade monitorada.<\/p>\n\n\n\n<h3 class=\"wp-block-heading\">JB: O senhor considera que Navegantes vive hoje o maior ciclo de obras de sua hist\u00f3ria?<\/h3>\n\n\n\n<p><strong>Liba: <\/strong>N\u00e3o tenho d\u00favida disso. Acho que nos \u00faltimos quatro anos Navegantes passou por um processo muito grande de transforma\u00e7\u00e3o. \u00c9 not\u00e1vel e isso \u00e9 bem vis\u00edvel a todas as pessoas que v\u00eam \u00e0 cidade, os pr\u00f3prios moradores. <\/p>\n\n\n\n<p>Vemos o tamanho da mudan\u00e7a que a cidade teve em fun\u00e7\u00e3o das obras que foram feitas. Tanto obras de infraestrutura como obras voltadas \u00e0 educa\u00e7\u00e3o e \u00e0 sa\u00fade, que impactam diretamente na qualidade de vida da popula\u00e7\u00e3o de Navegantes.<\/p>\n\n\n\n<h3 class=\"wp-block-heading\">JB: Qual obra o senhor considera que ser\u00e1 o maior legado de suas duas gest\u00f5es?<\/h3>\n\n\n\n<p><strong>Liba: <\/strong>S\u00e3o v\u00e1rias obras.Eu acho que v\u00e3o ficar marcadas na hist\u00f3ria de Navegantes tanto a coloca\u00e7\u00e3o do transporte coletivo como a constru\u00e7\u00e3o da esta\u00e7\u00e3o de tratamento de \u00e1gua para criar uma independ\u00eancia de Itaja\u00ed. <\/p>\n\n\n<div class=\"wp-block-image\">\n<figure class=\"aligncenter size-large is-resized\"><img decoding=\"async\" width=\"1024\" height=\"705\" data-src=\"https:\/\/jornalnosbairros.com.br\/wp\/wp-content\/uploads\/2023\/12\/Navegantes-Praia-do-Gravata-por-Eder-Nascimento-1024x705.jpg\" alt=\"Navegantes Praia do Gravat\u00e1 por Eder Nascimento\" class=\"wp-image-27264 lazyload\" style=\"--smush-placeholder-width: 1024px; --smush-placeholder-aspect-ratio: 1024\/705;aspect-ratio:1.4525018912785044;width:661px;height:auto\" data-srcset=\"https:\/\/jornalnosbairros.com.br\/wp\/wp-content\/uploads\/2023\/12\/Navegantes-Praia-do-Gravata-por-Eder-Nascimento-1024x705.jpg 1024w, https:\/\/jornalnosbairros.com.br\/wp\/wp-content\/uploads\/2023\/12\/Navegantes-Praia-do-Gravata-por-Eder-Nascimento-300x206.jpg 300w, https:\/\/jornalnosbairros.com.br\/wp\/wp-content\/uploads\/2023\/12\/Navegantes-Praia-do-Gravata-por-Eder-Nascimento-768x528.jpg 768w, https:\/\/jornalnosbairros.com.br\/wp\/wp-content\/uploads\/2023\/12\/Navegantes-Praia-do-Gravata-por-Eder-Nascimento.jpg 1500w\" data-sizes=\"(max-width: 1024px) 100vw, 1024px\" src=\"data:image\/svg+xml;base64,PHN2ZyB3aWR0aD0iMSIgaGVpZ2h0PSIxIiB4bWxucz0iaHR0cDovL3d3dy53My5vcmcvMjAwMC9zdmciPjwvc3ZnPg==\" \/><figcaption class=\"wp-element-caption\">Praia do Bairro Gravat\u00e1 deve receber o engordamento da faixa de areia ainda em 2026<\/figcaption><\/figure>\n<\/div>\n\n\n<p>Mas eu acredito que vai ficar marcado no legado mesmo ser\u00e1 o engordamento da Praia do Gravat\u00e1. Essa \u00e9 uma obra que \u00e9 in\u00e9dita dentro do munic\u00edpio, nunca foi feita. Ela vai ficar como marco da nossa gest\u00e3o.<\/p>\n\n\n\n<h3 class=\"wp-block-heading\">JB: Fa\u00e7a um resumo de Navegantes antes e depois do prefeito Liba.<\/h3>\n\n\n\n<p><strong>Liba:<\/strong> Navegantes, antes da nossa gest\u00e3o, era uma cidade muito criticada, uma cidade muito acanhada, uma cidade considerada como um puxadinho de Itaja\u00ed ou a cidade do outro lado da vala, e que hoje n\u00f3s come\u00e7amos a criar protagonismo. <\/p>\n\n\n\n<p>Acho que um dos maiores legados \u00e9 justamente resgatar a autoestima da popula\u00e7\u00e3o, resgatar os valores de Navegantes e lembrar de como era o centro da cidade, como era a avenida Conselheiro Jo\u00e3o Gaya (rua da Caixa Econ\u00f4mica Federal), como era a pra\u00e7a perto do ferry-boat, como era a pra\u00e7a ali na praia, a pra\u00e7a do gin\u00e1sio. <\/p>\n\n\n\n<p>Tantas outras melhorias que fizemos que acabamos esquecendo. A Avenida Jos\u00e9 Juvenal Mafra, hoje praticamente 100% asfaltada. V\u00e1rias ruas que, no passado, n\u00e3o tinham pavimenta\u00e7\u00e3o asf\u00e1ltica, hoje est\u00e3o pavimentadas, como a Nereu Liberato Nunes. <\/p>\n\n\n<div class=\"wp-block-image\">\n<figure class=\"aligncenter size-large is-resized\"><img decoding=\"async\" width=\"1024\" height=\"675\" data-src=\"https:\/\/jornalnosbairros.com.br\/wp\/wp-content\/uploads\/2026\/03\/nova-praca-de-lazer-do-bairro-sao-paulo-1024x675.jpg\" alt=\"\" class=\"wp-image-45768 lazyload\" style=\"--smush-placeholder-width: 1024px; --smush-placeholder-aspect-ratio: 1024\/675;aspect-ratio:1.5170584417416824;width:662px;height:auto\" data-srcset=\"https:\/\/jornalnosbairros.com.br\/wp\/wp-content\/uploads\/2026\/03\/nova-praca-de-lazer-do-bairro-sao-paulo-1024x675.jpg 1024w, https:\/\/jornalnosbairros.com.br\/wp\/wp-content\/uploads\/2026\/03\/nova-praca-de-lazer-do-bairro-sao-paulo-300x198.jpg 300w, https:\/\/jornalnosbairros.com.br\/wp\/wp-content\/uploads\/2026\/03\/nova-praca-de-lazer-do-bairro-sao-paulo-768x506.jpg 768w, https:\/\/jornalnosbairros.com.br\/wp\/wp-content\/uploads\/2026\/03\/nova-praca-de-lazer-do-bairro-sao-paulo.jpg 1174w\" data-sizes=\"(max-width: 1024px) 100vw, 1024px\" src=\"data:image\/svg+xml;base64,PHN2ZyB3aWR0aD0iMSIgaGVpZ2h0PSIxIiB4bWxucz0iaHR0cDovL3d3dy53My5vcmcvMjAwMC9zdmciPjwvc3ZnPg==\" \/><figcaption class=\"wp-element-caption\">A Pra\u00e7a do Bairro S\u00e3o Paulo foi uma entre v\u00e1rias que o prefeito revitalizou em Navegantes<\/figcaption><\/figure>\n<\/div>\n\n\n<p>O bin\u00e1rio de entrada e sa\u00edda de Navegantes foi um grande avan\u00e7o tamb\u00e9m. A ilumina\u00e7\u00e3o, que era 100% a vapor, hoje est\u00e1 praticamente toda com LED, da regi\u00e3o central at\u00e9 o interior. Levar o asfalto para o interior tamb\u00e9m foi uma grande diferen\u00e7a. Lembrar que Navegantes n\u00e3o \u00e9 mais uma cidade que fica com falta de \u00e1gua na temporada. <\/p>\n\n\n\n<p>A seguran\u00e7a jur\u00eddica da cidade, antigamente as pessoas n\u00e3o tinham seguran\u00e7a para investir aqui, porque o plano diretor n\u00e3o dava essa oportunidade. Conseguimos resgatar muitas coisas nos \u00faltimos anos.<\/p>\n\n\n\n<h3 class=\"wp-block-heading\">Jornal nos Bairros: O senhor confirma a inten\u00e7\u00e3o de disputar uma vaga na Assembleia Legislativa?<\/h3>\n\n\n\n<p><strong>Liba:<\/strong> Sim. A cidade de Navegantes cresce bastante, mudando de patamar, deixando de ser uma cidade pequena, para passar a ser uma cidade de m\u00e9dio a grande porte. Se olhar s\u00f3 dentro do estado de Santa Catarina, ela passa a ser uma cidade de grande porte, a partir dos 100 mil habitantes. Com isso, Navegantes precisa ser fortalecida com representatividade pol\u00edtica.<\/p>\n\n\n\n<p>At\u00e9 aqui conseguimos evoluir muito, mas nos pr\u00f3ximos passos precisamos mais for\u00e7a pol\u00edtica. N\u00e3o tem nada melhor, dentro da gest\u00e3o p\u00fablica e da for\u00e7a pol\u00edtica, do que a cidade ter uma representatividade na Assembleia Legislativa. <\/p>\n\n\n\n<p>E esse \u00e9 o papel que eu vou desempenhar na pr\u00f3xima elei\u00e7\u00e3o. Colocar o meu nome \u00e0 disposi\u00e7\u00e3o, para que a gente possa aumentar a representatividade da cidade de Navegantes. Entendendo que o Ricardo dar\u00e1 continuidade no trabalho que foi feito at\u00e9 aqui.<\/p>\n\n\n\n<p>Ent\u00e3o conseguiremos unir for\u00e7as em prol da cidade de Navegantes, dividindo as nossas tarefas. O Ricardo assumindo o munic\u00edpio, e eu buscando uma vaga na cadeira, na Assembleia Legislativa, para poder contribuir para o desenvolvimento das cidades.<\/p>\n\n\n\n<h4 class=\"wp-block-heading has-text-align-center has-black-color has-pale-cyan-blue-background-color has-text-color has-background has-link-color wp-elements-a2bda2920470dea42cd8861286fe771b\">LEIA TAMB\u00c9M NOSSO EDITORIAL<br><a href=\"https:\/\/jornalnosbairros.com.br\/wp\/2026\/03\/a-representatividade-que-navegantes-ainda-busca\/\" target=\"_blank\" rel=\"noreferrer noopener\">A representatividade que Navegantes ainda busca<\/a><\/h4>\n\n\n\n<h3 class=\"wp-block-heading\">JB: Tem prazo para se afastar das fun\u00e7\u00f5es atuais?<\/h3>\n\n\n\n<p><strong>Liba:<\/strong> Dia 2 de abril. Esse \u00e9 o prazo limite pela Justi\u00e7a Eleitoral. \u00c9 uma quest\u00e3o de ren\u00fancia, tem que renunciar ao cargo.<\/p>\n\n\n\n<h3 class=\"wp-block-heading\">JB: O vice-prefeito Ricardo Ventura est\u00e1 preparado para assumir a prefeitura? Navegantes fica em boas m\u00e3os?<\/h3>\n\n\n\n<p><strong>Liba: <\/strong>Com certeza, o Ricardo, al\u00e9m da forma\u00e7\u00e3o que ele possui em Contabilidade e Direito, tem a viv\u00eancia do munic\u00edpio na primeira gest\u00e3o como Procurador. Ent\u00e3o ele j\u00e1 sabe como \u00e9 que o munic\u00edpio funciona. E agora, desde o in\u00edcio do nosso mandato, ele est\u00e1 acompanhando todos os processos ao meu lado.<\/p>\n\n\n\n<p>Al\u00e9m dele j\u00e1 ter a quest\u00e3o de dominar a quest\u00e3o jur\u00eddica, ele tamb\u00e9m agora conhece como \u00e9 que funciona a opera\u00e7\u00e3o do munic\u00edpio de Navegantes. Mas muito mais do que isso, n\u00f3s temos um time muito forte que vai dar continuidade a esse trabalho. Ent\u00e3o o prefeito sim, ele vai representar politicamente, mas a toda a parte de organiza\u00e7\u00e3o, de opera\u00e7\u00e3o, a gente vai continuar com o mesmo time, com secret\u00e1rios. A popula\u00e7\u00e3o pouco vai sentir a mudan\u00e7a na gest\u00e3o em fun\u00e7\u00e3o da minha sa\u00edda.<\/p>\n\n\n\n<h3 class=\"wp-block-heading\">JB: A pr\u00e9-candidatura j\u00e1 est\u00e1 alinhada com o seu partido? Haver\u00e1 outros nomes de representantes do PSD na regi\u00e3o?<\/h3>\n\n\n\n<p><strong>Liba:<\/strong> O meu nome j\u00e1 est\u00e1 100% alinhado. O PSD j\u00e1 deu ok. Na verdade, quem nos buscou primeiro foi o PSD falando da necessidade de representar a nossa regi\u00e3o com uma candidatura. Aqui na regi\u00e3o da AMFRI, o que tem se mostrado nesses \u00faltimos dias, no xadrez da pol\u00edtica, \u00e9 que eu devo ser o \u00fanico representante do PSD a disputar uma cadeira na Assembleia Legislativa. Ent\u00e3o acredito que em toda a AMFRI s\u00f3 ter\u00e1 um candidato que ser\u00e1 o meu nome. com o PSD.<\/p>\n\n\n\n<h3 class=\"wp-block-heading\">JB: O que motiva buscar uma cadeira na Assembleia Legislativa de Santa Catarina? Navegantes precisa ter um representante pr\u00f3prio na ALESC?<\/h3>\n\n\n\n<p><strong>Liba:<\/strong> Exatamente. Aquilo que eu j\u00e1 falei antes, devemos entender o desenvolvimento da cidade, a sociedade cobra melhoria. Para o desenvolvimento do munic\u00edpio, faz necess\u00e1rio termos mais representatividade. N\u00f3s temos hoje situa\u00e7\u00f5es muito importantes. Por exemplo, a BR-101 e a BR-470 s\u00e3o dois gargalos do desenvolvimento, n\u00e3o s\u00f3 da cidade de Navegantes, mas em toda a regi\u00e3o do litoral norte. E n\u00f3s precisamos ter representatividade.<\/p>\n\n\n\n<p>Hoje, se voc\u00ea perguntar para mim, mas j\u00e1 n\u00e3o temos deputados da nossa regi\u00e3o? Temos. E o que n\u00f3s queremos? N\u00e3o que eles saiam, mas que eles permane\u00e7am e que aumentemos a representatividade. Cada regi\u00e3o mais representada na Assembleia, mais for\u00e7a ela vai ter para conseguir trazer as melhorias.<\/p>\n\n\n\n<p>Sabemos que Navegantes \u00e9 um polo voltado justamente pelo aeroporto, que ele traz toda a entrada das pessoas que v\u00eam para o turismo de outros estados, passa pelo aeroporto de Navegantes e tamb\u00e9m tem o porto, que \u00e9 o porto mais eficiente do Brasil.<\/p>\n\n\n\n<p>Por aqui tem um polo de log\u00edstica, um polo de turismo. Navegantes s\u00f3 est\u00e1 ali oferecendo esse servi\u00e7o para toda a nossa regi\u00e3o. Ent\u00e3o, precisamos de verdade aumentar essa representatividade, mostrar a for\u00e7a do nosso munic\u00edpio e da nossa regi\u00e3o para poder reivindicar mais para a nossa cidade.<\/p>\n\n\n\n<hr class=\"wp-block-separator has-alpha-channel-opacity\"\/>\n\n\n\n<div class=\"wp-block-buttons is-horizontal is-content-justification-center is-nowrap is-layout-flex wp-container-core-buttons-is-layout-f937b32f wp-block-buttons-is-layout-flex\">\n<div class=\"wp-block-button has-custom-width wp-block-button__width-75 is-style-fill\"><a class=\"wp-block-button__link has-black-color has-vivid-green-cyan-background-color has-text-color has-background has-link-color has-text-align-center has-custom-font-size wp-element-button\" href=\"https:\/\/chat.whatsapp.com\/DJkjPyw34SVCxRUdvlspB8\" style=\"border-radius:14px;font-size:18px;text-decoration:none\" target=\"_blank\" rel=\"noreferrer noopener nofollow\">Participe do grupo do <strong>Jornal nos Bairros<\/strong><\/a><\/div>\n<\/div>\n","protected":false},"excerpt":{"rendered":"<p>Faltando menos de um m\u00eas para o prazo de desincompatibiliza\u00e7\u00e3o, o prefeito Liba Fronza diz que a decis\u00e3o n\u00e3o se trata de um projeto individual POR LOUISE BENASSI&nbsp;\u2013 DRT\/SC 02880\/JP O prefeito Liba&hellip;<\/p>\n","protected":false},"author":1,"featured_media":45744,"comment_status":"open","ping_status":"closed","sticky":false,"template":"","format":"standard","meta":{"footnotes":""},"categories":[18],"tags":[969,46,177,44,481,611,40,63,83,90],"class_list":["post-45742","post","type-post","status-publish","format-standard","has-post-thumbnail","hentry","category-entrevista","tag-desenvolvimento","tag-economia","tag-educacao","tag-entrevista","tag-itajai-2","tag-liba","tag-navegantes","tag-obras","tag-penha","tag-saude-2"],"yoast_head":"<!-- This site is optimized with the Yoast SEO plugin v27.4 - https:\/\/yoast.com\/product\/yoast-seo-wordpress\/ -->\n<title>Liba afirma que deixa a prefeitura por um projeto maior para Navegantes<\/title>\n<meta name=\"description\" content=\"Liba Fronza confirma pr\u00e9-candidatura a deputado nas elei\u00e7\u00f5es de 2026 e diz que decis\u00e3o busca ampliar a representatividade de Navegantes..\" \/>\n<meta name=\"robots\" content=\"index, follow, max-snippet:-1, max-image-preview:large, max-video-preview:-1\" \/>\n<link rel=\"canonical\" href=\"https:\/\/jornalnosbairros.com.br\/wp\/2026\/03\/liba-afirma-que-deixa-a-prefeitura-por-um-projeto-maior-para-navegantes\/\" \/>\n<meta property=\"og:locale\" content=\"pt_BR\" \/>\n<meta property=\"og:type\" content=\"article\" \/>\n<meta property=\"og:title\" content=\"Liba afirma que deixa a prefeitura por um projeto maior para Navegantes\" \/>\n<meta property=\"og:description\" content=\"Liba Fronza confirma pr\u00e9-candidatura a deputado nas elei\u00e7\u00f5es de 2026 e diz que decis\u00e3o busca ampliar a representatividade de Navegantes..\" \/>\n<meta property=\"og:url\" content=\"https:\/\/jornalnosbairros.com.br\/wp\/2026\/03\/liba-afirma-que-deixa-a-prefeitura-por-um-projeto-maior-para-navegantes\/\" \/>\n<meta property=\"og:site_name\" content=\"Jornal nos Bairros\" \/>\n<meta property=\"article:publisher\" content=\"https:\/\/www.facebook.com\/jornalnosbairros\" \/>\n<meta property=\"article:author\" content=\"https:\/\/www.facebook.com\/jornalnosbairros\" \/>\n<meta property=\"article:published_time\" content=\"2026-03-11T16:11:06+00:00\" \/>\n<meta property=\"article:modified_time\" content=\"2026-03-11T18:10:11+00:00\" \/>\n<meta property=\"og:image\" content=\"https:\/\/jornalnosbairros.com.br\/wp\/wp-content\/uploads\/2026\/03\/prefeito-Liba-Fronza-2.jpeg\" \/>\n\t<meta property=\"og:image:width\" content=\"1280\" \/>\n\t<meta property=\"og:image:height\" content=\"960\" \/>\n\t<meta property=\"og:image:type\" content=\"image\/jpeg\" \/>\n<meta name=\"author\" content=\"Editoria\" \/>\n<meta name=\"twitter:card\" content=\"summary_large_image\" \/>\n<meta name=\"twitter:creator\" content=\"@https:\/\/twitter.com\/jornal_bairros\" \/>\n<meta name=\"twitter:site\" content=\"@jornal_bairros\" \/>\n<meta name=\"twitter:label1\" content=\"Escrito por\" \/>\n\t<meta name=\"twitter:data1\" content=\"Editoria\" \/>\n\t<meta name=\"twitter:label2\" content=\"Est. tempo de leitura\" \/>\n\t<meta name=\"twitter:data2\" content=\"11 minutos\" \/>\n<script type=\"application\/ld+json\" class=\"yoast-schema-graph\">{\"@context\":\"https:\\\/\\\/schema.org\",\"@graph\":[{\"@type\":\"Article\",\"@id\":\"https:\\\/\\\/jornalnosbairros.com.br\\\/wp\\\/2026\\\/03\\\/liba-afirma-que-deixa-a-prefeitura-por-um-projeto-maior-para-navegantes\\\/#article\",\"isPartOf\":{\"@id\":\"https:\\\/\\\/jornalnosbairros.com.br\\\/wp\\\/2026\\\/03\\\/liba-afirma-que-deixa-a-prefeitura-por-um-projeto-maior-para-navegantes\\\/\"},\"author\":{\"name\":\"Editoria\",\"@id\":\"https:\\\/\\\/jornalnosbairros.com.br\\\/wp\\\/#\\\/schema\\\/person\\\/9a74fde2f4332c018c3b4d29a6129437\"},\"headline\":\"Liba afirma que deixa a prefeitura por um projeto maior para Navegantes\",\"datePublished\":\"2026-03-11T16:11:06+00:00\",\"dateModified\":\"2026-03-11T18:10:11+00:00\",\"mainEntityOfPage\":{\"@id\":\"https:\\\/\\\/jornalnosbairros.com.br\\\/wp\\\/2026\\\/03\\\/liba-afirma-que-deixa-a-prefeitura-por-um-projeto-maior-para-navegantes\\\/\"},\"wordCount\":2148,\"commentCount\":0,\"publisher\":{\"@id\":\"https:\\\/\\\/jornalnosbairros.com.br\\\/wp\\\/#organization\"},\"image\":{\"@id\":\"https:\\\/\\\/jornalnosbairros.com.br\\\/wp\\\/2026\\\/03\\\/liba-afirma-que-deixa-a-prefeitura-por-um-projeto-maior-para-navegantes\\\/#primaryimage\"},\"thumbnailUrl\":\"https:\\\/\\\/jornalnosbairros.com.br\\\/wp\\\/wp-content\\\/uploads\\\/2026\\\/03\\\/prefeito-Liba-Fronza-2.jpeg\",\"keywords\":[\"desenvolvimento\",\"economia\",\"educa\u00e7\u00e3o\",\"entrevista\",\"itajai\",\"liba\",\"navegantes\",\"obras\",\"penha\",\"sa\u00fade\"],\"articleSection\":[\"ENTREVISTA\"],\"inLanguage\":\"pt-BR\",\"potentialAction\":[{\"@type\":\"CommentAction\",\"name\":\"Comment\",\"target\":[\"https:\\\/\\\/jornalnosbairros.com.br\\\/wp\\\/2026\\\/03\\\/liba-afirma-que-deixa-a-prefeitura-por-um-projeto-maior-para-navegantes\\\/#respond\"]}]},{\"@type\":\"WebPage\",\"@id\":\"https:\\\/\\\/jornalnosbairros.com.br\\\/wp\\\/2026\\\/03\\\/liba-afirma-que-deixa-a-prefeitura-por-um-projeto-maior-para-navegantes\\\/\",\"url\":\"https:\\\/\\\/jornalnosbairros.com.br\\\/wp\\\/2026\\\/03\\\/liba-afirma-que-deixa-a-prefeitura-por-um-projeto-maior-para-navegantes\\\/\",\"name\":\"Liba afirma que deixa a prefeitura por um projeto maior para Navegantes\",\"isPartOf\":{\"@id\":\"https:\\\/\\\/jornalnosbairros.com.br\\\/wp\\\/#website\"},\"primaryImageOfPage\":{\"@id\":\"https:\\\/\\\/jornalnosbairros.com.br\\\/wp\\\/2026\\\/03\\\/liba-afirma-que-deixa-a-prefeitura-por-um-projeto-maior-para-navegantes\\\/#primaryimage\"},\"image\":{\"@id\":\"https:\\\/\\\/jornalnosbairros.com.br\\\/wp\\\/2026\\\/03\\\/liba-afirma-que-deixa-a-prefeitura-por-um-projeto-maior-para-navegantes\\\/#primaryimage\"},\"thumbnailUrl\":\"https:\\\/\\\/jornalnosbairros.com.br\\\/wp\\\/wp-content\\\/uploads\\\/2026\\\/03\\\/prefeito-Liba-Fronza-2.jpeg\",\"datePublished\":\"2026-03-11T16:11:06+00:00\",\"dateModified\":\"2026-03-11T18:10:11+00:00\",\"description\":\"Liba Fronza confirma pr\u00e9-candidatura a deputado nas elei\u00e7\u00f5es de 2026 e diz que decis\u00e3o busca ampliar a representatividade de Navegantes..\",\"inLanguage\":\"pt-BR\",\"potentialAction\":[{\"@type\":\"ReadAction\",\"target\":[\"https:\\\/\\\/jornalnosbairros.com.br\\\/wp\\\/2026\\\/03\\\/liba-afirma-que-deixa-a-prefeitura-por-um-projeto-maior-para-navegantes\\\/\"]}]},{\"@type\":\"ImageObject\",\"inLanguage\":\"pt-BR\",\"@id\":\"https:\\\/\\\/jornalnosbairros.com.br\\\/wp\\\/2026\\\/03\\\/liba-afirma-que-deixa-a-prefeitura-por-um-projeto-maior-para-navegantes\\\/#primaryimage\",\"url\":\"https:\\\/\\\/jornalnosbairros.com.br\\\/wp\\\/wp-content\\\/uploads\\\/2026\\\/03\\\/prefeito-Liba-Fronza-2.jpeg\",\"contentUrl\":\"https:\\\/\\\/jornalnosbairros.com.br\\\/wp\\\/wp-content\\\/uploads\\\/2026\\\/03\\\/prefeito-Liba-Fronza-2.jpeg\",\"width\":1280,\"height\":960,\"caption\":\"Prefeito Liba Fronza entrevista ao Jornal nos Bairros de Navegantes\"},{\"@type\":\"WebSite\",\"@id\":\"https:\\\/\\\/jornalnosbairros.com.br\\\/wp\\\/#website\",\"url\":\"https:\\\/\\\/jornalnosbairros.com.br\\\/wp\\\/\",\"name\":\"Jornal nos Bairros\",\"description\":\"Not\u00edcias di\u00e1rias de Navegantes e regi\u00e3o\",\"publisher\":{\"@id\":\"https:\\\/\\\/jornalnosbairros.com.br\\\/wp\\\/#organization\"},\"alternateName\":\"JB\",\"potentialAction\":[{\"@type\":\"SearchAction\",\"target\":{\"@type\":\"EntryPoint\",\"urlTemplate\":\"https:\\\/\\\/jornalnosbairros.com.br\\\/wp\\\/?s={search_term_string}\"},\"query-input\":{\"@type\":\"PropertyValueSpecification\",\"valueRequired\":true,\"valueName\":\"search_term_string\"}}],\"inLanguage\":\"pt-BR\"},{\"@type\":\"Organization\",\"@id\":\"https:\\\/\\\/jornalnosbairros.com.br\\\/wp\\\/#organization\",\"name\":\"Jornal nos Bairros de Navegantes\",\"url\":\"https:\\\/\\\/jornalnosbairros.com.br\\\/wp\\\/\",\"logo\":{\"@type\":\"ImageObject\",\"inLanguage\":\"pt-BR\",\"@id\":\"https:\\\/\\\/jornalnosbairros.com.br\\\/wp\\\/#\\\/schema\\\/logo\\\/image\\\/\",\"url\":\"https:\\\/\\\/jornalnosbairros.com.br\\\/wp\\\/wp-content\\\/uploads\\\/2025\\\/01\\\/LOGO-JB.png\",\"contentUrl\":\"https:\\\/\\\/jornalnosbairros.com.br\\\/wp\\\/wp-content\\\/uploads\\\/2025\\\/01\\\/LOGO-JB.png\",\"width\":168,\"height\":150,\"caption\":\"Jornal nos Bairros de Navegantes\"},\"image\":{\"@id\":\"https:\\\/\\\/jornalnosbairros.com.br\\\/wp\\\/#\\\/schema\\\/logo\\\/image\\\/\"},\"sameAs\":[\"https:\\\/\\\/www.facebook.com\\\/jornalnosbairros\",\"https:\\\/\\\/x.com\\\/jornal_bairros\",\"https:\\\/\\\/www.instagram.com\\\/jornalnosbairros\",\"https:\\\/\\\/www.youtube.com\\\/@jornalnosbairros\"]},{\"@type\":\"Person\",\"@id\":\"https:\\\/\\\/jornalnosbairros.com.br\\\/wp\\\/#\\\/schema\\\/person\\\/9a74fde2f4332c018c3b4d29a6129437\",\"name\":\"Editoria\",\"image\":{\"@type\":\"ImageObject\",\"inLanguage\":\"pt-BR\",\"@id\":\"https:\\\/\\\/secure.gravatar.com\\\/avatar\\\/b53a04b7003d01b914d43ebacd13b233f0d99ed1cb7f8cb7d8553ef90e3f466b?s=96&r=g\",\"url\":\"https:\\\/\\\/secure.gravatar.com\\\/avatar\\\/b53a04b7003d01b914d43ebacd13b233f0d99ed1cb7f8cb7d8553ef90e3f466b?s=96&r=g\",\"contentUrl\":\"https:\\\/\\\/secure.gravatar.com\\\/avatar\\\/b53a04b7003d01b914d43ebacd13b233f0d99ed1cb7f8cb7d8553ef90e3f466b?s=96&r=g\",\"caption\":\"Editoria\"},\"description\":\"Edi\u00e7\u00e3o do Jornal nos Bairros de Navegantes - Contato: fale@jornalnosbairros.com.br - Siga: @jornalnosbairros - Acesse: www.jornalnosbairros.com.br\",\"sameAs\":[\"http:\\\/\\\/www.jornalnosbairros.com.br\\\/wp\",\"https:\\\/\\\/www.facebook.com\\\/jornalnosbairros\",\"https:\\\/\\\/www.instagram.com\\\/jornalnosbairros\\\/\",\"https:\\\/\\\/x.com\\\/https:\\\/\\\/twitter.com\\\/jornal_bairros\",\"https:\\\/\\\/www.youtube.com\\\/channel\\\/UCbdZNY5wPbaBq5KtRGP4WxQ?view_as=subscriber\"],\"url\":\"https:\\\/\\\/jornalnosbairros.com.br\\\/wp\\\/author\\\/admin\\\/\"}]}<\/script>\n<!-- \/ Yoast SEO plugin. -->","yoast_head_json":{"title":"Liba afirma que deixa a prefeitura por um projeto maior para Navegantes","description":"Liba Fronza confirma pr\u00e9-candidatura a deputado nas elei\u00e7\u00f5es de 2026 e diz que decis\u00e3o busca ampliar a representatividade de Navegantes..","robots":{"index":"index","follow":"follow","max-snippet":"max-snippet:-1","max-image-preview":"max-image-preview:large","max-video-preview":"max-video-preview:-1"},"canonical":"https:\/\/jornalnosbairros.com.br\/wp\/2026\/03\/liba-afirma-que-deixa-a-prefeitura-por-um-projeto-maior-para-navegantes\/","og_locale":"pt_BR","og_type":"article","og_title":"Liba afirma que deixa a prefeitura por um projeto maior para Navegantes","og_description":"Liba Fronza confirma pr\u00e9-candidatura a deputado nas elei\u00e7\u00f5es de 2026 e diz que decis\u00e3o busca ampliar a representatividade de Navegantes..","og_url":"https:\/\/jornalnosbairros.com.br\/wp\/2026\/03\/liba-afirma-que-deixa-a-prefeitura-por-um-projeto-maior-para-navegantes\/","og_site_name":"Jornal nos Bairros","article_publisher":"https:\/\/www.facebook.com\/jornalnosbairros","article_author":"https:\/\/www.facebook.com\/jornalnosbairros","article_published_time":"2026-03-11T16:11:06+00:00","article_modified_time":"2026-03-11T18:10:11+00:00","og_image":[{"width":1280,"height":960,"url":"https:\/\/jornalnosbairros.com.br\/wp\/wp-content\/uploads\/2026\/03\/prefeito-Liba-Fronza-2.jpeg","type":"image\/jpeg"}],"author":"Editoria","twitter_card":"summary_large_image","twitter_creator":"@https:\/\/twitter.com\/jornal_bairros","twitter_site":"@jornal_bairros","twitter_misc":{"Escrito por":"Editoria","Est. tempo de leitura":"11 minutos"},"schema":{"@context":"https:\/\/schema.org","@graph":[{"@type":"Article","@id":"https:\/\/jornalnosbairros.com.br\/wp\/2026\/03\/liba-afirma-que-deixa-a-prefeitura-por-um-projeto-maior-para-navegantes\/#article","isPartOf":{"@id":"https:\/\/jornalnosbairros.com.br\/wp\/2026\/03\/liba-afirma-que-deixa-a-prefeitura-por-um-projeto-maior-para-navegantes\/"},"author":{"name":"Editoria","@id":"https:\/\/jornalnosbairros.com.br\/wp\/#\/schema\/person\/9a74fde2f4332c018c3b4d29a6129437"},"headline":"Liba afirma que deixa a prefeitura por um projeto maior para Navegantes","datePublished":"2026-03-11T16:11:06+00:00","dateModified":"2026-03-11T18:10:11+00:00","mainEntityOfPage":{"@id":"https:\/\/jornalnosbairros.com.br\/wp\/2026\/03\/liba-afirma-que-deixa-a-prefeitura-por-um-projeto-maior-para-navegantes\/"},"wordCount":2148,"commentCount":0,"publisher":{"@id":"https:\/\/jornalnosbairros.com.br\/wp\/#organization"},"image":{"@id":"https:\/\/jornalnosbairros.com.br\/wp\/2026\/03\/liba-afirma-que-deixa-a-prefeitura-por-um-projeto-maior-para-navegantes\/#primaryimage"},"thumbnailUrl":"https:\/\/jornalnosbairros.com.br\/wp\/wp-content\/uploads\/2026\/03\/prefeito-Liba-Fronza-2.jpeg","keywords":["desenvolvimento","economia","educa\u00e7\u00e3o","entrevista","itajai","liba","navegantes","obras","penha","sa\u00fade"],"articleSection":["ENTREVISTA"],"inLanguage":"pt-BR","potentialAction":[{"@type":"CommentAction","name":"Comment","target":["https:\/\/jornalnosbairros.com.br\/wp\/2026\/03\/liba-afirma-que-deixa-a-prefeitura-por-um-projeto-maior-para-navegantes\/#respond"]}]},{"@type":"WebPage","@id":"https:\/\/jornalnosbairros.com.br\/wp\/2026\/03\/liba-afirma-que-deixa-a-prefeitura-por-um-projeto-maior-para-navegantes\/","url":"https:\/\/jornalnosbairros.com.br\/wp\/2026\/03\/liba-afirma-que-deixa-a-prefeitura-por-um-projeto-maior-para-navegantes\/","name":"Liba afirma que deixa a prefeitura por um projeto maior para Navegantes","isPartOf":{"@id":"https:\/\/jornalnosbairros.com.br\/wp\/#website"},"primaryImageOfPage":{"@id":"https:\/\/jornalnosbairros.com.br\/wp\/2026\/03\/liba-afirma-que-deixa-a-prefeitura-por-um-projeto-maior-para-navegantes\/#primaryimage"},"image":{"@id":"https:\/\/jornalnosbairros.com.br\/wp\/2026\/03\/liba-afirma-que-deixa-a-prefeitura-por-um-projeto-maior-para-navegantes\/#primaryimage"},"thumbnailUrl":"https:\/\/jornalnosbairros.com.br\/wp\/wp-content\/uploads\/2026\/03\/prefeito-Liba-Fronza-2.jpeg","datePublished":"2026-03-11T16:11:06+00:00","dateModified":"2026-03-11T18:10:11+00:00","description":"Liba Fronza confirma pr\u00e9-candidatura a deputado nas elei\u00e7\u00f5es de 2026 e diz que decis\u00e3o busca ampliar a representatividade de Navegantes..","inLanguage":"pt-BR","potentialAction":[{"@type":"ReadAction","target":["https:\/\/jornalnosbairros.com.br\/wp\/2026\/03\/liba-afirma-que-deixa-a-prefeitura-por-um-projeto-maior-para-navegantes\/"]}]},{"@type":"ImageObject","inLanguage":"pt-BR","@id":"https:\/\/jornalnosbairros.com.br\/wp\/2026\/03\/liba-afirma-que-deixa-a-prefeitura-por-um-projeto-maior-para-navegantes\/#primaryimage","url":"https:\/\/jornalnosbairros.com.br\/wp\/wp-content\/uploads\/2026\/03\/prefeito-Liba-Fronza-2.jpeg","contentUrl":"https:\/\/jornalnosbairros.com.br\/wp\/wp-content\/uploads\/2026\/03\/prefeito-Liba-Fronza-2.jpeg","width":1280,"height":960,"caption":"Prefeito Liba Fronza entrevista ao Jornal nos Bairros de Navegantes"},{"@type":"WebSite","@id":"https:\/\/jornalnosbairros.com.br\/wp\/#website","url":"https:\/\/jornalnosbairros.com.br\/wp\/","name":"Jornal nos Bairros","description":"Not\u00edcias di\u00e1rias de Navegantes e regi\u00e3o","publisher":{"@id":"https:\/\/jornalnosbairros.com.br\/wp\/#organization"},"alternateName":"JB","potentialAction":[{"@type":"SearchAction","target":{"@type":"EntryPoint","urlTemplate":"https:\/\/jornalnosbairros.com.br\/wp\/?s={search_term_string}"},"query-input":{"@type":"PropertyValueSpecification","valueRequired":true,"valueName":"search_term_string"}}],"inLanguage":"pt-BR"},{"@type":"Organization","@id":"https:\/\/jornalnosbairros.com.br\/wp\/#organization","name":"Jornal nos Bairros de Navegantes","url":"https:\/\/jornalnosbairros.com.br\/wp\/","logo":{"@type":"ImageObject","inLanguage":"pt-BR","@id":"https:\/\/jornalnosbairros.com.br\/wp\/#\/schema\/logo\/image\/","url":"https:\/\/jornalnosbairros.com.br\/wp\/wp-content\/uploads\/2025\/01\/LOGO-JB.png","contentUrl":"https:\/\/jornalnosbairros.com.br\/wp\/wp-content\/uploads\/2025\/01\/LOGO-JB.png","width":168,"height":150,"caption":"Jornal nos Bairros de Navegantes"},"image":{"@id":"https:\/\/jornalnosbairros.com.br\/wp\/#\/schema\/logo\/image\/"},"sameAs":["https:\/\/www.facebook.com\/jornalnosbairros","https:\/\/x.com\/jornal_bairros","https:\/\/www.instagram.com\/jornalnosbairros","https:\/\/www.youtube.com\/@jornalnosbairros"]},{"@type":"Person","@id":"https:\/\/jornalnosbairros.com.br\/wp\/#\/schema\/person\/9a74fde2f4332c018c3b4d29a6129437","name":"Editoria","image":{"@type":"ImageObject","inLanguage":"pt-BR","@id":"https:\/\/secure.gravatar.com\/avatar\/b53a04b7003d01b914d43ebacd13b233f0d99ed1cb7f8cb7d8553ef90e3f466b?s=96&r=g","url":"https:\/\/secure.gravatar.com\/avatar\/b53a04b7003d01b914d43ebacd13b233f0d99ed1cb7f8cb7d8553ef90e3f466b?s=96&r=g","contentUrl":"https:\/\/secure.gravatar.com\/avatar\/b53a04b7003d01b914d43ebacd13b233f0d99ed1cb7f8cb7d8553ef90e3f466b?s=96&r=g","caption":"Editoria"},"description":"Edi\u00e7\u00e3o do Jornal nos Bairros de Navegantes - Contato: fale@jornalnosbairros.com.br - Siga: @jornalnosbairros - Acesse: www.jornalnosbairros.com.br","sameAs":["http:\/\/www.jornalnosbairros.com.br\/wp","https:\/\/www.facebook.com\/jornalnosbairros","https:\/\/www.instagram.com\/jornalnosbairros\/","https:\/\/x.com\/https:\/\/twitter.com\/jornal_bairros","https:\/\/www.youtube.com\/channel\/UCbdZNY5wPbaBq5KtRGP4WxQ?view_as=subscriber"],"url":"https:\/\/jornalnosbairros.com.br\/wp\/author\/admin\/"}]}},"_links":{"self":[{"href":"https:\/\/jornalnosbairros.com.br\/wp\/wp-json\/wp\/v2\/posts\/45742","targetHints":{"allow":["GET"]}}],"collection":[{"href":"https:\/\/jornalnosbairros.com.br\/wp\/wp-json\/wp\/v2\/posts"}],"about":[{"href":"https:\/\/jornalnosbairros.com.br\/wp\/wp-json\/wp\/v2\/types\/post"}],"author":[{"embeddable":true,"href":"https:\/\/jornalnosbairros.com.br\/wp\/wp-json\/wp\/v2\/users\/1"}],"replies":[{"embeddable":true,"href":"https:\/\/jornalnosbairros.com.br\/wp\/wp-json\/wp\/v2\/comments?post=45742"}],"version-history":[{"count":38,"href":"https:\/\/jornalnosbairros.com.br\/wp\/wp-json\/wp\/v2\/posts\/45742\/revisions"}],"predecessor-version":[{"id":45819,"href":"https:\/\/jornalnosbairros.com.br\/wp\/wp-json\/wp\/v2\/posts\/45742\/revisions\/45819"}],"wp:featuredmedia":[{"embeddable":true,"href":"https:\/\/jornalnosbairros.com.br\/wp\/wp-json\/wp\/v2\/media\/45744"}],"wp:attachment":[{"href":"https:\/\/jornalnosbairros.com.br\/wp\/wp-json\/wp\/v2\/media?parent=45742"}],"wp:term":[{"taxonomy":"category","embeddable":true,"href":"https:\/\/jornalnosbairros.com.br\/wp\/wp-json\/wp\/v2\/categories?post=45742"},{"taxonomy":"post_tag","embeddable":true,"href":"https:\/\/jornalnosbairros.com.br\/wp\/wp-json\/wp\/v2\/tags?post=45742"}],"curies":[{"name":"wp","href":"https:\/\/api.w.org\/{rel}","templated":true}]}}