{"id":44811,"date":"2026-01-26T09:01:12","date_gmt":"2026-01-26T12:01:12","guid":{"rendered":"https:\/\/jornalnosbairros.com.br\/wp\/?p=44811"},"modified":"2026-01-26T17:48:47","modified_gmt":"2026-01-26T20:48:47","slug":"filhote-de-elefante-marinho-monitorado-passa-por-navegantes","status":"publish","type":"post","link":"https:\/\/jornalnosbairros.com.br\/wp\/2026\/01\/filhote-de-elefante-marinho-monitorado-passa-por-navegantes\/","title":{"rendered":"Filhote de elefante-marinho monitorado passa por Navegantes"},"content":{"rendered":"\n<p><br><strong><em>Primeiro beb\u00ea da esp\u00e9cie a ser monitorado no Brasil segue viagem rumo \u00e0 Argentina<\/em><\/strong><\/p>\n\n\n\n<p>O primeiro filhote de elefante-marinho monitorado no Brasil foi registrado no litoral de Navegantes e Itaja\u00ed no \u00faltimo s\u00e1bado (24), durante seu deslocamento rumo \u00e0 Argentina. O animal recebeu um transmissor via sat\u00e9lite e vem sendo acompanhado pelo P<a href=\"https:\/\/comunicabaciadesantos.petrobras.com.br\/w\/projeto-de-monitoramento-de-praias-da-bacia-de-santos-pmp-bs-fortalece-a-a-preservacao-do-ambiente-marinho\">rojeto de Monitoramento de Praias da Bacia de Santos (PMP-BS)<\/a>, coordenado pela Univali em Santa Catarina e no Paran\u00e1.<\/p>\n\n\n\n<p>Solto na \u00faltima quarta-feira (21) no litoral paranaense, o filhote j\u00e1 percorreu cerca de 180 quil\u00f4metros. Segundo Andr\u00e9 Silva Barreto, coordenador geral do PMP-BS na regi\u00e3o Sul, o animal segue o trajeto de forma gradual, explorando o ambiente marinho e realizando paradas para alimenta\u00e7\u00e3o.<\/p>\n\n\n\n<p>O filhote foi resgatado em dezembro do ano passado no litoral do Paran\u00e1, em estado debilitado e com pneumonia. Ap\u00f3s quase um m\u00eas de reabilita\u00e7\u00e3o, recebeu alta e foi devolvido \u00e0 natureza com um transmissor fixado na cabe\u00e7a, permitindo o acompanhamento de seu deslocamento e de dados relacionados \u00e0 sa\u00fade.<\/p>\n\n\n\n<p>Agora, o elefante-marinho inicia o trajeto em dire\u00e7\u00e3o \u00e0 Pen\u00ednsula de Vald\u00e9s, na Argentina, principal \u00e1rea de reprodu\u00e7\u00e3o da esp\u00e9cie. A expectativa \u00e9 que percorra aproximadamente 2,5 mil quil\u00f4metros ao longo dos pr\u00f3ximos meses.<\/p>\n\n\n\n<p>De acordo com a coordenadora do projeto, Camila Domit, a presen\u00e7a de elefantes-marinhos na costa brasileira \u00e9 considerada rara. Segundo ela, o nascimento do animal em territ\u00f3rio brasileiro ainda \u00e9 uma inc\u00f3gnita cient\u00edfica. \u201cO fato desse filhote estar aqui, ser reabilitado e devolvido \u00e0 natureza refor\u00e7a o compromisso com a conserva\u00e7\u00e3o dos oceanos e da biodiversidade marinha\u201d, destaca.<\/p>\n\n\n\n<p>O filhote \u00e9 um macho, pesa cerca de 68 quilos e mede 1,80 metro de comprimento. Com apenas quatro meses de vida, ainda est\u00e1 com a denti\u00e7\u00e3o em forma\u00e7\u00e3o. Na fase adulta, a esp\u00e9cie pode ultrapassar duas toneladas.<\/p>\n\n\n\n<p>A soltura ocorreu no Parque Nacional Marinho das Ilhas dos Currais, localizado a cerca de 14 quil\u00f4metros da costa do Paran\u00e1. O local foi escolhido para manter o animal afastado de \u00e1reas urbanas e reduzir riscos relacionados \u00e0 intera\u00e7\u00e3o humana.<\/p>\n\n\n\n<p>Segundo Camila Domit, o afastamento das \u00e1reas urbanas tamb\u00e9m diminui a possibilidade de exposi\u00e7\u00e3o do filhote a doen\u00e7as transmitidas por c\u00e3es e gatos, j\u00e1 que os elefantes-marinhos s\u00e3o suscet\u00edveis a alguns desses pat\u00f3genos.<\/p>\n\n\n\n<p><strong>LEIA TAMB\u00c9M:<\/strong><\/p>\n\n\n\n<figure class=\"wp-block-embed is-type-wp-embed is-provider-jornal-nos-bairros wp-block-embed-jornal-nos-bairros\"><div class=\"wp-block-embed__wrapper\">\n<blockquote class=\"wp-embedded-content\" data-secret=\"9FnPembBHj\"><a href=\"https:\/\/jornalnosbairros.com.br\/wp\/2026\/01\/navegantes-aposta-em-bituqueiras-na-orla-para-reduzir-poluicao-por-cigarros\/\">Navegantes aposta em bituqueiras na orla para reduzir polui\u00e7\u00e3o por cigarros<\/a><\/blockquote><iframe class=\"wp-embedded-content lazyload\" sandbox=\"allow-scripts\" security=\"restricted\" style=\"position: absolute; visibility: hidden;\" title=\"&#8220;Navegantes aposta em bituqueiras na orla para reduzir polui\u00e7\u00e3o por cigarros&#8221; &#8212; Jornal nos Bairros\" data-src=\"https:\/\/jornalnosbairros.com.br\/wp\/2026\/01\/navegantes-aposta-em-bituqueiras-na-orla-para-reduzir-poluicao-por-cigarros\/embed\/#?secret=HjQUvIGgga#?secret=9FnPembBHj\" data-secret=\"9FnPembBHj\" width=\"600\" height=\"338\" frameborder=\"0\" marginwidth=\"0\" marginheight=\"0\" scrolling=\"no\" src=\"data:image\/svg+xml;base64,PHN2ZyB3aWR0aD0iMSIgaGVpZ2h0PSIxIiB4bWxucz0iaHR0cDovL3d3dy53My5vcmcvMjAwMC9zdmciPjwvc3ZnPg==\" data-load-mode=\"1\"><\/iframe>\n<\/div><\/figure>\n\n\n\n<div class=\"wp-block-buttons is-horizontal is-content-justification-center is-nowrap is-layout-flex wp-container-core-buttons-is-layout-f937b32f wp-block-buttons-is-layout-flex\">\n<div class=\"wp-block-button has-custom-width wp-block-button__width-75 is-style-fill\"><a class=\"wp-block-button__link has-black-color has-vivid-green-cyan-background-color has-text-color has-background has-link-color has-text-align-center has-custom-font-size wp-element-button\" href=\"https:\/\/chat.whatsapp.com\/DJkjPyw34SVCxRUdvlspB8\" style=\"border-radius:14px;font-size:18px;text-decoration:none\" target=\"_blank\" rel=\"noreferrer noopener nofollow\">Participe do grupo do <strong>Jornal nos Bairros<\/strong><\/a><\/div>\n<\/div>\n","protected":false},"excerpt":{"rendered":"<p>Primeiro beb\u00ea da esp\u00e9cie a ser monitorado no Brasil segue viagem rumo \u00e0 Argentina O primeiro filhote de elefante-marinho monitorado no Brasil foi registrado no litoral de Navegantes e Itaja\u00ed no \u00faltimo s\u00e1bado&hellip;<\/p>\n","protected":false},"author":1,"featured_media":44812,"comment_status":"open","ping_status":"closed","sticky":false,"template":"","format":"standard","meta":{"footnotes":""},"categories":[517],"tags":[609],"class_list":["post-44811","post","type-post","status-publish","format-standard","has-post-thumbnail","hentry","category-meioambiente","tag-meio-ambiente"],"yoast_head":"<!-- This site is optimized with the Yoast SEO plugin v27.5 - https:\/\/yoast.com\/product\/yoast-seo-wordpress\/ -->\n<title>Filhote de elefante-marinho monitorado passa por Navegantes - Jornal nos Bairros<\/title>\n<meta name=\"description\" content=\"O primeiro filhote de elefante-marinho monitorado no Brasil foi registrado no litoral de Navegantes e Itaja\u00ed no \u00faltimo s\u00e1bado (24),\" \/>\n<meta name=\"robots\" content=\"index, follow, max-snippet:-1, max-image-preview:large, max-video-preview:-1\" \/>\n<link rel=\"canonical\" href=\"https:\/\/jornalnosbairros.com.br\/wp\/2026\/01\/filhote-de-elefante-marinho-monitorado-passa-por-navegantes\/\" \/>\n<meta property=\"og:locale\" content=\"pt_BR\" \/>\n<meta property=\"og:type\" content=\"article\" \/>\n<meta property=\"og:title\" content=\"Filhote de elefante-marinho monitorado passa por Navegantes - Jornal nos Bairros\" \/>\n<meta property=\"og:description\" content=\"O primeiro filhote de elefante-marinho monitorado no Brasil foi registrado no litoral de Navegantes e Itaja\u00ed no \u00faltimo s\u00e1bado (24),\" \/>\n<meta property=\"og:url\" content=\"https:\/\/jornalnosbairros.com.br\/wp\/2026\/01\/filhote-de-elefante-marinho-monitorado-passa-por-navegantes\/\" \/>\n<meta property=\"og:site_name\" content=\"Jornal nos Bairros\" \/>\n<meta property=\"article:publisher\" content=\"https:\/\/www.facebook.com\/jornalnosbairros\" \/>\n<meta property=\"article:author\" content=\"https:\/\/www.facebook.com\/jornalnosbairros\" \/>\n<meta property=\"article:published_time\" content=\"2026-01-26T12:01:12+00:00\" \/>\n<meta property=\"article:modified_time\" content=\"2026-01-26T20:48:47+00:00\" \/>\n<meta property=\"og:image\" content=\"https:\/\/jornalnosbairros.com.br\/wp\/wp-content\/uploads\/2026\/01\/Filhote-de-elefante-marinho-monitorado-passa-por-Navegantes.png\" \/>\n\t<meta property=\"og:image:width\" content=\"625\" \/>\n\t<meta property=\"og:image:height\" content=\"353\" \/>\n\t<meta property=\"og:image:type\" content=\"image\/png\" \/>\n<meta name=\"author\" content=\"Editoria\" \/>\n<meta name=\"twitter:card\" content=\"summary_large_image\" \/>\n<meta name=\"twitter:creator\" content=\"@https:\/\/twitter.com\/jornal_bairros\" \/>\n<meta name=\"twitter:site\" content=\"@jornal_bairros\" \/>\n<meta name=\"twitter:label1\" content=\"Escrito por\" \/>\n\t<meta name=\"twitter:data1\" content=\"Editoria\" \/>\n\t<meta name=\"twitter:label2\" content=\"Est. tempo de leitura\" \/>\n\t<meta name=\"twitter:data2\" content=\"2 minutos\" \/>\n<script type=\"application\/ld+json\" class=\"yoast-schema-graph\">{\"@context\":\"https:\\\/\\\/schema.org\",\"@graph\":[{\"@type\":\"Article\",\"@id\":\"https:\\\/\\\/jornalnosbairros.com.br\\\/wp\\\/2026\\\/01\\\/filhote-de-elefante-marinho-monitorado-passa-por-navegantes\\\/#article\",\"isPartOf\":{\"@id\":\"https:\\\/\\\/jornalnosbairros.com.br\\\/wp\\\/2026\\\/01\\\/filhote-de-elefante-marinho-monitorado-passa-por-navegantes\\\/\"},\"author\":{\"name\":\"Editoria\",\"@id\":\"https:\\\/\\\/jornalnosbairros.com.br\\\/wp\\\/#\\\/schema\\\/person\\\/9a74fde2f4332c018c3b4d29a6129437\"},\"headline\":\"Filhote de elefante-marinho monitorado passa por Navegantes\",\"datePublished\":\"2026-01-26T12:01:12+00:00\",\"dateModified\":\"2026-01-26T20:48:47+00:00\",\"mainEntityOfPage\":{\"@id\":\"https:\\\/\\\/jornalnosbairros.com.br\\\/wp\\\/2026\\\/01\\\/filhote-de-elefante-marinho-monitorado-passa-por-navegantes\\\/\"},\"wordCount\":409,\"commentCount\":0,\"publisher\":{\"@id\":\"https:\\\/\\\/jornalnosbairros.com.br\\\/wp\\\/#organization\"},\"image\":{\"@id\":\"https:\\\/\\\/jornalnosbairros.com.br\\\/wp\\\/2026\\\/01\\\/filhote-de-elefante-marinho-monitorado-passa-por-navegantes\\\/#primaryimage\"},\"thumbnailUrl\":\"https:\\\/\\\/jornalnosbairros.com.br\\\/wp\\\/wp-content\\\/uploads\\\/2026\\\/01\\\/Filhote-de-elefante-marinho-monitorado-passa-por-Navegantes.png\",\"keywords\":[\"meio ambiente\"],\"articleSection\":[\"MEIO AMBIENTE\"],\"inLanguage\":\"pt-BR\",\"potentialAction\":[{\"@type\":\"CommentAction\",\"name\":\"Comment\",\"target\":[\"https:\\\/\\\/jornalnosbairros.com.br\\\/wp\\\/2026\\\/01\\\/filhote-de-elefante-marinho-monitorado-passa-por-navegantes\\\/#respond\"]}]},{\"@type\":\"WebPage\",\"@id\":\"https:\\\/\\\/jornalnosbairros.com.br\\\/wp\\\/2026\\\/01\\\/filhote-de-elefante-marinho-monitorado-passa-por-navegantes\\\/\",\"url\":\"https:\\\/\\\/jornalnosbairros.com.br\\\/wp\\\/2026\\\/01\\\/filhote-de-elefante-marinho-monitorado-passa-por-navegantes\\\/\",\"name\":\"Filhote de elefante-marinho monitorado passa por Navegantes - Jornal nos Bairros\",\"isPartOf\":{\"@id\":\"https:\\\/\\\/jornalnosbairros.com.br\\\/wp\\\/#website\"},\"primaryImageOfPage\":{\"@id\":\"https:\\\/\\\/jornalnosbairros.com.br\\\/wp\\\/2026\\\/01\\\/filhote-de-elefante-marinho-monitorado-passa-por-navegantes\\\/#primaryimage\"},\"image\":{\"@id\":\"https:\\\/\\\/jornalnosbairros.com.br\\\/wp\\\/2026\\\/01\\\/filhote-de-elefante-marinho-monitorado-passa-por-navegantes\\\/#primaryimage\"},\"thumbnailUrl\":\"https:\\\/\\\/jornalnosbairros.com.br\\\/wp\\\/wp-content\\\/uploads\\\/2026\\\/01\\\/Filhote-de-elefante-marinho-monitorado-passa-por-Navegantes.png\",\"datePublished\":\"2026-01-26T12:01:12+00:00\",\"dateModified\":\"2026-01-26T20:48:47+00:00\",\"description\":\"O primeiro filhote de elefante-marinho monitorado no Brasil foi registrado no litoral de Navegantes e Itaja\u00ed no \u00faltimo s\u00e1bado (24),\",\"inLanguage\":\"pt-BR\",\"potentialAction\":[{\"@type\":\"ReadAction\",\"target\":[\"https:\\\/\\\/jornalnosbairros.com.br\\\/wp\\\/2026\\\/01\\\/filhote-de-elefante-marinho-monitorado-passa-por-navegantes\\\/\"]}]},{\"@type\":\"ImageObject\",\"inLanguage\":\"pt-BR\",\"@id\":\"https:\\\/\\\/jornalnosbairros.com.br\\\/wp\\\/2026\\\/01\\\/filhote-de-elefante-marinho-monitorado-passa-por-navegantes\\\/#primaryimage\",\"url\":\"https:\\\/\\\/jornalnosbairros.com.br\\\/wp\\\/wp-content\\\/uploads\\\/2026\\\/01\\\/Filhote-de-elefante-marinho-monitorado-passa-por-Navegantes.png\",\"contentUrl\":\"https:\\\/\\\/jornalnosbairros.com.br\\\/wp\\\/wp-content\\\/uploads\\\/2026\\\/01\\\/Filhote-de-elefante-marinho-monitorado-passa-por-Navegantes.png\",\"width\":625,\"height\":353},{\"@type\":\"WebSite\",\"@id\":\"https:\\\/\\\/jornalnosbairros.com.br\\\/wp\\\/#website\",\"url\":\"https:\\\/\\\/jornalnosbairros.com.br\\\/wp\\\/\",\"name\":\"Jornal nos Bairros\",\"description\":\"Not\u00edcias di\u00e1rias de Navegantes e regi\u00e3o\",\"publisher\":{\"@id\":\"https:\\\/\\\/jornalnosbairros.com.br\\\/wp\\\/#organization\"},\"alternateName\":\"JB\",\"potentialAction\":[{\"@type\":\"SearchAction\",\"target\":{\"@type\":\"EntryPoint\",\"urlTemplate\":\"https:\\\/\\\/jornalnosbairros.com.br\\\/wp\\\/?s={search_term_string}\"},\"query-input\":{\"@type\":\"PropertyValueSpecification\",\"valueRequired\":true,\"valueName\":\"search_term_string\"}}],\"inLanguage\":\"pt-BR\"},{\"@type\":\"Organization\",\"@id\":\"https:\\\/\\\/jornalnosbairros.com.br\\\/wp\\\/#organization\",\"name\":\"Jornal nos Bairros de Navegantes\",\"url\":\"https:\\\/\\\/jornalnosbairros.com.br\\\/wp\\\/\",\"logo\":{\"@type\":\"ImageObject\",\"inLanguage\":\"pt-BR\",\"@id\":\"https:\\\/\\\/jornalnosbairros.com.br\\\/wp\\\/#\\\/schema\\\/logo\\\/image\\\/\",\"url\":\"https:\\\/\\\/jornalnosbairros.com.br\\\/wp\\\/wp-content\\\/uploads\\\/2025\\\/01\\\/LOGO-JB.png\",\"contentUrl\":\"https:\\\/\\\/jornalnosbairros.com.br\\\/wp\\\/wp-content\\\/uploads\\\/2025\\\/01\\\/LOGO-JB.png\",\"width\":168,\"height\":150,\"caption\":\"Jornal nos Bairros de Navegantes\"},\"image\":{\"@id\":\"https:\\\/\\\/jornalnosbairros.com.br\\\/wp\\\/#\\\/schema\\\/logo\\\/image\\\/\"},\"sameAs\":[\"https:\\\/\\\/www.facebook.com\\\/jornalnosbairros\",\"https:\\\/\\\/x.com\\\/jornal_bairros\",\"https:\\\/\\\/www.instagram.com\\\/jornalnosbairros\",\"https:\\\/\\\/www.youtube.com\\\/@jornalnosbairros\"]},{\"@type\":\"Person\",\"@id\":\"https:\\\/\\\/jornalnosbairros.com.br\\\/wp\\\/#\\\/schema\\\/person\\\/9a74fde2f4332c018c3b4d29a6129437\",\"name\":\"Editoria\",\"image\":{\"@type\":\"ImageObject\",\"inLanguage\":\"pt-BR\",\"@id\":\"https:\\\/\\\/secure.gravatar.com\\\/avatar\\\/b53a04b7003d01b914d43ebacd13b233f0d99ed1cb7f8cb7d8553ef90e3f466b?s=96&r=g\",\"url\":\"https:\\\/\\\/secure.gravatar.com\\\/avatar\\\/b53a04b7003d01b914d43ebacd13b233f0d99ed1cb7f8cb7d8553ef90e3f466b?s=96&r=g\",\"contentUrl\":\"https:\\\/\\\/secure.gravatar.com\\\/avatar\\\/b53a04b7003d01b914d43ebacd13b233f0d99ed1cb7f8cb7d8553ef90e3f466b?s=96&r=g\",\"caption\":\"Editoria\"},\"description\":\"Edi\u00e7\u00e3o do Jornal nos Bairros de Navegantes - Contato: fale@jornalnosbairros.com.br - Siga: @jornalnosbairros - Acesse: www.jornalnosbairros.com.br\",\"sameAs\":[\"http:\\\/\\\/www.jornalnosbairros.com.br\\\/wp\",\"https:\\\/\\\/www.facebook.com\\\/jornalnosbairros\",\"https:\\\/\\\/www.instagram.com\\\/jornalnosbairros\\\/\",\"https:\\\/\\\/x.com\\\/https:\\\/\\\/twitter.com\\\/jornal_bairros\",\"https:\\\/\\\/www.youtube.com\\\/channel\\\/UCbdZNY5wPbaBq5KtRGP4WxQ?view_as=subscriber\"],\"url\":\"https:\\\/\\\/jornalnosbairros.com.br\\\/wp\\\/author\\\/admin\\\/\"}]}<\/script>\n<!-- \/ Yoast SEO plugin. -->","yoast_head_json":{"title":"Filhote de elefante-marinho monitorado passa por Navegantes - Jornal nos Bairros","description":"O primeiro filhote de elefante-marinho monitorado no Brasil foi registrado no litoral de Navegantes e Itaja\u00ed no \u00faltimo s\u00e1bado (24),","robots":{"index":"index","follow":"follow","max-snippet":"max-snippet:-1","max-image-preview":"max-image-preview:large","max-video-preview":"max-video-preview:-1"},"canonical":"https:\/\/jornalnosbairros.com.br\/wp\/2026\/01\/filhote-de-elefante-marinho-monitorado-passa-por-navegantes\/","og_locale":"pt_BR","og_type":"article","og_title":"Filhote de elefante-marinho monitorado passa por Navegantes - Jornal nos Bairros","og_description":"O primeiro filhote de elefante-marinho monitorado no Brasil foi registrado no litoral de Navegantes e Itaja\u00ed no \u00faltimo s\u00e1bado (24),","og_url":"https:\/\/jornalnosbairros.com.br\/wp\/2026\/01\/filhote-de-elefante-marinho-monitorado-passa-por-navegantes\/","og_site_name":"Jornal nos Bairros","article_publisher":"https:\/\/www.facebook.com\/jornalnosbairros","article_author":"https:\/\/www.facebook.com\/jornalnosbairros","article_published_time":"2026-01-26T12:01:12+00:00","article_modified_time":"2026-01-26T20:48:47+00:00","og_image":[{"width":625,"height":353,"url":"https:\/\/jornalnosbairros.com.br\/wp\/wp-content\/uploads\/2026\/01\/Filhote-de-elefante-marinho-monitorado-passa-por-Navegantes.png","type":"image\/png"}],"author":"Editoria","twitter_card":"summary_large_image","twitter_creator":"@https:\/\/twitter.com\/jornal_bairros","twitter_site":"@jornal_bairros","twitter_misc":{"Escrito por":"Editoria","Est. tempo de leitura":"2 minutos"},"schema":{"@context":"https:\/\/schema.org","@graph":[{"@type":"Article","@id":"https:\/\/jornalnosbairros.com.br\/wp\/2026\/01\/filhote-de-elefante-marinho-monitorado-passa-por-navegantes\/#article","isPartOf":{"@id":"https:\/\/jornalnosbairros.com.br\/wp\/2026\/01\/filhote-de-elefante-marinho-monitorado-passa-por-navegantes\/"},"author":{"name":"Editoria","@id":"https:\/\/jornalnosbairros.com.br\/wp\/#\/schema\/person\/9a74fde2f4332c018c3b4d29a6129437"},"headline":"Filhote de elefante-marinho monitorado passa por Navegantes","datePublished":"2026-01-26T12:01:12+00:00","dateModified":"2026-01-26T20:48:47+00:00","mainEntityOfPage":{"@id":"https:\/\/jornalnosbairros.com.br\/wp\/2026\/01\/filhote-de-elefante-marinho-monitorado-passa-por-navegantes\/"},"wordCount":409,"commentCount":0,"publisher":{"@id":"https:\/\/jornalnosbairros.com.br\/wp\/#organization"},"image":{"@id":"https:\/\/jornalnosbairros.com.br\/wp\/2026\/01\/filhote-de-elefante-marinho-monitorado-passa-por-navegantes\/#primaryimage"},"thumbnailUrl":"https:\/\/jornalnosbairros.com.br\/wp\/wp-content\/uploads\/2026\/01\/Filhote-de-elefante-marinho-monitorado-passa-por-Navegantes.png","keywords":["meio ambiente"],"articleSection":["MEIO AMBIENTE"],"inLanguage":"pt-BR","potentialAction":[{"@type":"CommentAction","name":"Comment","target":["https:\/\/jornalnosbairros.com.br\/wp\/2026\/01\/filhote-de-elefante-marinho-monitorado-passa-por-navegantes\/#respond"]}]},{"@type":"WebPage","@id":"https:\/\/jornalnosbairros.com.br\/wp\/2026\/01\/filhote-de-elefante-marinho-monitorado-passa-por-navegantes\/","url":"https:\/\/jornalnosbairros.com.br\/wp\/2026\/01\/filhote-de-elefante-marinho-monitorado-passa-por-navegantes\/","name":"Filhote de elefante-marinho monitorado passa por Navegantes - Jornal nos Bairros","isPartOf":{"@id":"https:\/\/jornalnosbairros.com.br\/wp\/#website"},"primaryImageOfPage":{"@id":"https:\/\/jornalnosbairros.com.br\/wp\/2026\/01\/filhote-de-elefante-marinho-monitorado-passa-por-navegantes\/#primaryimage"},"image":{"@id":"https:\/\/jornalnosbairros.com.br\/wp\/2026\/01\/filhote-de-elefante-marinho-monitorado-passa-por-navegantes\/#primaryimage"},"thumbnailUrl":"https:\/\/jornalnosbairros.com.br\/wp\/wp-content\/uploads\/2026\/01\/Filhote-de-elefante-marinho-monitorado-passa-por-Navegantes.png","datePublished":"2026-01-26T12:01:12+00:00","dateModified":"2026-01-26T20:48:47+00:00","description":"O primeiro filhote de elefante-marinho monitorado no Brasil foi registrado no litoral de Navegantes e Itaja\u00ed no \u00faltimo s\u00e1bado (24),","inLanguage":"pt-BR","potentialAction":[{"@type":"ReadAction","target":["https:\/\/jornalnosbairros.com.br\/wp\/2026\/01\/filhote-de-elefante-marinho-monitorado-passa-por-navegantes\/"]}]},{"@type":"ImageObject","inLanguage":"pt-BR","@id":"https:\/\/jornalnosbairros.com.br\/wp\/2026\/01\/filhote-de-elefante-marinho-monitorado-passa-por-navegantes\/#primaryimage","url":"https:\/\/jornalnosbairros.com.br\/wp\/wp-content\/uploads\/2026\/01\/Filhote-de-elefante-marinho-monitorado-passa-por-Navegantes.png","contentUrl":"https:\/\/jornalnosbairros.com.br\/wp\/wp-content\/uploads\/2026\/01\/Filhote-de-elefante-marinho-monitorado-passa-por-Navegantes.png","width":625,"height":353},{"@type":"WebSite","@id":"https:\/\/jornalnosbairros.com.br\/wp\/#website","url":"https:\/\/jornalnosbairros.com.br\/wp\/","name":"Jornal nos Bairros","description":"Not\u00edcias di\u00e1rias de Navegantes e regi\u00e3o","publisher":{"@id":"https:\/\/jornalnosbairros.com.br\/wp\/#organization"},"alternateName":"JB","potentialAction":[{"@type":"SearchAction","target":{"@type":"EntryPoint","urlTemplate":"https:\/\/jornalnosbairros.com.br\/wp\/?s={search_term_string}"},"query-input":{"@type":"PropertyValueSpecification","valueRequired":true,"valueName":"search_term_string"}}],"inLanguage":"pt-BR"},{"@type":"Organization","@id":"https:\/\/jornalnosbairros.com.br\/wp\/#organization","name":"Jornal nos Bairros de Navegantes","url":"https:\/\/jornalnosbairros.com.br\/wp\/","logo":{"@type":"ImageObject","inLanguage":"pt-BR","@id":"https:\/\/jornalnosbairros.com.br\/wp\/#\/schema\/logo\/image\/","url":"https:\/\/jornalnosbairros.com.br\/wp\/wp-content\/uploads\/2025\/01\/LOGO-JB.png","contentUrl":"https:\/\/jornalnosbairros.com.br\/wp\/wp-content\/uploads\/2025\/01\/LOGO-JB.png","width":168,"height":150,"caption":"Jornal nos Bairros de Navegantes"},"image":{"@id":"https:\/\/jornalnosbairros.com.br\/wp\/#\/schema\/logo\/image\/"},"sameAs":["https:\/\/www.facebook.com\/jornalnosbairros","https:\/\/x.com\/jornal_bairros","https:\/\/www.instagram.com\/jornalnosbairros","https:\/\/www.youtube.com\/@jornalnosbairros"]},{"@type":"Person","@id":"https:\/\/jornalnosbairros.com.br\/wp\/#\/schema\/person\/9a74fde2f4332c018c3b4d29a6129437","name":"Editoria","image":{"@type":"ImageObject","inLanguage":"pt-BR","@id":"https:\/\/secure.gravatar.com\/avatar\/b53a04b7003d01b914d43ebacd13b233f0d99ed1cb7f8cb7d8553ef90e3f466b?s=96&r=g","url":"https:\/\/secure.gravatar.com\/avatar\/b53a04b7003d01b914d43ebacd13b233f0d99ed1cb7f8cb7d8553ef90e3f466b?s=96&r=g","contentUrl":"https:\/\/secure.gravatar.com\/avatar\/b53a04b7003d01b914d43ebacd13b233f0d99ed1cb7f8cb7d8553ef90e3f466b?s=96&r=g","caption":"Editoria"},"description":"Edi\u00e7\u00e3o do Jornal nos Bairros de Navegantes - Contato: fale@jornalnosbairros.com.br - Siga: @jornalnosbairros - Acesse: www.jornalnosbairros.com.br","sameAs":["http:\/\/www.jornalnosbairros.com.br\/wp","https:\/\/www.facebook.com\/jornalnosbairros","https:\/\/www.instagram.com\/jornalnosbairros\/","https:\/\/x.com\/https:\/\/twitter.com\/jornal_bairros","https:\/\/www.youtube.com\/channel\/UCbdZNY5wPbaBq5KtRGP4WxQ?view_as=subscriber"],"url":"https:\/\/jornalnosbairros.com.br\/wp\/author\/admin\/"}]}},"_links":{"self":[{"href":"https:\/\/jornalnosbairros.com.br\/wp\/wp-json\/wp\/v2\/posts\/44811","targetHints":{"allow":["GET"]}}],"collection":[{"href":"https:\/\/jornalnosbairros.com.br\/wp\/wp-json\/wp\/v2\/posts"}],"about":[{"href":"https:\/\/jornalnosbairros.com.br\/wp\/wp-json\/wp\/v2\/types\/post"}],"author":[{"embeddable":true,"href":"https:\/\/jornalnosbairros.com.br\/wp\/wp-json\/wp\/v2\/users\/1"}],"replies":[{"embeddable":true,"href":"https:\/\/jornalnosbairros.com.br\/wp\/wp-json\/wp\/v2\/comments?post=44811"}],"version-history":[{"count":2,"href":"https:\/\/jornalnosbairros.com.br\/wp\/wp-json\/wp\/v2\/posts\/44811\/revisions"}],"predecessor-version":[{"id":44845,"href":"https:\/\/jornalnosbairros.com.br\/wp\/wp-json\/wp\/v2\/posts\/44811\/revisions\/44845"}],"wp:featuredmedia":[{"embeddable":true,"href":"https:\/\/jornalnosbairros.com.br\/wp\/wp-json\/wp\/v2\/media\/44812"}],"wp:attachment":[{"href":"https:\/\/jornalnosbairros.com.br\/wp\/wp-json\/wp\/v2\/media?parent=44811"}],"wp:term":[{"taxonomy":"category","embeddable":true,"href":"https:\/\/jornalnosbairros.com.br\/wp\/wp-json\/wp\/v2\/categories?post=44811"},{"taxonomy":"post_tag","embeddable":true,"href":"https:\/\/jornalnosbairros.com.br\/wp\/wp-json\/wp\/v2\/tags?post=44811"}],"curies":[{"name":"wp","href":"https:\/\/api.w.org\/{rel}","templated":true}]}}