{"id":44794,"date":"2026-01-23T14:23:42","date_gmt":"2026-01-23T17:23:42","guid":{"rendered":"https:\/\/jornalnosbairros.com.br\/wp\/?p=44794"},"modified":"2026-01-23T14:23:43","modified_gmt":"2026-01-23T17:23:43","slug":"secretaria-de-educacao-de-navegantes-tera-nova-gestora-a-partir-de-fevereiro","status":"publish","type":"post","link":"https:\/\/jornalnosbairros.com.br\/wp\/2026\/01\/secretaria-de-educacao-de-navegantes-tera-nova-gestora-a-partir-de-fevereiro\/","title":{"rendered":"Secretaria de Educa\u00e7\u00e3o de Navegantes ter\u00e1 nova gestora a partir de fevereiro"},"content":{"rendered":"\n<p><strong><em>Doutora em Educa\u00e7\u00e3o, professora assume a pasta no lugar de Natally Oliveira, que deixa o cargo para se dedicar \u00e0 maternidade<\/em><\/strong><\/p>\n\n\n\n<p>A professora e doutora em Educa\u00e7\u00e3o Ana Paula Rudolf ser\u00e1 a nova secret\u00e1ria de Educa\u00e7\u00e3o de Navegantes a partir do in\u00edcio de fevereiro. Ela assume a pasta no lugar de Natally Oliveira Francisco, que estava \u00e0 frente da Secretaria de Educa\u00e7\u00e3o desde novembro de 2024 e deixa o cargo para se dedicar \u00e0 gesta\u00e7\u00e3o do primeiro filho.<\/p>\n\n\n\n<p>Ao assumir a Secretaria de Educa\u00e7\u00e3o de Navegantes, Ana Paula destacou o compromisso com o fortalecimento das pol\u00edticas p\u00fablicas educacionais, com foco na qualidade do ensino, inova\u00e7\u00e3o e di\u00e1logo com a comunidade escolar. <\/p>\n\n\n\n<blockquote class=\"wp-block-quote is-layout-flow wp-block-quote-is-layout-flow\">\n<p>\u201c\u00c0 frente da Secretaria de Educa\u00e7\u00e3o de Navegantes, assumo o compromisso de fortalecer pol\u00edticas p\u00fablicas que garantam qualidade, equidade e inova\u00e7\u00e3o no ensino, com foco no desenvolvimento integral dos estudantes e na valoriza\u00e7\u00e3o dos profissionais da educa\u00e7\u00e3o, al\u00e9m de escuta ativa com a comunidade escolar\u201d, afirma.<\/p>\n<\/blockquote>\n\n\n\n<p><strong>Trajet\u00f3ria acad\u00eamica e experi\u00eancia na gest\u00e3o p\u00fablica<\/strong><\/p>\n\n\n\n<p>Ana Paula Rudolf \u00e9 pedagoga formada pela Universidade do Vale do Itaja\u00ed (Univali), mestre na \u00e1rea e doutora em Educa\u00e7\u00e3o pela Universidade do Estado de Santa Catarina (Udesc). Sua trajet\u00f3ria profissional \u00e9 voltada principalmente \u00e0 Educa\u00e7\u00e3o Infantil, alfabetiza\u00e7\u00e3o e forma\u00e7\u00e3o de professores, \u00e1reas nas quais tamb\u00e9m desenvolve pesquisas e produ\u00e7\u00f5es acad\u00eamicas.<\/p>\n\n\n\n<p>Na gest\u00e3o p\u00fablica, acumulou experi\u00eancia como coordenadora de Ensino da Educa\u00e7\u00e3o Infantil na Secretaria Municipal de Educa\u00e7\u00e3o de Itaja\u00ed, fun\u00e7\u00e3o que exerceu por oito anos. Tamb\u00e9m atuou como consultora e integrou a equipe de autores da Pol\u00edtica Estadual de Alfabetiza\u00e7\u00e3o de Santa Catarina. Paralelamente, \u00e9 professora da rede p\u00fablica municipal e do ensino superior.<\/p>\n\n\n\n<p>O prefeito em exerc\u00edcio de Navegantes, Ricardo Ventura, destacou que a escolha de Ana Paula segue o compromisso do governo municipal com um secretariado t\u00e9cnico e com experi\u00eancia na \u00e1rea de atua\u00e7\u00e3o.<\/p>\n\n\n\n<blockquote class=\"wp-block-quote is-layout-flow wp-block-quote-is-layout-flow\">\n<p>\u201cAgradecemos \u00e0 secret\u00e1ria Natally que desempenhou um trabalho s\u00e9rio, comprometido e sens\u00edvel \u00e0 realidade da nossa rede de ensino. Sua atua\u00e7\u00e3o contribuiu para colocar em pr\u00e1tica as pol\u00edticas p\u00fablicas educacionais e a dar continuidade a projetos importantes e estrat\u00e9gicos para nossa cidade\u201d, disse Ricardo.<\/p>\n<\/blockquote>\n","protected":false},"excerpt":{"rendered":"<p>Doutora em Educa\u00e7\u00e3o, professora assume a pasta no lugar de Natally Oliveira, que deixa o cargo para se dedicar \u00e0 maternidade A professora e doutora em Educa\u00e7\u00e3o Ana Paula Rudolf ser\u00e1 a nova&hellip;<\/p>\n","protected":false},"author":1,"featured_media":44797,"comment_status":"open","ping_status":"closed","sticky":false,"template":"","format":"standard","meta":{"footnotes":""},"categories":[20],"tags":[177],"class_list":["post-44794","post","type-post","status-publish","format-standard","has-post-thumbnail","hentry","category-educacao","tag-educacao"],"yoast_head":"<!-- This site is optimized with the Yoast SEO plugin v27.5 - https:\/\/yoast.com\/product\/yoast-seo-wordpress\/ -->\n<title>Secretaria de Educa\u00e7\u00e3o de Navegantes ter\u00e1 nova gestora a partir de fevereiro - Jornal nos Bairros<\/title>\n<meta name=\"description\" content=\"Doutora em Educa\u00e7\u00e3o, professora assume a pasta no lugar de Natally Oliveira, que deixa o cargo para se dedicar \u00e0 maternidade\" \/>\n<meta name=\"robots\" content=\"index, follow, max-snippet:-1, max-image-preview:large, max-video-preview:-1\" \/>\n<link rel=\"canonical\" href=\"https:\/\/jornalnosbairros.com.br\/wp\/2026\/01\/secretaria-de-educacao-de-navegantes-tera-nova-gestora-a-partir-de-fevereiro\/\" \/>\n<meta property=\"og:locale\" content=\"pt_BR\" \/>\n<meta property=\"og:type\" content=\"article\" \/>\n<meta property=\"og:title\" content=\"Secretaria de Educa\u00e7\u00e3o de Navegantes ter\u00e1 nova gestora a partir de fevereiro - Jornal nos Bairros\" \/>\n<meta property=\"og:description\" content=\"Doutora em Educa\u00e7\u00e3o, professora assume a pasta no lugar de Natally Oliveira, que deixa o cargo para se dedicar \u00e0 maternidade\" \/>\n<meta property=\"og:url\" content=\"https:\/\/jornalnosbairros.com.br\/wp\/2026\/01\/secretaria-de-educacao-de-navegantes-tera-nova-gestora-a-partir-de-fevereiro\/\" \/>\n<meta property=\"og:site_name\" content=\"Jornal nos Bairros\" \/>\n<meta property=\"article:publisher\" content=\"https:\/\/www.facebook.com\/jornalnosbairros\" \/>\n<meta property=\"article:author\" content=\"https:\/\/www.facebook.com\/jornalnosbairros\" \/>\n<meta property=\"article:published_time\" content=\"2026-01-23T17:23:42+00:00\" \/>\n<meta property=\"article:modified_time\" content=\"2026-01-23T17:23:43+00:00\" \/>\n<meta property=\"og:image\" content=\"https:\/\/jornalnosbairros.com.br\/wp\/wp-content\/uploads\/2026\/01\/Secretaria-de-Educacao-de-Navegantes-tera-nova-gestora-a-partir-de-fevereiro.jpg\" \/>\n\t<meta property=\"og:image:width\" content=\"1400\" \/>\n\t<meta property=\"og:image:height\" content=\"1050\" \/>\n\t<meta property=\"og:image:type\" content=\"image\/jpeg\" \/>\n<meta name=\"author\" content=\"Editoria\" \/>\n<meta name=\"twitter:card\" content=\"summary_large_image\" \/>\n<meta name=\"twitter:creator\" content=\"@https:\/\/twitter.com\/jornal_bairros\" \/>\n<meta name=\"twitter:site\" content=\"@jornal_bairros\" \/>\n<meta name=\"twitter:label1\" content=\"Escrito por\" \/>\n\t<meta name=\"twitter:data1\" content=\"Editoria\" \/>\n\t<meta name=\"twitter:label2\" content=\"Est. tempo de leitura\" \/>\n\t<meta name=\"twitter:data2\" content=\"2 minutos\" \/>\n<script type=\"application\/ld+json\" class=\"yoast-schema-graph\">{\"@context\":\"https:\\\/\\\/schema.org\",\"@graph\":[{\"@type\":\"Article\",\"@id\":\"https:\\\/\\\/jornalnosbairros.com.br\\\/wp\\\/2026\\\/01\\\/secretaria-de-educacao-de-navegantes-tera-nova-gestora-a-partir-de-fevereiro\\\/#article\",\"isPartOf\":{\"@id\":\"https:\\\/\\\/jornalnosbairros.com.br\\\/wp\\\/2026\\\/01\\\/secretaria-de-educacao-de-navegantes-tera-nova-gestora-a-partir-de-fevereiro\\\/\"},\"author\":{\"name\":\"Editoria\",\"@id\":\"https:\\\/\\\/jornalnosbairros.com.br\\\/wp\\\/#\\\/schema\\\/person\\\/9a74fde2f4332c018c3b4d29a6129437\"},\"headline\":\"Secretaria de Educa\u00e7\u00e3o de Navegantes ter\u00e1 nova gestora a partir de fevereiro\",\"datePublished\":\"2026-01-23T17:23:42+00:00\",\"dateModified\":\"2026-01-23T17:23:43+00:00\",\"mainEntityOfPage\":{\"@id\":\"https:\\\/\\\/jornalnosbairros.com.br\\\/wp\\\/2026\\\/01\\\/secretaria-de-educacao-de-navegantes-tera-nova-gestora-a-partir-de-fevereiro\\\/\"},\"wordCount\":401,\"commentCount\":0,\"publisher\":{\"@id\":\"https:\\\/\\\/jornalnosbairros.com.br\\\/wp\\\/#organization\"},\"image\":{\"@id\":\"https:\\\/\\\/jornalnosbairros.com.br\\\/wp\\\/2026\\\/01\\\/secretaria-de-educacao-de-navegantes-tera-nova-gestora-a-partir-de-fevereiro\\\/#primaryimage\"},\"thumbnailUrl\":\"https:\\\/\\\/jornalnosbairros.com.br\\\/wp\\\/wp-content\\\/uploads\\\/2026\\\/01\\\/Secretaria-de-Educacao-de-Navegantes-tera-nova-gestora-a-partir-de-fevereiro.jpg\",\"keywords\":[\"educa\u00e7\u00e3o\"],\"articleSection\":[\"EDUCA\u00c7\u00c3O\"],\"inLanguage\":\"pt-BR\",\"potentialAction\":[{\"@type\":\"CommentAction\",\"name\":\"Comment\",\"target\":[\"https:\\\/\\\/jornalnosbairros.com.br\\\/wp\\\/2026\\\/01\\\/secretaria-de-educacao-de-navegantes-tera-nova-gestora-a-partir-de-fevereiro\\\/#respond\"]}]},{\"@type\":\"WebPage\",\"@id\":\"https:\\\/\\\/jornalnosbairros.com.br\\\/wp\\\/2026\\\/01\\\/secretaria-de-educacao-de-navegantes-tera-nova-gestora-a-partir-de-fevereiro\\\/\",\"url\":\"https:\\\/\\\/jornalnosbairros.com.br\\\/wp\\\/2026\\\/01\\\/secretaria-de-educacao-de-navegantes-tera-nova-gestora-a-partir-de-fevereiro\\\/\",\"name\":\"Secretaria de Educa\u00e7\u00e3o de Navegantes ter\u00e1 nova gestora a partir de fevereiro - Jornal nos Bairros\",\"isPartOf\":{\"@id\":\"https:\\\/\\\/jornalnosbairros.com.br\\\/wp\\\/#website\"},\"primaryImageOfPage\":{\"@id\":\"https:\\\/\\\/jornalnosbairros.com.br\\\/wp\\\/2026\\\/01\\\/secretaria-de-educacao-de-navegantes-tera-nova-gestora-a-partir-de-fevereiro\\\/#primaryimage\"},\"image\":{\"@id\":\"https:\\\/\\\/jornalnosbairros.com.br\\\/wp\\\/2026\\\/01\\\/secretaria-de-educacao-de-navegantes-tera-nova-gestora-a-partir-de-fevereiro\\\/#primaryimage\"},\"thumbnailUrl\":\"https:\\\/\\\/jornalnosbairros.com.br\\\/wp\\\/wp-content\\\/uploads\\\/2026\\\/01\\\/Secretaria-de-Educacao-de-Navegantes-tera-nova-gestora-a-partir-de-fevereiro.jpg\",\"datePublished\":\"2026-01-23T17:23:42+00:00\",\"dateModified\":\"2026-01-23T17:23:43+00:00\",\"description\":\"Doutora em Educa\u00e7\u00e3o, professora assume a pasta no lugar de Natally Oliveira, que deixa o cargo para se dedicar \u00e0 maternidade\",\"inLanguage\":\"pt-BR\",\"potentialAction\":[{\"@type\":\"ReadAction\",\"target\":[\"https:\\\/\\\/jornalnosbairros.com.br\\\/wp\\\/2026\\\/01\\\/secretaria-de-educacao-de-navegantes-tera-nova-gestora-a-partir-de-fevereiro\\\/\"]}]},{\"@type\":\"ImageObject\",\"inLanguage\":\"pt-BR\",\"@id\":\"https:\\\/\\\/jornalnosbairros.com.br\\\/wp\\\/2026\\\/01\\\/secretaria-de-educacao-de-navegantes-tera-nova-gestora-a-partir-de-fevereiro\\\/#primaryimage\",\"url\":\"https:\\\/\\\/jornalnosbairros.com.br\\\/wp\\\/wp-content\\\/uploads\\\/2026\\\/01\\\/Secretaria-de-Educacao-de-Navegantes-tera-nova-gestora-a-partir-de-fevereiro.jpg\",\"contentUrl\":\"https:\\\/\\\/jornalnosbairros.com.br\\\/wp\\\/wp-content\\\/uploads\\\/2026\\\/01\\\/Secretaria-de-Educacao-de-Navegantes-tera-nova-gestora-a-partir-de-fevereiro.jpg\",\"width\":1400,\"height\":1050},{\"@type\":\"WebSite\",\"@id\":\"https:\\\/\\\/jornalnosbairros.com.br\\\/wp\\\/#website\",\"url\":\"https:\\\/\\\/jornalnosbairros.com.br\\\/wp\\\/\",\"name\":\"Jornal nos Bairros\",\"description\":\"Not\u00edcias di\u00e1rias de Navegantes e regi\u00e3o\",\"publisher\":{\"@id\":\"https:\\\/\\\/jornalnosbairros.com.br\\\/wp\\\/#organization\"},\"alternateName\":\"JB\",\"potentialAction\":[{\"@type\":\"SearchAction\",\"target\":{\"@type\":\"EntryPoint\",\"urlTemplate\":\"https:\\\/\\\/jornalnosbairros.com.br\\\/wp\\\/?s={search_term_string}\"},\"query-input\":{\"@type\":\"PropertyValueSpecification\",\"valueRequired\":true,\"valueName\":\"search_term_string\"}}],\"inLanguage\":\"pt-BR\"},{\"@type\":\"Organization\",\"@id\":\"https:\\\/\\\/jornalnosbairros.com.br\\\/wp\\\/#organization\",\"name\":\"Jornal nos Bairros de Navegantes\",\"url\":\"https:\\\/\\\/jornalnosbairros.com.br\\\/wp\\\/\",\"logo\":{\"@type\":\"ImageObject\",\"inLanguage\":\"pt-BR\",\"@id\":\"https:\\\/\\\/jornalnosbairros.com.br\\\/wp\\\/#\\\/schema\\\/logo\\\/image\\\/\",\"url\":\"https:\\\/\\\/jornalnosbairros.com.br\\\/wp\\\/wp-content\\\/uploads\\\/2025\\\/01\\\/LOGO-JB.png\",\"contentUrl\":\"https:\\\/\\\/jornalnosbairros.com.br\\\/wp\\\/wp-content\\\/uploads\\\/2025\\\/01\\\/LOGO-JB.png\",\"width\":168,\"height\":150,\"caption\":\"Jornal nos Bairros de Navegantes\"},\"image\":{\"@id\":\"https:\\\/\\\/jornalnosbairros.com.br\\\/wp\\\/#\\\/schema\\\/logo\\\/image\\\/\"},\"sameAs\":[\"https:\\\/\\\/www.facebook.com\\\/jornalnosbairros\",\"https:\\\/\\\/x.com\\\/jornal_bairros\",\"https:\\\/\\\/www.instagram.com\\\/jornalnosbairros\",\"https:\\\/\\\/www.youtube.com\\\/@jornalnosbairros\"]},{\"@type\":\"Person\",\"@id\":\"https:\\\/\\\/jornalnosbairros.com.br\\\/wp\\\/#\\\/schema\\\/person\\\/9a74fde2f4332c018c3b4d29a6129437\",\"name\":\"Editoria\",\"image\":{\"@type\":\"ImageObject\",\"inLanguage\":\"pt-BR\",\"@id\":\"https:\\\/\\\/secure.gravatar.com\\\/avatar\\\/b53a04b7003d01b914d43ebacd13b233f0d99ed1cb7f8cb7d8553ef90e3f466b?s=96&r=g\",\"url\":\"https:\\\/\\\/secure.gravatar.com\\\/avatar\\\/b53a04b7003d01b914d43ebacd13b233f0d99ed1cb7f8cb7d8553ef90e3f466b?s=96&r=g\",\"contentUrl\":\"https:\\\/\\\/secure.gravatar.com\\\/avatar\\\/b53a04b7003d01b914d43ebacd13b233f0d99ed1cb7f8cb7d8553ef90e3f466b?s=96&r=g\",\"caption\":\"Editoria\"},\"description\":\"Edi\u00e7\u00e3o do Jornal nos Bairros de Navegantes - Contato: fale@jornalnosbairros.com.br - Siga: @jornalnosbairros - Acesse: www.jornalnosbairros.com.br\",\"sameAs\":[\"http:\\\/\\\/www.jornalnosbairros.com.br\\\/wp\",\"https:\\\/\\\/www.facebook.com\\\/jornalnosbairros\",\"https:\\\/\\\/www.instagram.com\\\/jornalnosbairros\\\/\",\"https:\\\/\\\/x.com\\\/https:\\\/\\\/twitter.com\\\/jornal_bairros\",\"https:\\\/\\\/www.youtube.com\\\/channel\\\/UCbdZNY5wPbaBq5KtRGP4WxQ?view_as=subscriber\"],\"url\":\"https:\\\/\\\/jornalnosbairros.com.br\\\/wp\\\/author\\\/admin\\\/\"}]}<\/script>\n<!-- \/ Yoast SEO plugin. -->","yoast_head_json":{"title":"Secretaria de Educa\u00e7\u00e3o de Navegantes ter\u00e1 nova gestora a partir de fevereiro - Jornal nos Bairros","description":"Doutora em Educa\u00e7\u00e3o, professora assume a pasta no lugar de Natally Oliveira, que deixa o cargo para se dedicar \u00e0 maternidade","robots":{"index":"index","follow":"follow","max-snippet":"max-snippet:-1","max-image-preview":"max-image-preview:large","max-video-preview":"max-video-preview:-1"},"canonical":"https:\/\/jornalnosbairros.com.br\/wp\/2026\/01\/secretaria-de-educacao-de-navegantes-tera-nova-gestora-a-partir-de-fevereiro\/","og_locale":"pt_BR","og_type":"article","og_title":"Secretaria de Educa\u00e7\u00e3o de Navegantes ter\u00e1 nova gestora a partir de fevereiro - Jornal nos Bairros","og_description":"Doutora em Educa\u00e7\u00e3o, professora assume a pasta no lugar de Natally Oliveira, que deixa o cargo para se dedicar \u00e0 maternidade","og_url":"https:\/\/jornalnosbairros.com.br\/wp\/2026\/01\/secretaria-de-educacao-de-navegantes-tera-nova-gestora-a-partir-de-fevereiro\/","og_site_name":"Jornal nos Bairros","article_publisher":"https:\/\/www.facebook.com\/jornalnosbairros","article_author":"https:\/\/www.facebook.com\/jornalnosbairros","article_published_time":"2026-01-23T17:23:42+00:00","article_modified_time":"2026-01-23T17:23:43+00:00","og_image":[{"width":1400,"height":1050,"url":"https:\/\/jornalnosbairros.com.br\/wp\/wp-content\/uploads\/2026\/01\/Secretaria-de-Educacao-de-Navegantes-tera-nova-gestora-a-partir-de-fevereiro.jpg","type":"image\/jpeg"}],"author":"Editoria","twitter_card":"summary_large_image","twitter_creator":"@https:\/\/twitter.com\/jornal_bairros","twitter_site":"@jornal_bairros","twitter_misc":{"Escrito por":"Editoria","Est. tempo de leitura":"2 minutos"},"schema":{"@context":"https:\/\/schema.org","@graph":[{"@type":"Article","@id":"https:\/\/jornalnosbairros.com.br\/wp\/2026\/01\/secretaria-de-educacao-de-navegantes-tera-nova-gestora-a-partir-de-fevereiro\/#article","isPartOf":{"@id":"https:\/\/jornalnosbairros.com.br\/wp\/2026\/01\/secretaria-de-educacao-de-navegantes-tera-nova-gestora-a-partir-de-fevereiro\/"},"author":{"name":"Editoria","@id":"https:\/\/jornalnosbairros.com.br\/wp\/#\/schema\/person\/9a74fde2f4332c018c3b4d29a6129437"},"headline":"Secretaria de Educa\u00e7\u00e3o de Navegantes ter\u00e1 nova gestora a partir de fevereiro","datePublished":"2026-01-23T17:23:42+00:00","dateModified":"2026-01-23T17:23:43+00:00","mainEntityOfPage":{"@id":"https:\/\/jornalnosbairros.com.br\/wp\/2026\/01\/secretaria-de-educacao-de-navegantes-tera-nova-gestora-a-partir-de-fevereiro\/"},"wordCount":401,"commentCount":0,"publisher":{"@id":"https:\/\/jornalnosbairros.com.br\/wp\/#organization"},"image":{"@id":"https:\/\/jornalnosbairros.com.br\/wp\/2026\/01\/secretaria-de-educacao-de-navegantes-tera-nova-gestora-a-partir-de-fevereiro\/#primaryimage"},"thumbnailUrl":"https:\/\/jornalnosbairros.com.br\/wp\/wp-content\/uploads\/2026\/01\/Secretaria-de-Educacao-de-Navegantes-tera-nova-gestora-a-partir-de-fevereiro.jpg","keywords":["educa\u00e7\u00e3o"],"articleSection":["EDUCA\u00c7\u00c3O"],"inLanguage":"pt-BR","potentialAction":[{"@type":"CommentAction","name":"Comment","target":["https:\/\/jornalnosbairros.com.br\/wp\/2026\/01\/secretaria-de-educacao-de-navegantes-tera-nova-gestora-a-partir-de-fevereiro\/#respond"]}]},{"@type":"WebPage","@id":"https:\/\/jornalnosbairros.com.br\/wp\/2026\/01\/secretaria-de-educacao-de-navegantes-tera-nova-gestora-a-partir-de-fevereiro\/","url":"https:\/\/jornalnosbairros.com.br\/wp\/2026\/01\/secretaria-de-educacao-de-navegantes-tera-nova-gestora-a-partir-de-fevereiro\/","name":"Secretaria de Educa\u00e7\u00e3o de Navegantes ter\u00e1 nova gestora a partir de fevereiro - Jornal nos Bairros","isPartOf":{"@id":"https:\/\/jornalnosbairros.com.br\/wp\/#website"},"primaryImageOfPage":{"@id":"https:\/\/jornalnosbairros.com.br\/wp\/2026\/01\/secretaria-de-educacao-de-navegantes-tera-nova-gestora-a-partir-de-fevereiro\/#primaryimage"},"image":{"@id":"https:\/\/jornalnosbairros.com.br\/wp\/2026\/01\/secretaria-de-educacao-de-navegantes-tera-nova-gestora-a-partir-de-fevereiro\/#primaryimage"},"thumbnailUrl":"https:\/\/jornalnosbairros.com.br\/wp\/wp-content\/uploads\/2026\/01\/Secretaria-de-Educacao-de-Navegantes-tera-nova-gestora-a-partir-de-fevereiro.jpg","datePublished":"2026-01-23T17:23:42+00:00","dateModified":"2026-01-23T17:23:43+00:00","description":"Doutora em Educa\u00e7\u00e3o, professora assume a pasta no lugar de Natally Oliveira, que deixa o cargo para se dedicar \u00e0 maternidade","inLanguage":"pt-BR","potentialAction":[{"@type":"ReadAction","target":["https:\/\/jornalnosbairros.com.br\/wp\/2026\/01\/secretaria-de-educacao-de-navegantes-tera-nova-gestora-a-partir-de-fevereiro\/"]}]},{"@type":"ImageObject","inLanguage":"pt-BR","@id":"https:\/\/jornalnosbairros.com.br\/wp\/2026\/01\/secretaria-de-educacao-de-navegantes-tera-nova-gestora-a-partir-de-fevereiro\/#primaryimage","url":"https:\/\/jornalnosbairros.com.br\/wp\/wp-content\/uploads\/2026\/01\/Secretaria-de-Educacao-de-Navegantes-tera-nova-gestora-a-partir-de-fevereiro.jpg","contentUrl":"https:\/\/jornalnosbairros.com.br\/wp\/wp-content\/uploads\/2026\/01\/Secretaria-de-Educacao-de-Navegantes-tera-nova-gestora-a-partir-de-fevereiro.jpg","width":1400,"height":1050},{"@type":"WebSite","@id":"https:\/\/jornalnosbairros.com.br\/wp\/#website","url":"https:\/\/jornalnosbairros.com.br\/wp\/","name":"Jornal nos Bairros","description":"Not\u00edcias di\u00e1rias de Navegantes e regi\u00e3o","publisher":{"@id":"https:\/\/jornalnosbairros.com.br\/wp\/#organization"},"alternateName":"JB","potentialAction":[{"@type":"SearchAction","target":{"@type":"EntryPoint","urlTemplate":"https:\/\/jornalnosbairros.com.br\/wp\/?s={search_term_string}"},"query-input":{"@type":"PropertyValueSpecification","valueRequired":true,"valueName":"search_term_string"}}],"inLanguage":"pt-BR"},{"@type":"Organization","@id":"https:\/\/jornalnosbairros.com.br\/wp\/#organization","name":"Jornal nos Bairros de Navegantes","url":"https:\/\/jornalnosbairros.com.br\/wp\/","logo":{"@type":"ImageObject","inLanguage":"pt-BR","@id":"https:\/\/jornalnosbairros.com.br\/wp\/#\/schema\/logo\/image\/","url":"https:\/\/jornalnosbairros.com.br\/wp\/wp-content\/uploads\/2025\/01\/LOGO-JB.png","contentUrl":"https:\/\/jornalnosbairros.com.br\/wp\/wp-content\/uploads\/2025\/01\/LOGO-JB.png","width":168,"height":150,"caption":"Jornal nos Bairros de Navegantes"},"image":{"@id":"https:\/\/jornalnosbairros.com.br\/wp\/#\/schema\/logo\/image\/"},"sameAs":["https:\/\/www.facebook.com\/jornalnosbairros","https:\/\/x.com\/jornal_bairros","https:\/\/www.instagram.com\/jornalnosbairros","https:\/\/www.youtube.com\/@jornalnosbairros"]},{"@type":"Person","@id":"https:\/\/jornalnosbairros.com.br\/wp\/#\/schema\/person\/9a74fde2f4332c018c3b4d29a6129437","name":"Editoria","image":{"@type":"ImageObject","inLanguage":"pt-BR","@id":"https:\/\/secure.gravatar.com\/avatar\/b53a04b7003d01b914d43ebacd13b233f0d99ed1cb7f8cb7d8553ef90e3f466b?s=96&r=g","url":"https:\/\/secure.gravatar.com\/avatar\/b53a04b7003d01b914d43ebacd13b233f0d99ed1cb7f8cb7d8553ef90e3f466b?s=96&r=g","contentUrl":"https:\/\/secure.gravatar.com\/avatar\/b53a04b7003d01b914d43ebacd13b233f0d99ed1cb7f8cb7d8553ef90e3f466b?s=96&r=g","caption":"Editoria"},"description":"Edi\u00e7\u00e3o do Jornal nos Bairros de Navegantes - Contato: fale@jornalnosbairros.com.br - Siga: @jornalnosbairros - Acesse: www.jornalnosbairros.com.br","sameAs":["http:\/\/www.jornalnosbairros.com.br\/wp","https:\/\/www.facebook.com\/jornalnosbairros","https:\/\/www.instagram.com\/jornalnosbairros\/","https:\/\/x.com\/https:\/\/twitter.com\/jornal_bairros","https:\/\/www.youtube.com\/channel\/UCbdZNY5wPbaBq5KtRGP4WxQ?view_as=subscriber"],"url":"https:\/\/jornalnosbairros.com.br\/wp\/author\/admin\/"}]}},"_links":{"self":[{"href":"https:\/\/jornalnosbairros.com.br\/wp\/wp-json\/wp\/v2\/posts\/44794","targetHints":{"allow":["GET"]}}],"collection":[{"href":"https:\/\/jornalnosbairros.com.br\/wp\/wp-json\/wp\/v2\/posts"}],"about":[{"href":"https:\/\/jornalnosbairros.com.br\/wp\/wp-json\/wp\/v2\/types\/post"}],"author":[{"embeddable":true,"href":"https:\/\/jornalnosbairros.com.br\/wp\/wp-json\/wp\/v2\/users\/1"}],"replies":[{"embeddable":true,"href":"https:\/\/jornalnosbairros.com.br\/wp\/wp-json\/wp\/v2\/comments?post=44794"}],"version-history":[{"count":1,"href":"https:\/\/jornalnosbairros.com.br\/wp\/wp-json\/wp\/v2\/posts\/44794\/revisions"}],"predecessor-version":[{"id":44798,"href":"https:\/\/jornalnosbairros.com.br\/wp\/wp-json\/wp\/v2\/posts\/44794\/revisions\/44798"}],"wp:featuredmedia":[{"embeddable":true,"href":"https:\/\/jornalnosbairros.com.br\/wp\/wp-json\/wp\/v2\/media\/44797"}],"wp:attachment":[{"href":"https:\/\/jornalnosbairros.com.br\/wp\/wp-json\/wp\/v2\/media?parent=44794"}],"wp:term":[{"taxonomy":"category","embeddable":true,"href":"https:\/\/jornalnosbairros.com.br\/wp\/wp-json\/wp\/v2\/categories?post=44794"},{"taxonomy":"post_tag","embeddable":true,"href":"https:\/\/jornalnosbairros.com.br\/wp\/wp-json\/wp\/v2\/tags?post=44794"}],"curies":[{"name":"wp","href":"https:\/\/api.w.org\/{rel}","templated":true}]}}