{"id":44614,"date":"2026-01-19T08:55:09","date_gmt":"2026-01-19T11:55:09","guid":{"rendered":"https:\/\/jornalnosbairros.com.br\/wp\/?p=44614"},"modified":"2026-01-20T11:09:22","modified_gmt":"2026-01-20T14:09:22","slug":"defesa-civil-alerta-para-vento-sul-com-rajadas-ate-60-km-h","status":"publish","type":"post","link":"https:\/\/jornalnosbairros.com.br\/wp\/2026\/01\/defesa-civil-alerta-para-vento-sul-com-rajadas-ate-60-km-h\/","title":{"rendered":"Defesa Civil alerta para vento sul com rajadas at\u00e9 60 km\/h"},"content":{"rendered":"\n<p><strong><em>H\u00e1 risco moderado a alto para destelhamentos e quedas de \u00e1rvores no litoral de SC<\/em><\/strong><\/p>\n\n\n\n<p>Nesta segunda-feira (19), ap\u00f3s a passagem da frente fria, o tempo estabiliza com a atua\u00e7\u00e3o de um sistema de alta press\u00e3o. O vento predomina de quadrante sul e ainda h\u00e1 condi\u00e7\u00f5es para chuva leve, com risco baixo para ocorr\u00eancias associadas. A mudan\u00e7a na dire\u00e7\u00e3o do vento favorece o decl\u00ednio das temperaturas ao longo do dia. \u00c0 tarde, as m\u00e1ximas perdem for\u00e7a e n\u00e3o ultrapassam os 28\u00b0C. A aten\u00e7\u00e3o se volta para a intensidade do vento sul, que apresenta rajadas entre 50 e 60 km\/h, trazendo risco moderado a alto para destelhamentos e quedas de \u00e1rvores. Consequentemente, o mar fica agitado em todo o litoral, com ondas entre 2,5 e 3 m, configurando risco moderado para atividades de navega\u00e7\u00e3o.<\/p>\n\n\n\n<p>TER\u00c7A-FEIRA (20)<\/p>\n\n\n\n<p>A ter\u00e7a-feira (20) ser\u00e1 um dia de tempo firme e poucas nuvens por toda Santa Catarina. O sistema de alta press\u00e3o p\u00f3s-frontal favorece a circula\u00e7\u00e3o mar\u00edtima e gera condi\u00e7\u00f5es para chuvas leves e isoladas em pontos do litoral. O risco \u00e9 baixo para ocorr\u00eancias associadas. O dia inicia com temperaturas baixas nos Planaltos, Meio-Oeste e regi\u00f5es serranas, variando entre 6 a 10\u00b0C, nas demais \u00e1reas os term\u00f4metros variam entre 11 a 17\u00b0C. \u00c0 tarde as m\u00e1ximas n\u00e3o passam dos 28\u00b0C em todo o estado. O mar ainda apresenta agita\u00e7\u00e3o, principalmente no Litoral Norte, onde as ondas iniciam o dia variando entre 2 e 3 m, com picos maiores em alto mar. Ao longo do dia, a agita\u00e7\u00e3o perde for\u00e7a. O risco moderado para atividades de navega\u00e7\u00e3o.<\/p>\n\n\n\n<p>QUARTA-FEIRA (21)<\/p>\n\n\n\n<p>A quarta-feira (21), segue a tend\u00eancia dos dias anteriores: tempo firme e poucas nuvens em todo o estado. Ainda s\u00e3o mantidas as condi\u00e7\u00f5es para forma\u00e7\u00e3o de chuvas pontuais ao longo do litoral catarinense. O risco \u00e9 baixo para ocorr\u00eancias relacionadas a tempo. As temperaturas m\u00ednimas abaixo dos 10\u00b0C ficam restritas ao Planalto Sul, enquanto que nas demais \u00e1reas as m\u00ednimas variam entre 11 a 16\u00b0C. \u00c0 tarde as m\u00e1ximas n\u00e3o passam dos 25\u00b0C em grande parte do estado, exceto no Grande Oeste e partes do Litoral Norte.<\/p>\n\n\n\n<p>TEND\u00caNCIA PARA OS PR\u00d3XIMOS DIAS<\/p>\n\n\n\n<p>A quinta (22) e a sexta-feira (23), apresentam tend\u00eancia de tempo firme em grande parte do estado, por\u00e9m com o afastamento do sistema de alta press\u00e3o, as condi\u00e7\u00f5es para temporais isolados voltam a predominar, principalmente na regi\u00e3o do litoral e Planaltos.<\/p>\n","protected":false},"excerpt":{"rendered":"<p>H\u00e1 risco moderado a alto para destelhamentos e quedas de \u00e1rvores no litoral de SC Nesta segunda-feira (19), ap\u00f3s a passagem da frente fria, o tempo estabiliza com a atua\u00e7\u00e3o de um sistema&hellip;<\/p>\n","protected":false},"author":1,"featured_media":16936,"comment_status":"open","ping_status":"closed","sticky":false,"template":"","format":"standard","meta":{"footnotes":""},"categories":[894],"tags":[121],"class_list":["post-44614","post","type-post","status-publish","format-standard","has-post-thumbnail","hentry","category-previsao-do-tempo","tag-tempo"],"yoast_head":"<!-- This site is optimized with the Yoast SEO plugin v27.5 - https:\/\/yoast.com\/product\/yoast-seo-wordpress\/ -->\n<title>Defesa Civil alerta para vento sul com rajadas at\u00e9 60 km\/h - Jornal nos Bairros<\/title>\n<meta name=\"description\" content=\"Nesta segunda-feira (19), ap\u00f3s a passagem da frente fria, o tempo estabiliza com a atua\u00e7\u00e3o de um sistema de alta press\u00e3o.\" \/>\n<meta name=\"robots\" content=\"index, follow, max-snippet:-1, max-image-preview:large, max-video-preview:-1\" \/>\n<link rel=\"canonical\" href=\"https:\/\/jornalnosbairros.com.br\/wp\/2026\/01\/defesa-civil-alerta-para-vento-sul-com-rajadas-ate-60-km-h\/\" \/>\n<meta property=\"og:locale\" content=\"pt_BR\" \/>\n<meta property=\"og:type\" content=\"article\" \/>\n<meta property=\"og:title\" content=\"Defesa Civil alerta para vento sul com rajadas at\u00e9 60 km\/h - Jornal nos Bairros\" \/>\n<meta property=\"og:description\" content=\"Nesta segunda-feira (19), ap\u00f3s a passagem da frente fria, o tempo estabiliza com a atua\u00e7\u00e3o de um sistema de alta press\u00e3o.\" \/>\n<meta property=\"og:url\" content=\"https:\/\/jornalnosbairros.com.br\/wp\/2026\/01\/defesa-civil-alerta-para-vento-sul-com-rajadas-ate-60-km-h\/\" \/>\n<meta property=\"og:site_name\" content=\"Jornal nos Bairros\" \/>\n<meta property=\"article:publisher\" content=\"https:\/\/www.facebook.com\/jornalnosbairros\" \/>\n<meta property=\"article:author\" content=\"https:\/\/www.facebook.com\/jornalnosbairros\" \/>\n<meta property=\"article:published_time\" content=\"2026-01-19T11:55:09+00:00\" \/>\n<meta property=\"article:modified_time\" content=\"2026-01-20T14:09:22+00:00\" \/>\n<meta property=\"og:image\" content=\"https:\/\/jornalnosbairros.com.br\/wp\/wp-content\/uploads\/2022\/09\/chuvas-em-navegantes-por-Eder-Nascimento.jpg\" \/>\n\t<meta property=\"og:image:width\" content=\"1979\" \/>\n\t<meta property=\"og:image:height\" content=\"1384\" \/>\n\t<meta property=\"og:image:type\" content=\"image\/jpeg\" \/>\n<meta name=\"author\" content=\"Editoria\" \/>\n<meta name=\"twitter:card\" content=\"summary_large_image\" \/>\n<meta name=\"twitter:creator\" content=\"@https:\/\/twitter.com\/jornal_bairros\" \/>\n<meta name=\"twitter:site\" content=\"@jornal_bairros\" \/>\n<meta name=\"twitter:label1\" content=\"Escrito por\" \/>\n\t<meta name=\"twitter:data1\" content=\"Editoria\" \/>\n\t<meta name=\"twitter:label2\" content=\"Est. tempo de leitura\" \/>\n\t<meta name=\"twitter:data2\" content=\"2 minutos\" \/>\n<script type=\"application\/ld+json\" class=\"yoast-schema-graph\">{\"@context\":\"https:\\\/\\\/schema.org\",\"@graph\":[{\"@type\":\"Article\",\"@id\":\"https:\\\/\\\/jornalnosbairros.com.br\\\/wp\\\/2026\\\/01\\\/defesa-civil-alerta-para-vento-sul-com-rajadas-ate-60-km-h\\\/#article\",\"isPartOf\":{\"@id\":\"https:\\\/\\\/jornalnosbairros.com.br\\\/wp\\\/2026\\\/01\\\/defesa-civil-alerta-para-vento-sul-com-rajadas-ate-60-km-h\\\/\"},\"author\":{\"name\":\"Editoria\",\"@id\":\"https:\\\/\\\/jornalnosbairros.com.br\\\/wp\\\/#\\\/schema\\\/person\\\/9a74fde2f4332c018c3b4d29a6129437\"},\"headline\":\"Defesa Civil alerta para vento sul com rajadas at\u00e9 60 km\\\/h\",\"datePublished\":\"2026-01-19T11:55:09+00:00\",\"dateModified\":\"2026-01-20T14:09:22+00:00\",\"mainEntityOfPage\":{\"@id\":\"https:\\\/\\\/jornalnosbairros.com.br\\\/wp\\\/2026\\\/01\\\/defesa-civil-alerta-para-vento-sul-com-rajadas-ate-60-km-h\\\/\"},\"wordCount\":432,\"commentCount\":0,\"publisher\":{\"@id\":\"https:\\\/\\\/jornalnosbairros.com.br\\\/wp\\\/#organization\"},\"image\":{\"@id\":\"https:\\\/\\\/jornalnosbairros.com.br\\\/wp\\\/2026\\\/01\\\/defesa-civil-alerta-para-vento-sul-com-rajadas-ate-60-km-h\\\/#primaryimage\"},\"thumbnailUrl\":\"https:\\\/\\\/jornalnosbairros.com.br\\\/wp\\\/wp-content\\\/uploads\\\/2022\\\/09\\\/chuvas-em-navegantes-por-Eder-Nascimento.jpg\",\"keywords\":[\"tempo\"],\"articleSection\":[\"PREVIS\u00c3O DO TEMPO\"],\"inLanguage\":\"pt-BR\",\"potentialAction\":[{\"@type\":\"CommentAction\",\"name\":\"Comment\",\"target\":[\"https:\\\/\\\/jornalnosbairros.com.br\\\/wp\\\/2026\\\/01\\\/defesa-civil-alerta-para-vento-sul-com-rajadas-ate-60-km-h\\\/#respond\"]}]},{\"@type\":\"WebPage\",\"@id\":\"https:\\\/\\\/jornalnosbairros.com.br\\\/wp\\\/2026\\\/01\\\/defesa-civil-alerta-para-vento-sul-com-rajadas-ate-60-km-h\\\/\",\"url\":\"https:\\\/\\\/jornalnosbairros.com.br\\\/wp\\\/2026\\\/01\\\/defesa-civil-alerta-para-vento-sul-com-rajadas-ate-60-km-h\\\/\",\"name\":\"Defesa Civil alerta para vento sul com rajadas at\u00e9 60 km\\\/h - Jornal nos Bairros\",\"isPartOf\":{\"@id\":\"https:\\\/\\\/jornalnosbairros.com.br\\\/wp\\\/#website\"},\"primaryImageOfPage\":{\"@id\":\"https:\\\/\\\/jornalnosbairros.com.br\\\/wp\\\/2026\\\/01\\\/defesa-civil-alerta-para-vento-sul-com-rajadas-ate-60-km-h\\\/#primaryimage\"},\"image\":{\"@id\":\"https:\\\/\\\/jornalnosbairros.com.br\\\/wp\\\/2026\\\/01\\\/defesa-civil-alerta-para-vento-sul-com-rajadas-ate-60-km-h\\\/#primaryimage\"},\"thumbnailUrl\":\"https:\\\/\\\/jornalnosbairros.com.br\\\/wp\\\/wp-content\\\/uploads\\\/2022\\\/09\\\/chuvas-em-navegantes-por-Eder-Nascimento.jpg\",\"datePublished\":\"2026-01-19T11:55:09+00:00\",\"dateModified\":\"2026-01-20T14:09:22+00:00\",\"description\":\"Nesta segunda-feira (19), ap\u00f3s a passagem da frente fria, o tempo estabiliza com a atua\u00e7\u00e3o de um sistema de alta press\u00e3o.\",\"inLanguage\":\"pt-BR\",\"potentialAction\":[{\"@type\":\"ReadAction\",\"target\":[\"https:\\\/\\\/jornalnosbairros.com.br\\\/wp\\\/2026\\\/01\\\/defesa-civil-alerta-para-vento-sul-com-rajadas-ate-60-km-h\\\/\"]}]},{\"@type\":\"ImageObject\",\"inLanguage\":\"pt-BR\",\"@id\":\"https:\\\/\\\/jornalnosbairros.com.br\\\/wp\\\/2026\\\/01\\\/defesa-civil-alerta-para-vento-sul-com-rajadas-ate-60-km-h\\\/#primaryimage\",\"url\":\"https:\\\/\\\/jornalnosbairros.com.br\\\/wp\\\/wp-content\\\/uploads\\\/2022\\\/09\\\/chuvas-em-navegantes-por-Eder-Nascimento.jpg\",\"contentUrl\":\"https:\\\/\\\/jornalnosbairros.com.br\\\/wp\\\/wp-content\\\/uploads\\\/2022\\\/09\\\/chuvas-em-navegantes-por-Eder-Nascimento.jpg\",\"width\":1979,\"height\":1384,\"caption\":\"chuvas em navegantes por Eder Nascimento\"},{\"@type\":\"WebSite\",\"@id\":\"https:\\\/\\\/jornalnosbairros.com.br\\\/wp\\\/#website\",\"url\":\"https:\\\/\\\/jornalnosbairros.com.br\\\/wp\\\/\",\"name\":\"Jornal nos Bairros\",\"description\":\"Not\u00edcias di\u00e1rias de Navegantes e regi\u00e3o\",\"publisher\":{\"@id\":\"https:\\\/\\\/jornalnosbairros.com.br\\\/wp\\\/#organization\"},\"alternateName\":\"JB\",\"potentialAction\":[{\"@type\":\"SearchAction\",\"target\":{\"@type\":\"EntryPoint\",\"urlTemplate\":\"https:\\\/\\\/jornalnosbairros.com.br\\\/wp\\\/?s={search_term_string}\"},\"query-input\":{\"@type\":\"PropertyValueSpecification\",\"valueRequired\":true,\"valueName\":\"search_term_string\"}}],\"inLanguage\":\"pt-BR\"},{\"@type\":\"Organization\",\"@id\":\"https:\\\/\\\/jornalnosbairros.com.br\\\/wp\\\/#organization\",\"name\":\"Jornal nos Bairros de Navegantes\",\"url\":\"https:\\\/\\\/jornalnosbairros.com.br\\\/wp\\\/\",\"logo\":{\"@type\":\"ImageObject\",\"inLanguage\":\"pt-BR\",\"@id\":\"https:\\\/\\\/jornalnosbairros.com.br\\\/wp\\\/#\\\/schema\\\/logo\\\/image\\\/\",\"url\":\"https:\\\/\\\/jornalnosbairros.com.br\\\/wp\\\/wp-content\\\/uploads\\\/2025\\\/01\\\/LOGO-JB.png\",\"contentUrl\":\"https:\\\/\\\/jornalnosbairros.com.br\\\/wp\\\/wp-content\\\/uploads\\\/2025\\\/01\\\/LOGO-JB.png\",\"width\":168,\"height\":150,\"caption\":\"Jornal nos Bairros de Navegantes\"},\"image\":{\"@id\":\"https:\\\/\\\/jornalnosbairros.com.br\\\/wp\\\/#\\\/schema\\\/logo\\\/image\\\/\"},\"sameAs\":[\"https:\\\/\\\/www.facebook.com\\\/jornalnosbairros\",\"https:\\\/\\\/x.com\\\/jornal_bairros\",\"https:\\\/\\\/www.instagram.com\\\/jornalnosbairros\",\"https:\\\/\\\/www.youtube.com\\\/@jornalnosbairros\"]},{\"@type\":\"Person\",\"@id\":\"https:\\\/\\\/jornalnosbairros.com.br\\\/wp\\\/#\\\/schema\\\/person\\\/9a74fde2f4332c018c3b4d29a6129437\",\"name\":\"Editoria\",\"image\":{\"@type\":\"ImageObject\",\"inLanguage\":\"pt-BR\",\"@id\":\"https:\\\/\\\/secure.gravatar.com\\\/avatar\\\/b53a04b7003d01b914d43ebacd13b233f0d99ed1cb7f8cb7d8553ef90e3f466b?s=96&r=g\",\"url\":\"https:\\\/\\\/secure.gravatar.com\\\/avatar\\\/b53a04b7003d01b914d43ebacd13b233f0d99ed1cb7f8cb7d8553ef90e3f466b?s=96&r=g\",\"contentUrl\":\"https:\\\/\\\/secure.gravatar.com\\\/avatar\\\/b53a04b7003d01b914d43ebacd13b233f0d99ed1cb7f8cb7d8553ef90e3f466b?s=96&r=g\",\"caption\":\"Editoria\"},\"description\":\"Edi\u00e7\u00e3o do Jornal nos Bairros de Navegantes - Contato: fale@jornalnosbairros.com.br - Siga: @jornalnosbairros - Acesse: www.jornalnosbairros.com.br\",\"sameAs\":[\"http:\\\/\\\/www.jornalnosbairros.com.br\\\/wp\",\"https:\\\/\\\/www.facebook.com\\\/jornalnosbairros\",\"https:\\\/\\\/www.instagram.com\\\/jornalnosbairros\\\/\",\"https:\\\/\\\/x.com\\\/https:\\\/\\\/twitter.com\\\/jornal_bairros\",\"https:\\\/\\\/www.youtube.com\\\/channel\\\/UCbdZNY5wPbaBq5KtRGP4WxQ?view_as=subscriber\"],\"url\":\"https:\\\/\\\/jornalnosbairros.com.br\\\/wp\\\/author\\\/admin\\\/\"}]}<\/script>\n<!-- \/ Yoast SEO plugin. -->","yoast_head_json":{"title":"Defesa Civil alerta para vento sul com rajadas at\u00e9 60 km\/h - Jornal nos Bairros","description":"Nesta segunda-feira (19), ap\u00f3s a passagem da frente fria, o tempo estabiliza com a atua\u00e7\u00e3o de um sistema de alta press\u00e3o.","robots":{"index":"index","follow":"follow","max-snippet":"max-snippet:-1","max-image-preview":"max-image-preview:large","max-video-preview":"max-video-preview:-1"},"canonical":"https:\/\/jornalnosbairros.com.br\/wp\/2026\/01\/defesa-civil-alerta-para-vento-sul-com-rajadas-ate-60-km-h\/","og_locale":"pt_BR","og_type":"article","og_title":"Defesa Civil alerta para vento sul com rajadas at\u00e9 60 km\/h - Jornal nos Bairros","og_description":"Nesta segunda-feira (19), ap\u00f3s a passagem da frente fria, o tempo estabiliza com a atua\u00e7\u00e3o de um sistema de alta press\u00e3o.","og_url":"https:\/\/jornalnosbairros.com.br\/wp\/2026\/01\/defesa-civil-alerta-para-vento-sul-com-rajadas-ate-60-km-h\/","og_site_name":"Jornal nos Bairros","article_publisher":"https:\/\/www.facebook.com\/jornalnosbairros","article_author":"https:\/\/www.facebook.com\/jornalnosbairros","article_published_time":"2026-01-19T11:55:09+00:00","article_modified_time":"2026-01-20T14:09:22+00:00","og_image":[{"width":1979,"height":1384,"url":"https:\/\/jornalnosbairros.com.br\/wp\/wp-content\/uploads\/2022\/09\/chuvas-em-navegantes-por-Eder-Nascimento.jpg","type":"image\/jpeg"}],"author":"Editoria","twitter_card":"summary_large_image","twitter_creator":"@https:\/\/twitter.com\/jornal_bairros","twitter_site":"@jornal_bairros","twitter_misc":{"Escrito por":"Editoria","Est. tempo de leitura":"2 minutos"},"schema":{"@context":"https:\/\/schema.org","@graph":[{"@type":"Article","@id":"https:\/\/jornalnosbairros.com.br\/wp\/2026\/01\/defesa-civil-alerta-para-vento-sul-com-rajadas-ate-60-km-h\/#article","isPartOf":{"@id":"https:\/\/jornalnosbairros.com.br\/wp\/2026\/01\/defesa-civil-alerta-para-vento-sul-com-rajadas-ate-60-km-h\/"},"author":{"name":"Editoria","@id":"https:\/\/jornalnosbairros.com.br\/wp\/#\/schema\/person\/9a74fde2f4332c018c3b4d29a6129437"},"headline":"Defesa Civil alerta para vento sul com rajadas at\u00e9 60 km\/h","datePublished":"2026-01-19T11:55:09+00:00","dateModified":"2026-01-20T14:09:22+00:00","mainEntityOfPage":{"@id":"https:\/\/jornalnosbairros.com.br\/wp\/2026\/01\/defesa-civil-alerta-para-vento-sul-com-rajadas-ate-60-km-h\/"},"wordCount":432,"commentCount":0,"publisher":{"@id":"https:\/\/jornalnosbairros.com.br\/wp\/#organization"},"image":{"@id":"https:\/\/jornalnosbairros.com.br\/wp\/2026\/01\/defesa-civil-alerta-para-vento-sul-com-rajadas-ate-60-km-h\/#primaryimage"},"thumbnailUrl":"https:\/\/jornalnosbairros.com.br\/wp\/wp-content\/uploads\/2022\/09\/chuvas-em-navegantes-por-Eder-Nascimento.jpg","keywords":["tempo"],"articleSection":["PREVIS\u00c3O DO TEMPO"],"inLanguage":"pt-BR","potentialAction":[{"@type":"CommentAction","name":"Comment","target":["https:\/\/jornalnosbairros.com.br\/wp\/2026\/01\/defesa-civil-alerta-para-vento-sul-com-rajadas-ate-60-km-h\/#respond"]}]},{"@type":"WebPage","@id":"https:\/\/jornalnosbairros.com.br\/wp\/2026\/01\/defesa-civil-alerta-para-vento-sul-com-rajadas-ate-60-km-h\/","url":"https:\/\/jornalnosbairros.com.br\/wp\/2026\/01\/defesa-civil-alerta-para-vento-sul-com-rajadas-ate-60-km-h\/","name":"Defesa Civil alerta para vento sul com rajadas at\u00e9 60 km\/h - Jornal nos Bairros","isPartOf":{"@id":"https:\/\/jornalnosbairros.com.br\/wp\/#website"},"primaryImageOfPage":{"@id":"https:\/\/jornalnosbairros.com.br\/wp\/2026\/01\/defesa-civil-alerta-para-vento-sul-com-rajadas-ate-60-km-h\/#primaryimage"},"image":{"@id":"https:\/\/jornalnosbairros.com.br\/wp\/2026\/01\/defesa-civil-alerta-para-vento-sul-com-rajadas-ate-60-km-h\/#primaryimage"},"thumbnailUrl":"https:\/\/jornalnosbairros.com.br\/wp\/wp-content\/uploads\/2022\/09\/chuvas-em-navegantes-por-Eder-Nascimento.jpg","datePublished":"2026-01-19T11:55:09+00:00","dateModified":"2026-01-20T14:09:22+00:00","description":"Nesta segunda-feira (19), ap\u00f3s a passagem da frente fria, o tempo estabiliza com a atua\u00e7\u00e3o de um sistema de alta press\u00e3o.","inLanguage":"pt-BR","potentialAction":[{"@type":"ReadAction","target":["https:\/\/jornalnosbairros.com.br\/wp\/2026\/01\/defesa-civil-alerta-para-vento-sul-com-rajadas-ate-60-km-h\/"]}]},{"@type":"ImageObject","inLanguage":"pt-BR","@id":"https:\/\/jornalnosbairros.com.br\/wp\/2026\/01\/defesa-civil-alerta-para-vento-sul-com-rajadas-ate-60-km-h\/#primaryimage","url":"https:\/\/jornalnosbairros.com.br\/wp\/wp-content\/uploads\/2022\/09\/chuvas-em-navegantes-por-Eder-Nascimento.jpg","contentUrl":"https:\/\/jornalnosbairros.com.br\/wp\/wp-content\/uploads\/2022\/09\/chuvas-em-navegantes-por-Eder-Nascimento.jpg","width":1979,"height":1384,"caption":"chuvas em navegantes por Eder Nascimento"},{"@type":"WebSite","@id":"https:\/\/jornalnosbairros.com.br\/wp\/#website","url":"https:\/\/jornalnosbairros.com.br\/wp\/","name":"Jornal nos Bairros","description":"Not\u00edcias di\u00e1rias de Navegantes e regi\u00e3o","publisher":{"@id":"https:\/\/jornalnosbairros.com.br\/wp\/#organization"},"alternateName":"JB","potentialAction":[{"@type":"SearchAction","target":{"@type":"EntryPoint","urlTemplate":"https:\/\/jornalnosbairros.com.br\/wp\/?s={search_term_string}"},"query-input":{"@type":"PropertyValueSpecification","valueRequired":true,"valueName":"search_term_string"}}],"inLanguage":"pt-BR"},{"@type":"Organization","@id":"https:\/\/jornalnosbairros.com.br\/wp\/#organization","name":"Jornal nos Bairros de Navegantes","url":"https:\/\/jornalnosbairros.com.br\/wp\/","logo":{"@type":"ImageObject","inLanguage":"pt-BR","@id":"https:\/\/jornalnosbairros.com.br\/wp\/#\/schema\/logo\/image\/","url":"https:\/\/jornalnosbairros.com.br\/wp\/wp-content\/uploads\/2025\/01\/LOGO-JB.png","contentUrl":"https:\/\/jornalnosbairros.com.br\/wp\/wp-content\/uploads\/2025\/01\/LOGO-JB.png","width":168,"height":150,"caption":"Jornal nos Bairros de Navegantes"},"image":{"@id":"https:\/\/jornalnosbairros.com.br\/wp\/#\/schema\/logo\/image\/"},"sameAs":["https:\/\/www.facebook.com\/jornalnosbairros","https:\/\/x.com\/jornal_bairros","https:\/\/www.instagram.com\/jornalnosbairros","https:\/\/www.youtube.com\/@jornalnosbairros"]},{"@type":"Person","@id":"https:\/\/jornalnosbairros.com.br\/wp\/#\/schema\/person\/9a74fde2f4332c018c3b4d29a6129437","name":"Editoria","image":{"@type":"ImageObject","inLanguage":"pt-BR","@id":"https:\/\/secure.gravatar.com\/avatar\/b53a04b7003d01b914d43ebacd13b233f0d99ed1cb7f8cb7d8553ef90e3f466b?s=96&r=g","url":"https:\/\/secure.gravatar.com\/avatar\/b53a04b7003d01b914d43ebacd13b233f0d99ed1cb7f8cb7d8553ef90e3f466b?s=96&r=g","contentUrl":"https:\/\/secure.gravatar.com\/avatar\/b53a04b7003d01b914d43ebacd13b233f0d99ed1cb7f8cb7d8553ef90e3f466b?s=96&r=g","caption":"Editoria"},"description":"Edi\u00e7\u00e3o do Jornal nos Bairros de Navegantes - Contato: fale@jornalnosbairros.com.br - Siga: @jornalnosbairros - Acesse: www.jornalnosbairros.com.br","sameAs":["http:\/\/www.jornalnosbairros.com.br\/wp","https:\/\/www.facebook.com\/jornalnosbairros","https:\/\/www.instagram.com\/jornalnosbairros\/","https:\/\/x.com\/https:\/\/twitter.com\/jornal_bairros","https:\/\/www.youtube.com\/channel\/UCbdZNY5wPbaBq5KtRGP4WxQ?view_as=subscriber"],"url":"https:\/\/jornalnosbairros.com.br\/wp\/author\/admin\/"}]}},"_links":{"self":[{"href":"https:\/\/jornalnosbairros.com.br\/wp\/wp-json\/wp\/v2\/posts\/44614","targetHints":{"allow":["GET"]}}],"collection":[{"href":"https:\/\/jornalnosbairros.com.br\/wp\/wp-json\/wp\/v2\/posts"}],"about":[{"href":"https:\/\/jornalnosbairros.com.br\/wp\/wp-json\/wp\/v2\/types\/post"}],"author":[{"embeddable":true,"href":"https:\/\/jornalnosbairros.com.br\/wp\/wp-json\/wp\/v2\/users\/1"}],"replies":[{"embeddable":true,"href":"https:\/\/jornalnosbairros.com.br\/wp\/wp-json\/wp\/v2\/comments?post=44614"}],"version-history":[{"count":1,"href":"https:\/\/jornalnosbairros.com.br\/wp\/wp-json\/wp\/v2\/posts\/44614\/revisions"}],"predecessor-version":[{"id":44616,"href":"https:\/\/jornalnosbairros.com.br\/wp\/wp-json\/wp\/v2\/posts\/44614\/revisions\/44616"}],"wp:featuredmedia":[{"embeddable":true,"href":"https:\/\/jornalnosbairros.com.br\/wp\/wp-json\/wp\/v2\/media\/16936"}],"wp:attachment":[{"href":"https:\/\/jornalnosbairros.com.br\/wp\/wp-json\/wp\/v2\/media?parent=44614"}],"wp:term":[{"taxonomy":"category","embeddable":true,"href":"https:\/\/jornalnosbairros.com.br\/wp\/wp-json\/wp\/v2\/categories?post=44614"},{"taxonomy":"post_tag","embeddable":true,"href":"https:\/\/jornalnosbairros.com.br\/wp\/wp-json\/wp\/v2\/tags?post=44614"}],"curies":[{"name":"wp","href":"https:\/\/api.w.org\/{rel}","templated":true}]}}