{"id":29527,"date":"2024-04-02T11:00:09","date_gmt":"2024-04-02T14:00:09","guid":{"rendered":"https:\/\/jornalnosbairros.com.br\/wp\/?p=29527"},"modified":"2024-04-02T14:23:35","modified_gmt":"2024-04-02T17:23:35","slug":"vereador-monan-tambem-se-une-ao-psd-de-navegantes","status":"publish","type":"post","link":"https:\/\/jornalnosbairros.com.br\/wp\/2024\/04\/vereador-monan-tambem-se-une-ao-psd-de-navegantes\/","title":{"rendered":"VEREADOR MONAN DEIXA O MDB E SE FILIA AO PSD DE NAVEGANTES"},"content":{"rendered":"\n<p class=\"has-text-align-center\"><strong>Resta uma d\u00favida dentro do PL de Navegantes.<\/strong><\/p>\n\n\n\n<p>O vereador Jassanan Ramos, o Monan, deixou o MDB, a qual se elegeu por dois mandados, para ir para o PSD. A informa\u00e7\u00e3o foi confirmada pelo presidente do PSD de Navegantes, Ademir Campestrini.<\/p>\n\n\n\n<p>Com Monan, o PSD de Navegantes passa a contar com tr\u00eas cadeiras na C\u00e2mara Municipal. Os vereadores Andrew Laurentino e Sol Dapper tamb\u00e9m fazem parte da sigla.<\/p>\n\n\n\n<p>A janela partid\u00e1ria fecha nessa sexta-feira (5), com isso, encerra o prazo para que os vereadores possam trocar de partido sem preju\u00edzo ao seu mandato. Com poucos dias, resta uma d\u00favida dentro do PL de Navegantes. Com uma diverg\u00eancia interna em rela\u00e7\u00e3o ao seu pr\u00e9-candidato a prefeito, os vereadores Jonas de Souza, L\u00fa Bitencourtt e Adriana Macarini podem mudar de legenda ou n\u00e3o.<\/p>\n\n\n\n<p>Na \u00faltima semana, o vereador Toninho Uller tamb\u00e9m se filiou ao PL. Gabriel do Anjos se filiou ao PODEMOS.<\/p>\n\n\n\n<p><strong>LEIA TAMB\u00c9M:<\/strong><\/p>\n\n\n\n<figure class=\"wp-block-embed is-type-wp-embed is-provider-jornal-nos-bairros wp-block-embed-jornal-nos-bairros\"><div class=\"wp-block-embed__wrapper\">\n<blockquote class=\"wp-embedded-content\" data-secret=\"OxLAJ1yf6n\"><a href=\"https:\/\/jornalnosbairros.com.br\/wp\/2023\/06\/mdb-anuncua-paulinho-melzi-como-pre-candidato-a-prefeito\/\">MDB ANUNCIA PAULINHO COMO PR\u00c9-CANDIDATO A PREFEITO<\/a><\/blockquote><iframe class=\"wp-embedded-content lazyload\" sandbox=\"allow-scripts\" security=\"restricted\" style=\"position: absolute; clip: rect(1px, 1px, 1px, 1px);\" title=\"&#8220;MDB ANUNCIA PAULINHO COMO PR\u00c9-CANDIDATO A PREFEITO&#8221; &#8212; Jornal nos Bairros\" data-src=\"https:\/\/jornalnosbairros.com.br\/wp\/2023\/06\/mdb-anuncua-paulinho-melzi-como-pre-candidato-a-prefeito\/embed\/#?secret=wmIzvM97OT#?secret=OxLAJ1yf6n\" data-secret=\"OxLAJ1yf6n\" width=\"600\" height=\"338\" frameborder=\"0\" marginwidth=\"0\" marginheight=\"0\" scrolling=\"no\" src=\"data:image\/svg+xml;base64,PHN2ZyB3aWR0aD0iMSIgaGVpZ2h0PSIxIiB4bWxucz0iaHR0cDovL3d3dy53My5vcmcvMjAwMC9zdmciPjwvc3ZnPg==\" data-load-mode=\"1\"><\/iframe>\n<\/div><\/figure>\n\n\n\n<figure class=\"wp-block-pullquote\"><blockquote><p>PARTICIPE DO GRUPO DE WHATSAPP DO JB PARA RECEBER NOT\u00cdCIAS EM SEU CELULAR:<br><a href=\"https:\/\/chat.whatsapp.com\/DJkjPyw34SVCxRUdvlspB8\">https:\/\/chat.whatsapp.com\/DJkjPyw34SVCxRUdvlspB8<\/a><\/p><\/blockquote><\/figure>\n","protected":false},"excerpt":{"rendered":"<p>Resta uma d\u00favida dentro do PL de Navegantes. O vereador Jassanan Ramos, o Monan, deixou o MDB, a qual se elegeu por dois mandados, para ir para o PSD. A informa\u00e7\u00e3o foi confirmada&hellip;<\/p>\n","protected":false},"author":1,"featured_media":29538,"comment_status":"open","ping_status":"open","sticky":false,"template":"","format":"standard","meta":{"footnotes":""},"categories":[4],"tags":[],"class_list":["post-29527","post","type-post","status-publish","format-standard","has-post-thumbnail","hentry","category-politica"],"yoast_head":"<!-- This site is optimized with the Yoast SEO plugin v27.5 - https:\/\/yoast.com\/product\/yoast-seo-wordpress\/ -->\n<title>VEREADOR MONAN DEIXA O MDB E SE FILIA AO PSD DE NAVEGANTES - Jornal nos Bairros<\/title>\n<meta name=\"description\" content=\"O vereador Jassanan Ramos, o Monan, deixou o MDB, a qual se elegeu por dois mandados, para ir para o PSD. A informa\u00e7\u00e3o\" \/>\n<meta name=\"robots\" content=\"index, follow, max-snippet:-1, max-image-preview:large, max-video-preview:-1\" \/>\n<link rel=\"canonical\" href=\"https:\/\/jornalnosbairros.com.br\/wp\/2024\/04\/vereador-monan-tambem-se-une-ao-psd-de-navegantes\/\" \/>\n<meta property=\"og:locale\" content=\"pt_BR\" \/>\n<meta property=\"og:type\" content=\"article\" \/>\n<meta property=\"og:title\" content=\"VEREADOR MONAN DEIXA O MDB E SE FILIA AO PSD DE NAVEGANTES - Jornal nos Bairros\" \/>\n<meta property=\"og:description\" content=\"O vereador Jassanan Ramos, o Monan, deixou o MDB, a qual se elegeu por dois mandados, para ir para o PSD. A informa\u00e7\u00e3o\" \/>\n<meta property=\"og:url\" content=\"https:\/\/jornalnosbairros.com.br\/wp\/2024\/04\/vereador-monan-tambem-se-une-ao-psd-de-navegantes\/\" \/>\n<meta property=\"og:site_name\" content=\"Jornal nos Bairros\" \/>\n<meta property=\"article:publisher\" content=\"https:\/\/www.facebook.com\/jornalnosbairros\" \/>\n<meta property=\"article:author\" content=\"https:\/\/www.facebook.com\/jornalnosbairros\" \/>\n<meta property=\"article:published_time\" content=\"2024-04-02T14:00:09+00:00\" \/>\n<meta property=\"article:modified_time\" content=\"2024-04-02T17:23:35+00:00\" \/>\n<meta property=\"og:image\" content=\"https:\/\/jornalnosbairros.com.br\/wp\/wp-content\/uploads\/2024\/04\/Jassanan-Ramos-scaled.jpeg\" \/>\n\t<meta property=\"og:image:width\" content=\"2560\" \/>\n\t<meta property=\"og:image:height\" content=\"1920\" \/>\n\t<meta property=\"og:image:type\" content=\"image\/jpeg\" \/>\n<meta name=\"author\" content=\"Editoria\" \/>\n<meta name=\"twitter:card\" content=\"summary_large_image\" \/>\n<meta name=\"twitter:creator\" content=\"@https:\/\/twitter.com\/jornal_bairros\" \/>\n<meta name=\"twitter:site\" content=\"@jornal_bairros\" \/>\n<meta name=\"twitter:label1\" content=\"Escrito por\" \/>\n\t<meta name=\"twitter:data1\" content=\"Editoria\" \/>\n\t<meta name=\"twitter:label2\" content=\"Est. tempo de leitura\" \/>\n\t<meta name=\"twitter:data2\" content=\"2 minutos\" \/>\n<script type=\"application\/ld+json\" class=\"yoast-schema-graph\">{\"@context\":\"https:\\\/\\\/schema.org\",\"@graph\":[{\"@type\":\"Article\",\"@id\":\"https:\\\/\\\/jornalnosbairros.com.br\\\/wp\\\/2024\\\/04\\\/vereador-monan-tambem-se-une-ao-psd-de-navegantes\\\/#article\",\"isPartOf\":{\"@id\":\"https:\\\/\\\/jornalnosbairros.com.br\\\/wp\\\/2024\\\/04\\\/vereador-monan-tambem-se-une-ao-psd-de-navegantes\\\/\"},\"author\":{\"name\":\"Editoria\",\"@id\":\"https:\\\/\\\/jornalnosbairros.com.br\\\/wp\\\/#\\\/schema\\\/person\\\/9a74fde2f4332c018c3b4d29a6129437\"},\"headline\":\"VEREADOR MONAN DEIXA O MDB E SE FILIA AO PSD DE NAVEGANTES\",\"datePublished\":\"2024-04-02T14:00:09+00:00\",\"dateModified\":\"2024-04-02T17:23:35+00:00\",\"mainEntityOfPage\":{\"@id\":\"https:\\\/\\\/jornalnosbairros.com.br\\\/wp\\\/2024\\\/04\\\/vereador-monan-tambem-se-une-ao-psd-de-navegantes\\\/\"},\"wordCount\":203,\"commentCount\":0,\"publisher\":{\"@id\":\"https:\\\/\\\/jornalnosbairros.com.br\\\/wp\\\/#organization\"},\"image\":{\"@id\":\"https:\\\/\\\/jornalnosbairros.com.br\\\/wp\\\/2024\\\/04\\\/vereador-monan-tambem-se-une-ao-psd-de-navegantes\\\/#primaryimage\"},\"thumbnailUrl\":\"https:\\\/\\\/jornalnosbairros.com.br\\\/wp\\\/wp-content\\\/uploads\\\/2024\\\/04\\\/Jassanan-Ramos-scaled.jpeg\",\"articleSection\":[\"POL\u00cdTICA\"],\"inLanguage\":\"pt-BR\",\"potentialAction\":[{\"@type\":\"CommentAction\",\"name\":\"Comment\",\"target\":[\"https:\\\/\\\/jornalnosbairros.com.br\\\/wp\\\/2024\\\/04\\\/vereador-monan-tambem-se-une-ao-psd-de-navegantes\\\/#respond\"]}]},{\"@type\":\"WebPage\",\"@id\":\"https:\\\/\\\/jornalnosbairros.com.br\\\/wp\\\/2024\\\/04\\\/vereador-monan-tambem-se-une-ao-psd-de-navegantes\\\/\",\"url\":\"https:\\\/\\\/jornalnosbairros.com.br\\\/wp\\\/2024\\\/04\\\/vereador-monan-tambem-se-une-ao-psd-de-navegantes\\\/\",\"name\":\"VEREADOR MONAN DEIXA O MDB E SE FILIA AO PSD DE NAVEGANTES - Jornal nos Bairros\",\"isPartOf\":{\"@id\":\"https:\\\/\\\/jornalnosbairros.com.br\\\/wp\\\/#website\"},\"primaryImageOfPage\":{\"@id\":\"https:\\\/\\\/jornalnosbairros.com.br\\\/wp\\\/2024\\\/04\\\/vereador-monan-tambem-se-une-ao-psd-de-navegantes\\\/#primaryimage\"},\"image\":{\"@id\":\"https:\\\/\\\/jornalnosbairros.com.br\\\/wp\\\/2024\\\/04\\\/vereador-monan-tambem-se-une-ao-psd-de-navegantes\\\/#primaryimage\"},\"thumbnailUrl\":\"https:\\\/\\\/jornalnosbairros.com.br\\\/wp\\\/wp-content\\\/uploads\\\/2024\\\/04\\\/Jassanan-Ramos-scaled.jpeg\",\"datePublished\":\"2024-04-02T14:00:09+00:00\",\"dateModified\":\"2024-04-02T17:23:35+00:00\",\"description\":\"O vereador Jassanan Ramos, o Monan, deixou o MDB, a qual se elegeu por dois mandados, para ir para o PSD. A informa\u00e7\u00e3o\",\"inLanguage\":\"pt-BR\",\"potentialAction\":[{\"@type\":\"ReadAction\",\"target\":[\"https:\\\/\\\/jornalnosbairros.com.br\\\/wp\\\/2024\\\/04\\\/vereador-monan-tambem-se-une-ao-psd-de-navegantes\\\/\"]}]},{\"@type\":\"ImageObject\",\"inLanguage\":\"pt-BR\",\"@id\":\"https:\\\/\\\/jornalnosbairros.com.br\\\/wp\\\/2024\\\/04\\\/vereador-monan-tambem-se-une-ao-psd-de-navegantes\\\/#primaryimage\",\"url\":\"https:\\\/\\\/jornalnosbairros.com.br\\\/wp\\\/wp-content\\\/uploads\\\/2024\\\/04\\\/Jassanan-Ramos-scaled.jpeg\",\"contentUrl\":\"https:\\\/\\\/jornalnosbairros.com.br\\\/wp\\\/wp-content\\\/uploads\\\/2024\\\/04\\\/Jassanan-Ramos-scaled.jpeg\",\"width\":2048,\"height\":1536},{\"@type\":\"WebSite\",\"@id\":\"https:\\\/\\\/jornalnosbairros.com.br\\\/wp\\\/#website\",\"url\":\"https:\\\/\\\/jornalnosbairros.com.br\\\/wp\\\/\",\"name\":\"Jornal nos Bairros\",\"description\":\"Not\u00edcias di\u00e1rias de Navegantes e regi\u00e3o\",\"publisher\":{\"@id\":\"https:\\\/\\\/jornalnosbairros.com.br\\\/wp\\\/#organization\"},\"alternateName\":\"JB\",\"potentialAction\":[{\"@type\":\"SearchAction\",\"target\":{\"@type\":\"EntryPoint\",\"urlTemplate\":\"https:\\\/\\\/jornalnosbairros.com.br\\\/wp\\\/?s={search_term_string}\"},\"query-input\":{\"@type\":\"PropertyValueSpecification\",\"valueRequired\":true,\"valueName\":\"search_term_string\"}}],\"inLanguage\":\"pt-BR\"},{\"@type\":\"Organization\",\"@id\":\"https:\\\/\\\/jornalnosbairros.com.br\\\/wp\\\/#organization\",\"name\":\"Jornal nos Bairros de Navegantes\",\"url\":\"https:\\\/\\\/jornalnosbairros.com.br\\\/wp\\\/\",\"logo\":{\"@type\":\"ImageObject\",\"inLanguage\":\"pt-BR\",\"@id\":\"https:\\\/\\\/jornalnosbairros.com.br\\\/wp\\\/#\\\/schema\\\/logo\\\/image\\\/\",\"url\":\"https:\\\/\\\/jornalnosbairros.com.br\\\/wp\\\/wp-content\\\/uploads\\\/2025\\\/01\\\/LOGO-JB.png\",\"contentUrl\":\"https:\\\/\\\/jornalnosbairros.com.br\\\/wp\\\/wp-content\\\/uploads\\\/2025\\\/01\\\/LOGO-JB.png\",\"width\":168,\"height\":150,\"caption\":\"Jornal nos Bairros de Navegantes\"},\"image\":{\"@id\":\"https:\\\/\\\/jornalnosbairros.com.br\\\/wp\\\/#\\\/schema\\\/logo\\\/image\\\/\"},\"sameAs\":[\"https:\\\/\\\/www.facebook.com\\\/jornalnosbairros\",\"https:\\\/\\\/x.com\\\/jornal_bairros\",\"https:\\\/\\\/www.instagram.com\\\/jornalnosbairros\",\"https:\\\/\\\/www.youtube.com\\\/@jornalnosbairros\"]},{\"@type\":\"Person\",\"@id\":\"https:\\\/\\\/jornalnosbairros.com.br\\\/wp\\\/#\\\/schema\\\/person\\\/9a74fde2f4332c018c3b4d29a6129437\",\"name\":\"Editoria\",\"image\":{\"@type\":\"ImageObject\",\"inLanguage\":\"pt-BR\",\"@id\":\"https:\\\/\\\/secure.gravatar.com\\\/avatar\\\/b53a04b7003d01b914d43ebacd13b233f0d99ed1cb7f8cb7d8553ef90e3f466b?s=96&r=g\",\"url\":\"https:\\\/\\\/secure.gravatar.com\\\/avatar\\\/b53a04b7003d01b914d43ebacd13b233f0d99ed1cb7f8cb7d8553ef90e3f466b?s=96&r=g\",\"contentUrl\":\"https:\\\/\\\/secure.gravatar.com\\\/avatar\\\/b53a04b7003d01b914d43ebacd13b233f0d99ed1cb7f8cb7d8553ef90e3f466b?s=96&r=g\",\"caption\":\"Editoria\"},\"description\":\"Edi\u00e7\u00e3o do Jornal nos Bairros de Navegantes - Contato: fale@jornalnosbairros.com.br - Siga: @jornalnosbairros - Acesse: www.jornalnosbairros.com.br\",\"sameAs\":[\"http:\\\/\\\/www.jornalnosbairros.com.br\\\/wp\",\"https:\\\/\\\/www.facebook.com\\\/jornalnosbairros\",\"https:\\\/\\\/www.instagram.com\\\/jornalnosbairros\\\/\",\"https:\\\/\\\/x.com\\\/https:\\\/\\\/twitter.com\\\/jornal_bairros\",\"https:\\\/\\\/www.youtube.com\\\/channel\\\/UCbdZNY5wPbaBq5KtRGP4WxQ?view_as=subscriber\"],\"url\":\"https:\\\/\\\/jornalnosbairros.com.br\\\/wp\\\/author\\\/admin\\\/\"}]}<\/script>\n<!-- \/ Yoast SEO plugin. -->","yoast_head_json":{"title":"VEREADOR MONAN DEIXA O MDB E SE FILIA AO PSD DE NAVEGANTES - Jornal nos Bairros","description":"O vereador Jassanan Ramos, o Monan, deixou o MDB, a qual se elegeu por dois mandados, para ir para o PSD. A informa\u00e7\u00e3o","robots":{"index":"index","follow":"follow","max-snippet":"max-snippet:-1","max-image-preview":"max-image-preview:large","max-video-preview":"max-video-preview:-1"},"canonical":"https:\/\/jornalnosbairros.com.br\/wp\/2024\/04\/vereador-monan-tambem-se-une-ao-psd-de-navegantes\/","og_locale":"pt_BR","og_type":"article","og_title":"VEREADOR MONAN DEIXA O MDB E SE FILIA AO PSD DE NAVEGANTES - Jornal nos Bairros","og_description":"O vereador Jassanan Ramos, o Monan, deixou o MDB, a qual se elegeu por dois mandados, para ir para o PSD. A informa\u00e7\u00e3o","og_url":"https:\/\/jornalnosbairros.com.br\/wp\/2024\/04\/vereador-monan-tambem-se-une-ao-psd-de-navegantes\/","og_site_name":"Jornal nos Bairros","article_publisher":"https:\/\/www.facebook.com\/jornalnosbairros","article_author":"https:\/\/www.facebook.com\/jornalnosbairros","article_published_time":"2024-04-02T14:00:09+00:00","article_modified_time":"2024-04-02T17:23:35+00:00","og_image":[{"width":2560,"height":1920,"url":"https:\/\/jornalnosbairros.com.br\/wp\/wp-content\/uploads\/2024\/04\/Jassanan-Ramos-scaled.jpeg","type":"image\/jpeg"}],"author":"Editoria","twitter_card":"summary_large_image","twitter_creator":"@https:\/\/twitter.com\/jornal_bairros","twitter_site":"@jornal_bairros","twitter_misc":{"Escrito por":"Editoria","Est. tempo de leitura":"2 minutos"},"schema":{"@context":"https:\/\/schema.org","@graph":[{"@type":"Article","@id":"https:\/\/jornalnosbairros.com.br\/wp\/2024\/04\/vereador-monan-tambem-se-une-ao-psd-de-navegantes\/#article","isPartOf":{"@id":"https:\/\/jornalnosbairros.com.br\/wp\/2024\/04\/vereador-monan-tambem-se-une-ao-psd-de-navegantes\/"},"author":{"name":"Editoria","@id":"https:\/\/jornalnosbairros.com.br\/wp\/#\/schema\/person\/9a74fde2f4332c018c3b4d29a6129437"},"headline":"VEREADOR MONAN DEIXA O MDB E SE FILIA AO PSD DE NAVEGANTES","datePublished":"2024-04-02T14:00:09+00:00","dateModified":"2024-04-02T17:23:35+00:00","mainEntityOfPage":{"@id":"https:\/\/jornalnosbairros.com.br\/wp\/2024\/04\/vereador-monan-tambem-se-une-ao-psd-de-navegantes\/"},"wordCount":203,"commentCount":0,"publisher":{"@id":"https:\/\/jornalnosbairros.com.br\/wp\/#organization"},"image":{"@id":"https:\/\/jornalnosbairros.com.br\/wp\/2024\/04\/vereador-monan-tambem-se-une-ao-psd-de-navegantes\/#primaryimage"},"thumbnailUrl":"https:\/\/jornalnosbairros.com.br\/wp\/wp-content\/uploads\/2024\/04\/Jassanan-Ramos-scaled.jpeg","articleSection":["POL\u00cdTICA"],"inLanguage":"pt-BR","potentialAction":[{"@type":"CommentAction","name":"Comment","target":["https:\/\/jornalnosbairros.com.br\/wp\/2024\/04\/vereador-monan-tambem-se-une-ao-psd-de-navegantes\/#respond"]}]},{"@type":"WebPage","@id":"https:\/\/jornalnosbairros.com.br\/wp\/2024\/04\/vereador-monan-tambem-se-une-ao-psd-de-navegantes\/","url":"https:\/\/jornalnosbairros.com.br\/wp\/2024\/04\/vereador-monan-tambem-se-une-ao-psd-de-navegantes\/","name":"VEREADOR MONAN DEIXA O MDB E SE FILIA AO PSD DE NAVEGANTES - Jornal nos Bairros","isPartOf":{"@id":"https:\/\/jornalnosbairros.com.br\/wp\/#website"},"primaryImageOfPage":{"@id":"https:\/\/jornalnosbairros.com.br\/wp\/2024\/04\/vereador-monan-tambem-se-une-ao-psd-de-navegantes\/#primaryimage"},"image":{"@id":"https:\/\/jornalnosbairros.com.br\/wp\/2024\/04\/vereador-monan-tambem-se-une-ao-psd-de-navegantes\/#primaryimage"},"thumbnailUrl":"https:\/\/jornalnosbairros.com.br\/wp\/wp-content\/uploads\/2024\/04\/Jassanan-Ramos-scaled.jpeg","datePublished":"2024-04-02T14:00:09+00:00","dateModified":"2024-04-02T17:23:35+00:00","description":"O vereador Jassanan Ramos, o Monan, deixou o MDB, a qual se elegeu por dois mandados, para ir para o PSD. A informa\u00e7\u00e3o","inLanguage":"pt-BR","potentialAction":[{"@type":"ReadAction","target":["https:\/\/jornalnosbairros.com.br\/wp\/2024\/04\/vereador-monan-tambem-se-une-ao-psd-de-navegantes\/"]}]},{"@type":"ImageObject","inLanguage":"pt-BR","@id":"https:\/\/jornalnosbairros.com.br\/wp\/2024\/04\/vereador-monan-tambem-se-une-ao-psd-de-navegantes\/#primaryimage","url":"https:\/\/jornalnosbairros.com.br\/wp\/wp-content\/uploads\/2024\/04\/Jassanan-Ramos-scaled.jpeg","contentUrl":"https:\/\/jornalnosbairros.com.br\/wp\/wp-content\/uploads\/2024\/04\/Jassanan-Ramos-scaled.jpeg","width":2048,"height":1536},{"@type":"WebSite","@id":"https:\/\/jornalnosbairros.com.br\/wp\/#website","url":"https:\/\/jornalnosbairros.com.br\/wp\/","name":"Jornal nos Bairros","description":"Not\u00edcias di\u00e1rias de Navegantes e regi\u00e3o","publisher":{"@id":"https:\/\/jornalnosbairros.com.br\/wp\/#organization"},"alternateName":"JB","potentialAction":[{"@type":"SearchAction","target":{"@type":"EntryPoint","urlTemplate":"https:\/\/jornalnosbairros.com.br\/wp\/?s={search_term_string}"},"query-input":{"@type":"PropertyValueSpecification","valueRequired":true,"valueName":"search_term_string"}}],"inLanguage":"pt-BR"},{"@type":"Organization","@id":"https:\/\/jornalnosbairros.com.br\/wp\/#organization","name":"Jornal nos Bairros de Navegantes","url":"https:\/\/jornalnosbairros.com.br\/wp\/","logo":{"@type":"ImageObject","inLanguage":"pt-BR","@id":"https:\/\/jornalnosbairros.com.br\/wp\/#\/schema\/logo\/image\/","url":"https:\/\/jornalnosbairros.com.br\/wp\/wp-content\/uploads\/2025\/01\/LOGO-JB.png","contentUrl":"https:\/\/jornalnosbairros.com.br\/wp\/wp-content\/uploads\/2025\/01\/LOGO-JB.png","width":168,"height":150,"caption":"Jornal nos Bairros de Navegantes"},"image":{"@id":"https:\/\/jornalnosbairros.com.br\/wp\/#\/schema\/logo\/image\/"},"sameAs":["https:\/\/www.facebook.com\/jornalnosbairros","https:\/\/x.com\/jornal_bairros","https:\/\/www.instagram.com\/jornalnosbairros","https:\/\/www.youtube.com\/@jornalnosbairros"]},{"@type":"Person","@id":"https:\/\/jornalnosbairros.com.br\/wp\/#\/schema\/person\/9a74fde2f4332c018c3b4d29a6129437","name":"Editoria","image":{"@type":"ImageObject","inLanguage":"pt-BR","@id":"https:\/\/secure.gravatar.com\/avatar\/b53a04b7003d01b914d43ebacd13b233f0d99ed1cb7f8cb7d8553ef90e3f466b?s=96&r=g","url":"https:\/\/secure.gravatar.com\/avatar\/b53a04b7003d01b914d43ebacd13b233f0d99ed1cb7f8cb7d8553ef90e3f466b?s=96&r=g","contentUrl":"https:\/\/secure.gravatar.com\/avatar\/b53a04b7003d01b914d43ebacd13b233f0d99ed1cb7f8cb7d8553ef90e3f466b?s=96&r=g","caption":"Editoria"},"description":"Edi\u00e7\u00e3o do Jornal nos Bairros de Navegantes - Contato: fale@jornalnosbairros.com.br - Siga: @jornalnosbairros - Acesse: www.jornalnosbairros.com.br","sameAs":["http:\/\/www.jornalnosbairros.com.br\/wp","https:\/\/www.facebook.com\/jornalnosbairros","https:\/\/www.instagram.com\/jornalnosbairros\/","https:\/\/x.com\/https:\/\/twitter.com\/jornal_bairros","https:\/\/www.youtube.com\/channel\/UCbdZNY5wPbaBq5KtRGP4WxQ?view_as=subscriber"],"url":"https:\/\/jornalnosbairros.com.br\/wp\/author\/admin\/"}]}},"_links":{"self":[{"href":"https:\/\/jornalnosbairros.com.br\/wp\/wp-json\/wp\/v2\/posts\/29527","targetHints":{"allow":["GET"]}}],"collection":[{"href":"https:\/\/jornalnosbairros.com.br\/wp\/wp-json\/wp\/v2\/posts"}],"about":[{"href":"https:\/\/jornalnosbairros.com.br\/wp\/wp-json\/wp\/v2\/types\/post"}],"author":[{"embeddable":true,"href":"https:\/\/jornalnosbairros.com.br\/wp\/wp-json\/wp\/v2\/users\/1"}],"replies":[{"embeddable":true,"href":"https:\/\/jornalnosbairros.com.br\/wp\/wp-json\/wp\/v2\/comments?post=29527"}],"version-history":[{"count":2,"href":"https:\/\/jornalnosbairros.com.br\/wp\/wp-json\/wp\/v2\/posts\/29527\/revisions"}],"predecessor-version":[{"id":29539,"href":"https:\/\/jornalnosbairros.com.br\/wp\/wp-json\/wp\/v2\/posts\/29527\/revisions\/29539"}],"wp:featuredmedia":[{"embeddable":true,"href":"https:\/\/jornalnosbairros.com.br\/wp\/wp-json\/wp\/v2\/media\/29538"}],"wp:attachment":[{"href":"https:\/\/jornalnosbairros.com.br\/wp\/wp-json\/wp\/v2\/media?parent=29527"}],"wp:term":[{"taxonomy":"category","embeddable":true,"href":"https:\/\/jornalnosbairros.com.br\/wp\/wp-json\/wp\/v2\/categories?post=29527"},{"taxonomy":"post_tag","embeddable":true,"href":"https:\/\/jornalnosbairros.com.br\/wp\/wp-json\/wp\/v2\/tags?post=29527"}],"curies":[{"name":"wp","href":"https:\/\/api.w.org\/{rel}","templated":true}]}}