{"id":28229,"date":"2024-01-24T15:13:34","date_gmt":"2024-01-24T18:13:34","guid":{"rendered":"https:\/\/jornalnosbairros.com.br\/wp\/?p=28229"},"modified":"2024-02-02T16:44:31","modified_gmt":"2024-02-02T19:44:31","slug":"delegacia-de-penha-e-promovida-a-delegacia-de-comarca","status":"publish","type":"post","link":"https:\/\/jornalnosbairros.com.br\/wp\/2024\/01\/delegacia-de-penha-e-promovida-a-delegacia-de-comarca\/","title":{"rendered":"DELEGACIA DE PENHA PASSA A TER DELEGADO TITULAR"},"content":{"rendered":"\n<p class=\"has-text-align-center\"><strong><em>A unidade passa a contar com um delegado titular, oferecendo mais agilidade no atendimento das demandas<\/em><\/strong><\/p>\n\n\n\n<p>Na ter\u00e7a-feira (23), aconteceu a solenidade de transforma\u00e7\u00e3o da Delegacia do Munic\u00edpio de Penha para a Delegacia de Comarca de Penha. Com isso, a unidade passa a contar com um delegado titular, oferecendo mais agilidade no atendimento das demandas.<\/p>\n\n\n\n<p>O delegado fixo \u00e9 o Dr. \u00c2ngelo Fragelli, Bacharel em Direito e especialista em Ci\u00eancias Penais e Direito Processual Civil (UNISUL), atuou como delegado regional da Pol\u00edcia Civil de Itaja\u00ed\/SC, al\u00e9m de professor da Academia da Pol\u00edcia Civil de Santa Catarina (ACADEPOL), da Academia do Instituto Geral de Per\u00edcias de Santa Catarina (I.G.P) e de cursos preparat\u00f3rios para concursos p\u00fablicos.<\/p>\n\n\n\n<p>O evento contou com a presen\u00e7a do ministro Luiz Edson Fachin, vice-presidente do Supremo Tribunal Federal (STF), &nbsp;do governador Jorginho Mello, da vice-governadora, Marilisa Boehm, do secret\u00e1rio da Seguran\u00e7a P\u00fablica, Sargento Lima, do delegado-geral da Pol\u00edcia Civil de Santa Catarina, Ulisses Gabriel, da perita-geral da Pol\u00edcia Cient\u00edfica, Andressa Boer Fronza, do diretor de Pol\u00edcia do Litoral, F\u00e1bio Moreira Os\u00f3rio, do delegado Regional de Itaja\u00ed, M\u00e1rcio Luiz Colatto, do prefeito de Penha, Aquiles da Costa, e secret\u00e1rios municipais de Penha.<\/p>\n\n\n\n<figure class=\"wp-block-pullquote\"><blockquote><p>PARTICIPE DO GRUPO DE WHATSAPP DO JB PARA RECEBER NOT\u00cdCIAS EM SEU CELULAR:<br><a href=\"https:\/\/chat.whatsapp.com\/DJkjPyw34SVCxRUdvlspB8\">https:\/\/chat.whatsapp.com\/DJkjPyw34SVCxRUdvlspB8<\/a><\/p><\/blockquote><\/figure>\n","protected":false},"excerpt":{"rendered":"<p>A unidade passa a contar com um delegado titular, oferecendo mais agilidade no atendimento das demandas Na ter\u00e7a-feira (23), aconteceu a solenidade de transforma\u00e7\u00e3o da Delegacia do Munic\u00edpio de Penha para a Delegacia&hellip;<\/p>\n","protected":false},"author":1,"featured_media":28230,"comment_status":"open","ping_status":"open","sticky":false,"template":"","format":"standard","meta":{"footnotes":""},"categories":[33,5],"tags":[83,62],"class_list":["post-28229","post","type-post","status-publish","format-standard","has-post-thumbnail","hentry","category-penha","category-policia","tag-penha","tag-policia"],"yoast_head":"<!-- This site is optimized with the Yoast SEO plugin v27.5 - https:\/\/yoast.com\/product\/yoast-seo-wordpress\/ -->\n<title>DELEGACIA DE PENHA PASSA A TER DELEGADO TITULAR - Jornal nos Bairros<\/title>\n<meta name=\"description\" content=\"A Delegacia de Pol\u00edcia Civil passa a contar com um delegado titular, oferecendo mais agilidade no atendimento das demandas\" \/>\n<meta name=\"robots\" content=\"index, follow, max-snippet:-1, max-image-preview:large, max-video-preview:-1\" \/>\n<link rel=\"canonical\" href=\"https:\/\/jornalnosbairros.com.br\/wp\/2024\/01\/delegacia-de-penha-e-promovida-a-delegacia-de-comarca\/\" \/>\n<meta property=\"og:locale\" content=\"pt_BR\" \/>\n<meta property=\"og:type\" content=\"article\" \/>\n<meta property=\"og:title\" content=\"DELEGACIA DE PENHA PASSA A TER DELEGADO TITULAR - Jornal nos Bairros\" \/>\n<meta property=\"og:description\" content=\"A Delegacia de Pol\u00edcia Civil passa a contar com um delegado titular, oferecendo mais agilidade no atendimento das demandas\" \/>\n<meta property=\"og:url\" content=\"https:\/\/jornalnosbairros.com.br\/wp\/2024\/01\/delegacia-de-penha-e-promovida-a-delegacia-de-comarca\/\" \/>\n<meta property=\"og:site_name\" content=\"Jornal nos Bairros\" \/>\n<meta property=\"article:publisher\" content=\"https:\/\/www.facebook.com\/jornalnosbairros\" \/>\n<meta property=\"article:author\" content=\"https:\/\/www.facebook.com\/jornalnosbairros\" \/>\n<meta property=\"article:published_time\" content=\"2024-01-24T18:13:34+00:00\" \/>\n<meta property=\"article:modified_time\" content=\"2024-02-02T19:44:31+00:00\" \/>\n<meta property=\"og:image\" content=\"https:\/\/jornalnosbairros.com.br\/wp\/wp-content\/uploads\/2024\/01\/WhatsApp-Image-2024-01-24-at-14.26.38.jpeg\" \/>\n\t<meta property=\"og:image:width\" content=\"2560\" \/>\n\t<meta property=\"og:image:height\" content=\"1437\" \/>\n\t<meta property=\"og:image:type\" content=\"image\/jpeg\" \/>\n<meta name=\"author\" content=\"Editoria\" \/>\n<meta name=\"twitter:card\" content=\"summary_large_image\" \/>\n<meta name=\"twitter:creator\" content=\"@https:\/\/twitter.com\/jornal_bairros\" \/>\n<meta name=\"twitter:site\" content=\"@jornal_bairros\" \/>\n<meta name=\"twitter:label1\" content=\"Escrito por\" \/>\n\t<meta name=\"twitter:data1\" content=\"Editoria\" \/>\n\t<meta name=\"twitter:label2\" content=\"Est. tempo de leitura\" \/>\n\t<meta name=\"twitter:data2\" content=\"2 minutos\" \/>\n<script type=\"application\/ld+json\" class=\"yoast-schema-graph\">{\"@context\":\"https:\\\/\\\/schema.org\",\"@graph\":[{\"@type\":\"Article\",\"@id\":\"https:\\\/\\\/jornalnosbairros.com.br\\\/wp\\\/2024\\\/01\\\/delegacia-de-penha-e-promovida-a-delegacia-de-comarca\\\/#article\",\"isPartOf\":{\"@id\":\"https:\\\/\\\/jornalnosbairros.com.br\\\/wp\\\/2024\\\/01\\\/delegacia-de-penha-e-promovida-a-delegacia-de-comarca\\\/\"},\"author\":{\"name\":\"Editoria\",\"@id\":\"https:\\\/\\\/jornalnosbairros.com.br\\\/wp\\\/#\\\/schema\\\/person\\\/9a74fde2f4332c018c3b4d29a6129437\"},\"headline\":\"DELEGACIA DE PENHA PASSA A TER DELEGADO TITULAR\",\"datePublished\":\"2024-01-24T18:13:34+00:00\",\"dateModified\":\"2024-02-02T19:44:31+00:00\",\"mainEntityOfPage\":{\"@id\":\"https:\\\/\\\/jornalnosbairros.com.br\\\/wp\\\/2024\\\/01\\\/delegacia-de-penha-e-promovida-a-delegacia-de-comarca\\\/\"},\"wordCount\":246,\"commentCount\":0,\"publisher\":{\"@id\":\"https:\\\/\\\/jornalnosbairros.com.br\\\/wp\\\/#organization\"},\"image\":{\"@id\":\"https:\\\/\\\/jornalnosbairros.com.br\\\/wp\\\/2024\\\/01\\\/delegacia-de-penha-e-promovida-a-delegacia-de-comarca\\\/#primaryimage\"},\"thumbnailUrl\":\"https:\\\/\\\/jornalnosbairros.com.br\\\/wp\\\/wp-content\\\/uploads\\\/2024\\\/01\\\/WhatsApp-Image-2024-01-24-at-14.26.38.jpeg\",\"keywords\":[\"penha\",\"Policia\"],\"articleSection\":[\"PENHA\",\"POL\u00cdCIA\"],\"inLanguage\":\"pt-BR\",\"potentialAction\":[{\"@type\":\"CommentAction\",\"name\":\"Comment\",\"target\":[\"https:\\\/\\\/jornalnosbairros.com.br\\\/wp\\\/2024\\\/01\\\/delegacia-de-penha-e-promovida-a-delegacia-de-comarca\\\/#respond\"]}]},{\"@type\":\"WebPage\",\"@id\":\"https:\\\/\\\/jornalnosbairros.com.br\\\/wp\\\/2024\\\/01\\\/delegacia-de-penha-e-promovida-a-delegacia-de-comarca\\\/\",\"url\":\"https:\\\/\\\/jornalnosbairros.com.br\\\/wp\\\/2024\\\/01\\\/delegacia-de-penha-e-promovida-a-delegacia-de-comarca\\\/\",\"name\":\"DELEGACIA DE PENHA PASSA A TER DELEGADO TITULAR - Jornal nos Bairros\",\"isPartOf\":{\"@id\":\"https:\\\/\\\/jornalnosbairros.com.br\\\/wp\\\/#website\"},\"primaryImageOfPage\":{\"@id\":\"https:\\\/\\\/jornalnosbairros.com.br\\\/wp\\\/2024\\\/01\\\/delegacia-de-penha-e-promovida-a-delegacia-de-comarca\\\/#primaryimage\"},\"image\":{\"@id\":\"https:\\\/\\\/jornalnosbairros.com.br\\\/wp\\\/2024\\\/01\\\/delegacia-de-penha-e-promovida-a-delegacia-de-comarca\\\/#primaryimage\"},\"thumbnailUrl\":\"https:\\\/\\\/jornalnosbairros.com.br\\\/wp\\\/wp-content\\\/uploads\\\/2024\\\/01\\\/WhatsApp-Image-2024-01-24-at-14.26.38.jpeg\",\"datePublished\":\"2024-01-24T18:13:34+00:00\",\"dateModified\":\"2024-02-02T19:44:31+00:00\",\"description\":\"A Delegacia de Pol\u00edcia Civil passa a contar com um delegado titular, oferecendo mais agilidade no atendimento das demandas\",\"inLanguage\":\"pt-BR\",\"potentialAction\":[{\"@type\":\"ReadAction\",\"target\":[\"https:\\\/\\\/jornalnosbairros.com.br\\\/wp\\\/2024\\\/01\\\/delegacia-de-penha-e-promovida-a-delegacia-de-comarca\\\/\"]}]},{\"@type\":\"ImageObject\",\"inLanguage\":\"pt-BR\",\"@id\":\"https:\\\/\\\/jornalnosbairros.com.br\\\/wp\\\/2024\\\/01\\\/delegacia-de-penha-e-promovida-a-delegacia-de-comarca\\\/#primaryimage\",\"url\":\"https:\\\/\\\/jornalnosbairros.com.br\\\/wp\\\/wp-content\\\/uploads\\\/2024\\\/01\\\/WhatsApp-Image-2024-01-24-at-14.26.38.jpeg\",\"contentUrl\":\"https:\\\/\\\/jornalnosbairros.com.br\\\/wp\\\/wp-content\\\/uploads\\\/2024\\\/01\\\/WhatsApp-Image-2024-01-24-at-14.26.38.jpeg\",\"width\":2048,\"height\":1150},{\"@type\":\"WebSite\",\"@id\":\"https:\\\/\\\/jornalnosbairros.com.br\\\/wp\\\/#website\",\"url\":\"https:\\\/\\\/jornalnosbairros.com.br\\\/wp\\\/\",\"name\":\"Jornal nos Bairros\",\"description\":\"Not\u00edcias di\u00e1rias de Navegantes e regi\u00e3o\",\"publisher\":{\"@id\":\"https:\\\/\\\/jornalnosbairros.com.br\\\/wp\\\/#organization\"},\"alternateName\":\"JB\",\"potentialAction\":[{\"@type\":\"SearchAction\",\"target\":{\"@type\":\"EntryPoint\",\"urlTemplate\":\"https:\\\/\\\/jornalnosbairros.com.br\\\/wp\\\/?s={search_term_string}\"},\"query-input\":{\"@type\":\"PropertyValueSpecification\",\"valueRequired\":true,\"valueName\":\"search_term_string\"}}],\"inLanguage\":\"pt-BR\"},{\"@type\":\"Organization\",\"@id\":\"https:\\\/\\\/jornalnosbairros.com.br\\\/wp\\\/#organization\",\"name\":\"Jornal nos Bairros de Navegantes\",\"url\":\"https:\\\/\\\/jornalnosbairros.com.br\\\/wp\\\/\",\"logo\":{\"@type\":\"ImageObject\",\"inLanguage\":\"pt-BR\",\"@id\":\"https:\\\/\\\/jornalnosbairros.com.br\\\/wp\\\/#\\\/schema\\\/logo\\\/image\\\/\",\"url\":\"https:\\\/\\\/jornalnosbairros.com.br\\\/wp\\\/wp-content\\\/uploads\\\/2025\\\/01\\\/LOGO-JB.png\",\"contentUrl\":\"https:\\\/\\\/jornalnosbairros.com.br\\\/wp\\\/wp-content\\\/uploads\\\/2025\\\/01\\\/LOGO-JB.png\",\"width\":168,\"height\":150,\"caption\":\"Jornal nos Bairros de Navegantes\"},\"image\":{\"@id\":\"https:\\\/\\\/jornalnosbairros.com.br\\\/wp\\\/#\\\/schema\\\/logo\\\/image\\\/\"},\"sameAs\":[\"https:\\\/\\\/www.facebook.com\\\/jornalnosbairros\",\"https:\\\/\\\/x.com\\\/jornal_bairros\",\"https:\\\/\\\/www.instagram.com\\\/jornalnosbairros\",\"https:\\\/\\\/www.youtube.com\\\/@jornalnosbairros\"]},{\"@type\":\"Person\",\"@id\":\"https:\\\/\\\/jornalnosbairros.com.br\\\/wp\\\/#\\\/schema\\\/person\\\/9a74fde2f4332c018c3b4d29a6129437\",\"name\":\"Editoria\",\"image\":{\"@type\":\"ImageObject\",\"inLanguage\":\"pt-BR\",\"@id\":\"https:\\\/\\\/secure.gravatar.com\\\/avatar\\\/b53a04b7003d01b914d43ebacd13b233f0d99ed1cb7f8cb7d8553ef90e3f466b?s=96&r=g\",\"url\":\"https:\\\/\\\/secure.gravatar.com\\\/avatar\\\/b53a04b7003d01b914d43ebacd13b233f0d99ed1cb7f8cb7d8553ef90e3f466b?s=96&r=g\",\"contentUrl\":\"https:\\\/\\\/secure.gravatar.com\\\/avatar\\\/b53a04b7003d01b914d43ebacd13b233f0d99ed1cb7f8cb7d8553ef90e3f466b?s=96&r=g\",\"caption\":\"Editoria\"},\"description\":\"Edi\u00e7\u00e3o do Jornal nos Bairros de Navegantes - Contato: fale@jornalnosbairros.com.br - Siga: @jornalnosbairros - Acesse: www.jornalnosbairros.com.br\",\"sameAs\":[\"http:\\\/\\\/www.jornalnosbairros.com.br\\\/wp\",\"https:\\\/\\\/www.facebook.com\\\/jornalnosbairros\",\"https:\\\/\\\/www.instagram.com\\\/jornalnosbairros\\\/\",\"https:\\\/\\\/x.com\\\/https:\\\/\\\/twitter.com\\\/jornal_bairros\",\"https:\\\/\\\/www.youtube.com\\\/channel\\\/UCbdZNY5wPbaBq5KtRGP4WxQ?view_as=subscriber\"],\"url\":\"https:\\\/\\\/jornalnosbairros.com.br\\\/wp\\\/author\\\/admin\\\/\"}]}<\/script>\n<!-- \/ Yoast SEO plugin. -->","yoast_head_json":{"title":"DELEGACIA DE PENHA PASSA A TER DELEGADO TITULAR - Jornal nos Bairros","description":"A Delegacia de Pol\u00edcia Civil passa a contar com um delegado titular, oferecendo mais agilidade no atendimento das demandas","robots":{"index":"index","follow":"follow","max-snippet":"max-snippet:-1","max-image-preview":"max-image-preview:large","max-video-preview":"max-video-preview:-1"},"canonical":"https:\/\/jornalnosbairros.com.br\/wp\/2024\/01\/delegacia-de-penha-e-promovida-a-delegacia-de-comarca\/","og_locale":"pt_BR","og_type":"article","og_title":"DELEGACIA DE PENHA PASSA A TER DELEGADO TITULAR - Jornal nos Bairros","og_description":"A Delegacia de Pol\u00edcia Civil passa a contar com um delegado titular, oferecendo mais agilidade no atendimento das demandas","og_url":"https:\/\/jornalnosbairros.com.br\/wp\/2024\/01\/delegacia-de-penha-e-promovida-a-delegacia-de-comarca\/","og_site_name":"Jornal nos Bairros","article_publisher":"https:\/\/www.facebook.com\/jornalnosbairros","article_author":"https:\/\/www.facebook.com\/jornalnosbairros","article_published_time":"2024-01-24T18:13:34+00:00","article_modified_time":"2024-02-02T19:44:31+00:00","og_image":[{"width":2560,"height":1437,"url":"https:\/\/jornalnosbairros.com.br\/wp\/wp-content\/uploads\/2024\/01\/WhatsApp-Image-2024-01-24-at-14.26.38.jpeg","type":"image\/jpeg"}],"author":"Editoria","twitter_card":"summary_large_image","twitter_creator":"@https:\/\/twitter.com\/jornal_bairros","twitter_site":"@jornal_bairros","twitter_misc":{"Escrito por":"Editoria","Est. tempo de leitura":"2 minutos"},"schema":{"@context":"https:\/\/schema.org","@graph":[{"@type":"Article","@id":"https:\/\/jornalnosbairros.com.br\/wp\/2024\/01\/delegacia-de-penha-e-promovida-a-delegacia-de-comarca\/#article","isPartOf":{"@id":"https:\/\/jornalnosbairros.com.br\/wp\/2024\/01\/delegacia-de-penha-e-promovida-a-delegacia-de-comarca\/"},"author":{"name":"Editoria","@id":"https:\/\/jornalnosbairros.com.br\/wp\/#\/schema\/person\/9a74fde2f4332c018c3b4d29a6129437"},"headline":"DELEGACIA DE PENHA PASSA A TER DELEGADO TITULAR","datePublished":"2024-01-24T18:13:34+00:00","dateModified":"2024-02-02T19:44:31+00:00","mainEntityOfPage":{"@id":"https:\/\/jornalnosbairros.com.br\/wp\/2024\/01\/delegacia-de-penha-e-promovida-a-delegacia-de-comarca\/"},"wordCount":246,"commentCount":0,"publisher":{"@id":"https:\/\/jornalnosbairros.com.br\/wp\/#organization"},"image":{"@id":"https:\/\/jornalnosbairros.com.br\/wp\/2024\/01\/delegacia-de-penha-e-promovida-a-delegacia-de-comarca\/#primaryimage"},"thumbnailUrl":"https:\/\/jornalnosbairros.com.br\/wp\/wp-content\/uploads\/2024\/01\/WhatsApp-Image-2024-01-24-at-14.26.38.jpeg","keywords":["penha","Policia"],"articleSection":["PENHA","POL\u00cdCIA"],"inLanguage":"pt-BR","potentialAction":[{"@type":"CommentAction","name":"Comment","target":["https:\/\/jornalnosbairros.com.br\/wp\/2024\/01\/delegacia-de-penha-e-promovida-a-delegacia-de-comarca\/#respond"]}]},{"@type":"WebPage","@id":"https:\/\/jornalnosbairros.com.br\/wp\/2024\/01\/delegacia-de-penha-e-promovida-a-delegacia-de-comarca\/","url":"https:\/\/jornalnosbairros.com.br\/wp\/2024\/01\/delegacia-de-penha-e-promovida-a-delegacia-de-comarca\/","name":"DELEGACIA DE PENHA PASSA A TER DELEGADO TITULAR - Jornal nos Bairros","isPartOf":{"@id":"https:\/\/jornalnosbairros.com.br\/wp\/#website"},"primaryImageOfPage":{"@id":"https:\/\/jornalnosbairros.com.br\/wp\/2024\/01\/delegacia-de-penha-e-promovida-a-delegacia-de-comarca\/#primaryimage"},"image":{"@id":"https:\/\/jornalnosbairros.com.br\/wp\/2024\/01\/delegacia-de-penha-e-promovida-a-delegacia-de-comarca\/#primaryimage"},"thumbnailUrl":"https:\/\/jornalnosbairros.com.br\/wp\/wp-content\/uploads\/2024\/01\/WhatsApp-Image-2024-01-24-at-14.26.38.jpeg","datePublished":"2024-01-24T18:13:34+00:00","dateModified":"2024-02-02T19:44:31+00:00","description":"A Delegacia de Pol\u00edcia Civil passa a contar com um delegado titular, oferecendo mais agilidade no atendimento das demandas","inLanguage":"pt-BR","potentialAction":[{"@type":"ReadAction","target":["https:\/\/jornalnosbairros.com.br\/wp\/2024\/01\/delegacia-de-penha-e-promovida-a-delegacia-de-comarca\/"]}]},{"@type":"ImageObject","inLanguage":"pt-BR","@id":"https:\/\/jornalnosbairros.com.br\/wp\/2024\/01\/delegacia-de-penha-e-promovida-a-delegacia-de-comarca\/#primaryimage","url":"https:\/\/jornalnosbairros.com.br\/wp\/wp-content\/uploads\/2024\/01\/WhatsApp-Image-2024-01-24-at-14.26.38.jpeg","contentUrl":"https:\/\/jornalnosbairros.com.br\/wp\/wp-content\/uploads\/2024\/01\/WhatsApp-Image-2024-01-24-at-14.26.38.jpeg","width":2048,"height":1150},{"@type":"WebSite","@id":"https:\/\/jornalnosbairros.com.br\/wp\/#website","url":"https:\/\/jornalnosbairros.com.br\/wp\/","name":"Jornal nos Bairros","description":"Not\u00edcias di\u00e1rias de Navegantes e regi\u00e3o","publisher":{"@id":"https:\/\/jornalnosbairros.com.br\/wp\/#organization"},"alternateName":"JB","potentialAction":[{"@type":"SearchAction","target":{"@type":"EntryPoint","urlTemplate":"https:\/\/jornalnosbairros.com.br\/wp\/?s={search_term_string}"},"query-input":{"@type":"PropertyValueSpecification","valueRequired":true,"valueName":"search_term_string"}}],"inLanguage":"pt-BR"},{"@type":"Organization","@id":"https:\/\/jornalnosbairros.com.br\/wp\/#organization","name":"Jornal nos Bairros de Navegantes","url":"https:\/\/jornalnosbairros.com.br\/wp\/","logo":{"@type":"ImageObject","inLanguage":"pt-BR","@id":"https:\/\/jornalnosbairros.com.br\/wp\/#\/schema\/logo\/image\/","url":"https:\/\/jornalnosbairros.com.br\/wp\/wp-content\/uploads\/2025\/01\/LOGO-JB.png","contentUrl":"https:\/\/jornalnosbairros.com.br\/wp\/wp-content\/uploads\/2025\/01\/LOGO-JB.png","width":168,"height":150,"caption":"Jornal nos Bairros de Navegantes"},"image":{"@id":"https:\/\/jornalnosbairros.com.br\/wp\/#\/schema\/logo\/image\/"},"sameAs":["https:\/\/www.facebook.com\/jornalnosbairros","https:\/\/x.com\/jornal_bairros","https:\/\/www.instagram.com\/jornalnosbairros","https:\/\/www.youtube.com\/@jornalnosbairros"]},{"@type":"Person","@id":"https:\/\/jornalnosbairros.com.br\/wp\/#\/schema\/person\/9a74fde2f4332c018c3b4d29a6129437","name":"Editoria","image":{"@type":"ImageObject","inLanguage":"pt-BR","@id":"https:\/\/secure.gravatar.com\/avatar\/b53a04b7003d01b914d43ebacd13b233f0d99ed1cb7f8cb7d8553ef90e3f466b?s=96&r=g","url":"https:\/\/secure.gravatar.com\/avatar\/b53a04b7003d01b914d43ebacd13b233f0d99ed1cb7f8cb7d8553ef90e3f466b?s=96&r=g","contentUrl":"https:\/\/secure.gravatar.com\/avatar\/b53a04b7003d01b914d43ebacd13b233f0d99ed1cb7f8cb7d8553ef90e3f466b?s=96&r=g","caption":"Editoria"},"description":"Edi\u00e7\u00e3o do Jornal nos Bairros de Navegantes - Contato: fale@jornalnosbairros.com.br - Siga: @jornalnosbairros - Acesse: www.jornalnosbairros.com.br","sameAs":["http:\/\/www.jornalnosbairros.com.br\/wp","https:\/\/www.facebook.com\/jornalnosbairros","https:\/\/www.instagram.com\/jornalnosbairros\/","https:\/\/x.com\/https:\/\/twitter.com\/jornal_bairros","https:\/\/www.youtube.com\/channel\/UCbdZNY5wPbaBq5KtRGP4WxQ?view_as=subscriber"],"url":"https:\/\/jornalnosbairros.com.br\/wp\/author\/admin\/"}]}},"_links":{"self":[{"href":"https:\/\/jornalnosbairros.com.br\/wp\/wp-json\/wp\/v2\/posts\/28229","targetHints":{"allow":["GET"]}}],"collection":[{"href":"https:\/\/jornalnosbairros.com.br\/wp\/wp-json\/wp\/v2\/posts"}],"about":[{"href":"https:\/\/jornalnosbairros.com.br\/wp\/wp-json\/wp\/v2\/types\/post"}],"author":[{"embeddable":true,"href":"https:\/\/jornalnosbairros.com.br\/wp\/wp-json\/wp\/v2\/users\/1"}],"replies":[{"embeddable":true,"href":"https:\/\/jornalnosbairros.com.br\/wp\/wp-json\/wp\/v2\/comments?post=28229"}],"version-history":[{"count":2,"href":"https:\/\/jornalnosbairros.com.br\/wp\/wp-json\/wp\/v2\/posts\/28229\/revisions"}],"predecessor-version":[{"id":28237,"href":"https:\/\/jornalnosbairros.com.br\/wp\/wp-json\/wp\/v2\/posts\/28229\/revisions\/28237"}],"wp:featuredmedia":[{"embeddable":true,"href":"https:\/\/jornalnosbairros.com.br\/wp\/wp-json\/wp\/v2\/media\/28230"}],"wp:attachment":[{"href":"https:\/\/jornalnosbairros.com.br\/wp\/wp-json\/wp\/v2\/media?parent=28229"}],"wp:term":[{"taxonomy":"category","embeddable":true,"href":"https:\/\/jornalnosbairros.com.br\/wp\/wp-json\/wp\/v2\/categories?post=28229"},{"taxonomy":"post_tag","embeddable":true,"href":"https:\/\/jornalnosbairros.com.br\/wp\/wp-json\/wp\/v2\/tags?post=28229"}],"curies":[{"name":"wp","href":"https:\/\/api.w.org\/{rel}","templated":true}]}}