{"id":22624,"date":"2023-05-23T23:55:58","date_gmt":"2023-05-23T23:55:58","guid":{"rendered":"https:\/\/jornalnosbairros.com.br\/wp\/?p=22624"},"modified":"2023-05-23T23:56:00","modified_gmt":"2023-05-23T23:56:00","slug":"balcao-de-empregos-de-itajai-tem-14-mil-vagas-disponiveis","status":"publish","type":"post","link":"https:\/\/jornalnosbairros.com.br\/wp\/2023\/05\/balcao-de-empregos-de-itajai-tem-14-mil-vagas-disponiveis\/","title":{"rendered":"BALC\u00c3O DE EMPREGOS DE ITAJA\u00cd TEM 1,4 MIL VAGAS DISPON\u00cdVEIS"},"content":{"rendered":"\n<p>O Balc\u00e3o de Empregos de Itaja\u00ed est\u00e1 com oferta de 1.426 vagas nesta semana. As oportunidades s\u00e3o para homens e mulheres em diversos setores e fun\u00e7\u00f5es: almoxarifado, auxiliar administrativo e de escrit\u00f3rio, cozinha, recursos humanos, log\u00edstica, entre outras. Os interessados podem visualizar e se candidatar \u00e0s vagas atrav\u00e9s do aplicativo Conecta.\u00cd, pelo site&nbsp;<strong><a href=\"http:\/\/empregos.itajai.sc.gov.br\/\" target=\"_blank\" rel=\"noreferrer noopener\">empregos.itajai.sc.gov.br<\/a><\/strong>&nbsp;ou pessoalmente na sede do Balc\u00e3o, no bairro Centro.<\/p>\n\n\n\n<p>Na quarta-feira (24), o servi\u00e7o tamb\u00e9m realiza atendimento especial com entrevistas de candidatos interessados na vaga de operador comercial de supermercado. Ao todo, s\u00e3o oito oportunidades na \u00e1rea para o bairro Praia Brava. Os contratados desempenhar\u00e3o fun\u00e7\u00f5es de caixa, atendente de padaria, repositor e zeladoria. Para concorrer \u00e0s vagas, n\u00e3o \u00e9 preciso ter experi\u00eancia e os candidatos podem ser homens ou mulheres, maiores de 18 anos e com ensino fundamental incompleto.<\/p>\n\n\n\n<p>As entrevistas ocorrer\u00e3o na sede do Balc\u00e3o de Empregos, localizado na rua Manoel Vieira Gar\u00e7\u00e3o, n\u00ba 120, Ed. Zen Tower, t\u00e9rreo, bairro Centro, das 13h30 \u00e0s 17h30. Para se candidatar, \u00e9 necess\u00e1rio levar documento de identifica\u00e7\u00e3o, carteira de trabalho e curr\u00edculo. Mais informa\u00e7\u00f5es podem ser obtidas pelo Whatsapp (47) 3246-1190.&nbsp;&nbsp;<\/p>\n","protected":false},"excerpt":{"rendered":"<p>O Balc\u00e3o de Empregos de Itaja\u00ed est\u00e1 com oferta de 1.426 vagas nesta semana. As oportunidades s\u00e3o para homens e mulheres em diversos setores e fun\u00e7\u00f5es: almoxarifado, auxiliar administrativo e de escrit\u00f3rio, cozinha,&hellip;<\/p>\n","protected":false},"author":1,"featured_media":22625,"comment_status":"closed","ping_status":"closed","sticky":false,"template":"","format":"standard","meta":{"footnotes":""},"categories":[3],"tags":[48,47,46,482,58,387],"class_list":["post-22624","post","type-post","status-publish","format-standard","has-post-thumbnail","hentry","category-geral","tag-acao","tag-cidade","tag-economia","tag-empregos","tag-itajai","tag-vagas"],"yoast_head":"<!-- This site is optimized with the Yoast SEO plugin v27.5 - https:\/\/yoast.com\/product\/yoast-seo-wordpress\/ -->\n<title>BALC\u00c3O DE EMPREGOS DE ITAJA\u00cd TEM 1,4 MIL VAGAS DISPON\u00cdVEIS<\/title>\n<meta name=\"description\" content=\"Na quarta-feira (24), o servi\u00e7o tamb\u00e9m realiza atendimento especial com entrevistas de candidatos \u00e0s vagas nos supermercados\" \/>\n<meta name=\"robots\" content=\"index, follow, max-snippet:-1, max-image-preview:large, max-video-preview:-1\" \/>\n<link rel=\"canonical\" href=\"https:\/\/jornalnosbairros.com.br\/wp\/2023\/05\/balcao-de-empregos-de-itajai-tem-14-mil-vagas-disponiveis\/\" \/>\n<meta property=\"og:locale\" content=\"pt_BR\" \/>\n<meta property=\"og:type\" content=\"article\" \/>\n<meta property=\"og:title\" content=\"BALC\u00c3O DE EMPREGOS DE ITAJA\u00cd TEM 1,4 MIL VAGAS DISPON\u00cdVEIS\" \/>\n<meta property=\"og:description\" content=\"Na quarta-feira (24), o servi\u00e7o tamb\u00e9m realiza atendimento especial com entrevistas de candidatos \u00e0s vagas nos supermercados\" \/>\n<meta property=\"og:url\" content=\"https:\/\/jornalnosbairros.com.br\/wp\/2023\/05\/balcao-de-empregos-de-itajai-tem-14-mil-vagas-disponiveis\/\" \/>\n<meta property=\"og:site_name\" content=\"Jornal nos Bairros\" \/>\n<meta property=\"article:publisher\" content=\"https:\/\/www.facebook.com\/jornalnosbairros\" \/>\n<meta property=\"article:author\" content=\"https:\/\/www.facebook.com\/jornalnosbairros\" \/>\n<meta property=\"article:published_time\" content=\"2023-05-23T23:55:58+00:00\" \/>\n<meta property=\"article:modified_time\" content=\"2023-05-23T23:56:00+00:00\" \/>\n<meta property=\"og:image\" content=\"https:\/\/jornalnosbairros.com.br\/wp\/wp-content\/uploads\/2023\/05\/Balcao-de-Empregos-de-Itajai-tem-mais-de-14-mil-vagas-disponiveis-_135789.jpg\" \/>\n\t<meta property=\"og:image:width\" content=\"1920\" \/>\n\t<meta property=\"og:image:height\" content=\"1280\" \/>\n\t<meta property=\"og:image:type\" content=\"image\/jpeg\" \/>\n<meta name=\"author\" content=\"Editoria\" \/>\n<meta name=\"twitter:card\" content=\"summary_large_image\" \/>\n<meta name=\"twitter:creator\" content=\"@https:\/\/twitter.com\/jornal_bairros\" \/>\n<meta name=\"twitter:site\" content=\"@jornal_bairros\" \/>\n<meta name=\"twitter:label1\" content=\"Escrito por\" \/>\n\t<meta name=\"twitter:data1\" content=\"Editoria\" \/>\n\t<meta name=\"twitter:label2\" content=\"Est. tempo de leitura\" \/>\n\t<meta name=\"twitter:data2\" content=\"1 minuto\" \/>\n<script type=\"application\/ld+json\" class=\"yoast-schema-graph\">{\"@context\":\"https:\\\/\\\/schema.org\",\"@graph\":[{\"@type\":\"Article\",\"@id\":\"https:\\\/\\\/jornalnosbairros.com.br\\\/wp\\\/2023\\\/05\\\/balcao-de-empregos-de-itajai-tem-14-mil-vagas-disponiveis\\\/#article\",\"isPartOf\":{\"@id\":\"https:\\\/\\\/jornalnosbairros.com.br\\\/wp\\\/2023\\\/05\\\/balcao-de-empregos-de-itajai-tem-14-mil-vagas-disponiveis\\\/\"},\"author\":{\"name\":\"Editoria\",\"@id\":\"https:\\\/\\\/jornalnosbairros.com.br\\\/wp\\\/#\\\/schema\\\/person\\\/9a74fde2f4332c018c3b4d29a6129437\"},\"headline\":\"BALC\u00c3O DE EMPREGOS DE ITAJA\u00cd TEM 1,4 MIL VAGAS DISPON\u00cdVEIS\",\"datePublished\":\"2023-05-23T23:55:58+00:00\",\"dateModified\":\"2023-05-23T23:56:00+00:00\",\"mainEntityOfPage\":{\"@id\":\"https:\\\/\\\/jornalnosbairros.com.br\\\/wp\\\/2023\\\/05\\\/balcao-de-empregos-de-itajai-tem-14-mil-vagas-disponiveis\\\/\"},\"wordCount\":218,\"publisher\":{\"@id\":\"https:\\\/\\\/jornalnosbairros.com.br\\\/wp\\\/#organization\"},\"image\":{\"@id\":\"https:\\\/\\\/jornalnosbairros.com.br\\\/wp\\\/2023\\\/05\\\/balcao-de-empregos-de-itajai-tem-14-mil-vagas-disponiveis\\\/#primaryimage\"},\"thumbnailUrl\":\"https:\\\/\\\/jornalnosbairros.com.br\\\/wp\\\/wp-content\\\/uploads\\\/2023\\\/05\\\/Balcao-de-Empregos-de-Itajai-tem-mais-de-14-mil-vagas-disponiveis-_135789.jpg\",\"keywords\":[\"acao\",\"cidade\",\"economia\",\"empregos\",\"Itaja\u00ed\",\"vagas\"],\"articleSection\":[\"GERAL\"],\"inLanguage\":\"pt-BR\"},{\"@type\":\"WebPage\",\"@id\":\"https:\\\/\\\/jornalnosbairros.com.br\\\/wp\\\/2023\\\/05\\\/balcao-de-empregos-de-itajai-tem-14-mil-vagas-disponiveis\\\/\",\"url\":\"https:\\\/\\\/jornalnosbairros.com.br\\\/wp\\\/2023\\\/05\\\/balcao-de-empregos-de-itajai-tem-14-mil-vagas-disponiveis\\\/\",\"name\":\"BALC\u00c3O DE EMPREGOS DE ITAJA\u00cd TEM 1,4 MIL VAGAS DISPON\u00cdVEIS\",\"isPartOf\":{\"@id\":\"https:\\\/\\\/jornalnosbairros.com.br\\\/wp\\\/#website\"},\"primaryImageOfPage\":{\"@id\":\"https:\\\/\\\/jornalnosbairros.com.br\\\/wp\\\/2023\\\/05\\\/balcao-de-empregos-de-itajai-tem-14-mil-vagas-disponiveis\\\/#primaryimage\"},\"image\":{\"@id\":\"https:\\\/\\\/jornalnosbairros.com.br\\\/wp\\\/2023\\\/05\\\/balcao-de-empregos-de-itajai-tem-14-mil-vagas-disponiveis\\\/#primaryimage\"},\"thumbnailUrl\":\"https:\\\/\\\/jornalnosbairros.com.br\\\/wp\\\/wp-content\\\/uploads\\\/2023\\\/05\\\/Balcao-de-Empregos-de-Itajai-tem-mais-de-14-mil-vagas-disponiveis-_135789.jpg\",\"datePublished\":\"2023-05-23T23:55:58+00:00\",\"dateModified\":\"2023-05-23T23:56:00+00:00\",\"description\":\"Na quarta-feira (24), o servi\u00e7o tamb\u00e9m realiza atendimento especial com entrevistas de candidatos \u00e0s vagas nos supermercados\",\"inLanguage\":\"pt-BR\",\"potentialAction\":[{\"@type\":\"ReadAction\",\"target\":[\"https:\\\/\\\/jornalnosbairros.com.br\\\/wp\\\/2023\\\/05\\\/balcao-de-empregos-de-itajai-tem-14-mil-vagas-disponiveis\\\/\"]}]},{\"@type\":\"ImageObject\",\"inLanguage\":\"pt-BR\",\"@id\":\"https:\\\/\\\/jornalnosbairros.com.br\\\/wp\\\/2023\\\/05\\\/balcao-de-empregos-de-itajai-tem-14-mil-vagas-disponiveis\\\/#primaryimage\",\"url\":\"https:\\\/\\\/jornalnosbairros.com.br\\\/wp\\\/wp-content\\\/uploads\\\/2023\\\/05\\\/Balcao-de-Empregos-de-Itajai-tem-mais-de-14-mil-vagas-disponiveis-_135789.jpg\",\"contentUrl\":\"https:\\\/\\\/jornalnosbairros.com.br\\\/wp\\\/wp-content\\\/uploads\\\/2023\\\/05\\\/Balcao-de-Empregos-de-Itajai-tem-mais-de-14-mil-vagas-disponiveis-_135789.jpg\",\"width\":1920,\"height\":1280},{\"@type\":\"WebSite\",\"@id\":\"https:\\\/\\\/jornalnosbairros.com.br\\\/wp\\\/#website\",\"url\":\"https:\\\/\\\/jornalnosbairros.com.br\\\/wp\\\/\",\"name\":\"Jornal nos Bairros\",\"description\":\"Not\u00edcias di\u00e1rias de Navegantes e regi\u00e3o\",\"publisher\":{\"@id\":\"https:\\\/\\\/jornalnosbairros.com.br\\\/wp\\\/#organization\"},\"alternateName\":\"JB\",\"potentialAction\":[{\"@type\":\"SearchAction\",\"target\":{\"@type\":\"EntryPoint\",\"urlTemplate\":\"https:\\\/\\\/jornalnosbairros.com.br\\\/wp\\\/?s={search_term_string}\"},\"query-input\":{\"@type\":\"PropertyValueSpecification\",\"valueRequired\":true,\"valueName\":\"search_term_string\"}}],\"inLanguage\":\"pt-BR\"},{\"@type\":\"Organization\",\"@id\":\"https:\\\/\\\/jornalnosbairros.com.br\\\/wp\\\/#organization\",\"name\":\"Jornal nos Bairros de Navegantes\",\"url\":\"https:\\\/\\\/jornalnosbairros.com.br\\\/wp\\\/\",\"logo\":{\"@type\":\"ImageObject\",\"inLanguage\":\"pt-BR\",\"@id\":\"https:\\\/\\\/jornalnosbairros.com.br\\\/wp\\\/#\\\/schema\\\/logo\\\/image\\\/\",\"url\":\"https:\\\/\\\/jornalnosbairros.com.br\\\/wp\\\/wp-content\\\/uploads\\\/2025\\\/01\\\/LOGO-JB.png\",\"contentUrl\":\"https:\\\/\\\/jornalnosbairros.com.br\\\/wp\\\/wp-content\\\/uploads\\\/2025\\\/01\\\/LOGO-JB.png\",\"width\":168,\"height\":150,\"caption\":\"Jornal nos Bairros de Navegantes\"},\"image\":{\"@id\":\"https:\\\/\\\/jornalnosbairros.com.br\\\/wp\\\/#\\\/schema\\\/logo\\\/image\\\/\"},\"sameAs\":[\"https:\\\/\\\/www.facebook.com\\\/jornalnosbairros\",\"https:\\\/\\\/x.com\\\/jornal_bairros\",\"https:\\\/\\\/www.instagram.com\\\/jornalnosbairros\",\"https:\\\/\\\/www.youtube.com\\\/@jornalnosbairros\"]},{\"@type\":\"Person\",\"@id\":\"https:\\\/\\\/jornalnosbairros.com.br\\\/wp\\\/#\\\/schema\\\/person\\\/9a74fde2f4332c018c3b4d29a6129437\",\"name\":\"Editoria\",\"image\":{\"@type\":\"ImageObject\",\"inLanguage\":\"pt-BR\",\"@id\":\"https:\\\/\\\/secure.gravatar.com\\\/avatar\\\/b53a04b7003d01b914d43ebacd13b233f0d99ed1cb7f8cb7d8553ef90e3f466b?s=96&r=g\",\"url\":\"https:\\\/\\\/secure.gravatar.com\\\/avatar\\\/b53a04b7003d01b914d43ebacd13b233f0d99ed1cb7f8cb7d8553ef90e3f466b?s=96&r=g\",\"contentUrl\":\"https:\\\/\\\/secure.gravatar.com\\\/avatar\\\/b53a04b7003d01b914d43ebacd13b233f0d99ed1cb7f8cb7d8553ef90e3f466b?s=96&r=g\",\"caption\":\"Editoria\"},\"description\":\"Edi\u00e7\u00e3o do Jornal nos Bairros de Navegantes - Contato: fale@jornalnosbairros.com.br - Siga: @jornalnosbairros - Acesse: www.jornalnosbairros.com.br\",\"sameAs\":[\"http:\\\/\\\/www.jornalnosbairros.com.br\\\/wp\",\"https:\\\/\\\/www.facebook.com\\\/jornalnosbairros\",\"https:\\\/\\\/www.instagram.com\\\/jornalnosbairros\\\/\",\"https:\\\/\\\/x.com\\\/https:\\\/\\\/twitter.com\\\/jornal_bairros\",\"https:\\\/\\\/www.youtube.com\\\/channel\\\/UCbdZNY5wPbaBq5KtRGP4WxQ?view_as=subscriber\"],\"url\":\"https:\\\/\\\/jornalnosbairros.com.br\\\/wp\\\/author\\\/admin\\\/\"}]}<\/script>\n<!-- \/ Yoast SEO plugin. -->","yoast_head_json":{"title":"BALC\u00c3O DE EMPREGOS DE ITAJA\u00cd TEM 1,4 MIL VAGAS DISPON\u00cdVEIS","description":"Na quarta-feira (24), o servi\u00e7o tamb\u00e9m realiza atendimento especial com entrevistas de candidatos \u00e0s vagas nos supermercados","robots":{"index":"index","follow":"follow","max-snippet":"max-snippet:-1","max-image-preview":"max-image-preview:large","max-video-preview":"max-video-preview:-1"},"canonical":"https:\/\/jornalnosbairros.com.br\/wp\/2023\/05\/balcao-de-empregos-de-itajai-tem-14-mil-vagas-disponiveis\/","og_locale":"pt_BR","og_type":"article","og_title":"BALC\u00c3O DE EMPREGOS DE ITAJA\u00cd TEM 1,4 MIL VAGAS DISPON\u00cdVEIS","og_description":"Na quarta-feira (24), o servi\u00e7o tamb\u00e9m realiza atendimento especial com entrevistas de candidatos \u00e0s vagas nos supermercados","og_url":"https:\/\/jornalnosbairros.com.br\/wp\/2023\/05\/balcao-de-empregos-de-itajai-tem-14-mil-vagas-disponiveis\/","og_site_name":"Jornal nos Bairros","article_publisher":"https:\/\/www.facebook.com\/jornalnosbairros","article_author":"https:\/\/www.facebook.com\/jornalnosbairros","article_published_time":"2023-05-23T23:55:58+00:00","article_modified_time":"2023-05-23T23:56:00+00:00","og_image":[{"width":1920,"height":1280,"url":"https:\/\/jornalnosbairros.com.br\/wp\/wp-content\/uploads\/2023\/05\/Balcao-de-Empregos-de-Itajai-tem-mais-de-14-mil-vagas-disponiveis-_135789.jpg","type":"image\/jpeg"}],"author":"Editoria","twitter_card":"summary_large_image","twitter_creator":"@https:\/\/twitter.com\/jornal_bairros","twitter_site":"@jornal_bairros","twitter_misc":{"Escrito por":"Editoria","Est. tempo de leitura":"1 minuto"},"schema":{"@context":"https:\/\/schema.org","@graph":[{"@type":"Article","@id":"https:\/\/jornalnosbairros.com.br\/wp\/2023\/05\/balcao-de-empregos-de-itajai-tem-14-mil-vagas-disponiveis\/#article","isPartOf":{"@id":"https:\/\/jornalnosbairros.com.br\/wp\/2023\/05\/balcao-de-empregos-de-itajai-tem-14-mil-vagas-disponiveis\/"},"author":{"name":"Editoria","@id":"https:\/\/jornalnosbairros.com.br\/wp\/#\/schema\/person\/9a74fde2f4332c018c3b4d29a6129437"},"headline":"BALC\u00c3O DE EMPREGOS DE ITAJA\u00cd TEM 1,4 MIL VAGAS DISPON\u00cdVEIS","datePublished":"2023-05-23T23:55:58+00:00","dateModified":"2023-05-23T23:56:00+00:00","mainEntityOfPage":{"@id":"https:\/\/jornalnosbairros.com.br\/wp\/2023\/05\/balcao-de-empregos-de-itajai-tem-14-mil-vagas-disponiveis\/"},"wordCount":218,"publisher":{"@id":"https:\/\/jornalnosbairros.com.br\/wp\/#organization"},"image":{"@id":"https:\/\/jornalnosbairros.com.br\/wp\/2023\/05\/balcao-de-empregos-de-itajai-tem-14-mil-vagas-disponiveis\/#primaryimage"},"thumbnailUrl":"https:\/\/jornalnosbairros.com.br\/wp\/wp-content\/uploads\/2023\/05\/Balcao-de-Empregos-de-Itajai-tem-mais-de-14-mil-vagas-disponiveis-_135789.jpg","keywords":["acao","cidade","economia","empregos","Itaja\u00ed","vagas"],"articleSection":["GERAL"],"inLanguage":"pt-BR"},{"@type":"WebPage","@id":"https:\/\/jornalnosbairros.com.br\/wp\/2023\/05\/balcao-de-empregos-de-itajai-tem-14-mil-vagas-disponiveis\/","url":"https:\/\/jornalnosbairros.com.br\/wp\/2023\/05\/balcao-de-empregos-de-itajai-tem-14-mil-vagas-disponiveis\/","name":"BALC\u00c3O DE EMPREGOS DE ITAJA\u00cd TEM 1,4 MIL VAGAS DISPON\u00cdVEIS","isPartOf":{"@id":"https:\/\/jornalnosbairros.com.br\/wp\/#website"},"primaryImageOfPage":{"@id":"https:\/\/jornalnosbairros.com.br\/wp\/2023\/05\/balcao-de-empregos-de-itajai-tem-14-mil-vagas-disponiveis\/#primaryimage"},"image":{"@id":"https:\/\/jornalnosbairros.com.br\/wp\/2023\/05\/balcao-de-empregos-de-itajai-tem-14-mil-vagas-disponiveis\/#primaryimage"},"thumbnailUrl":"https:\/\/jornalnosbairros.com.br\/wp\/wp-content\/uploads\/2023\/05\/Balcao-de-Empregos-de-Itajai-tem-mais-de-14-mil-vagas-disponiveis-_135789.jpg","datePublished":"2023-05-23T23:55:58+00:00","dateModified":"2023-05-23T23:56:00+00:00","description":"Na quarta-feira (24), o servi\u00e7o tamb\u00e9m realiza atendimento especial com entrevistas de candidatos \u00e0s vagas nos supermercados","inLanguage":"pt-BR","potentialAction":[{"@type":"ReadAction","target":["https:\/\/jornalnosbairros.com.br\/wp\/2023\/05\/balcao-de-empregos-de-itajai-tem-14-mil-vagas-disponiveis\/"]}]},{"@type":"ImageObject","inLanguage":"pt-BR","@id":"https:\/\/jornalnosbairros.com.br\/wp\/2023\/05\/balcao-de-empregos-de-itajai-tem-14-mil-vagas-disponiveis\/#primaryimage","url":"https:\/\/jornalnosbairros.com.br\/wp\/wp-content\/uploads\/2023\/05\/Balcao-de-Empregos-de-Itajai-tem-mais-de-14-mil-vagas-disponiveis-_135789.jpg","contentUrl":"https:\/\/jornalnosbairros.com.br\/wp\/wp-content\/uploads\/2023\/05\/Balcao-de-Empregos-de-Itajai-tem-mais-de-14-mil-vagas-disponiveis-_135789.jpg","width":1920,"height":1280},{"@type":"WebSite","@id":"https:\/\/jornalnosbairros.com.br\/wp\/#website","url":"https:\/\/jornalnosbairros.com.br\/wp\/","name":"Jornal nos Bairros","description":"Not\u00edcias di\u00e1rias de Navegantes e regi\u00e3o","publisher":{"@id":"https:\/\/jornalnosbairros.com.br\/wp\/#organization"},"alternateName":"JB","potentialAction":[{"@type":"SearchAction","target":{"@type":"EntryPoint","urlTemplate":"https:\/\/jornalnosbairros.com.br\/wp\/?s={search_term_string}"},"query-input":{"@type":"PropertyValueSpecification","valueRequired":true,"valueName":"search_term_string"}}],"inLanguage":"pt-BR"},{"@type":"Organization","@id":"https:\/\/jornalnosbairros.com.br\/wp\/#organization","name":"Jornal nos Bairros de Navegantes","url":"https:\/\/jornalnosbairros.com.br\/wp\/","logo":{"@type":"ImageObject","inLanguage":"pt-BR","@id":"https:\/\/jornalnosbairros.com.br\/wp\/#\/schema\/logo\/image\/","url":"https:\/\/jornalnosbairros.com.br\/wp\/wp-content\/uploads\/2025\/01\/LOGO-JB.png","contentUrl":"https:\/\/jornalnosbairros.com.br\/wp\/wp-content\/uploads\/2025\/01\/LOGO-JB.png","width":168,"height":150,"caption":"Jornal nos Bairros de Navegantes"},"image":{"@id":"https:\/\/jornalnosbairros.com.br\/wp\/#\/schema\/logo\/image\/"},"sameAs":["https:\/\/www.facebook.com\/jornalnosbairros","https:\/\/x.com\/jornal_bairros","https:\/\/www.instagram.com\/jornalnosbairros","https:\/\/www.youtube.com\/@jornalnosbairros"]},{"@type":"Person","@id":"https:\/\/jornalnosbairros.com.br\/wp\/#\/schema\/person\/9a74fde2f4332c018c3b4d29a6129437","name":"Editoria","image":{"@type":"ImageObject","inLanguage":"pt-BR","@id":"https:\/\/secure.gravatar.com\/avatar\/b53a04b7003d01b914d43ebacd13b233f0d99ed1cb7f8cb7d8553ef90e3f466b?s=96&r=g","url":"https:\/\/secure.gravatar.com\/avatar\/b53a04b7003d01b914d43ebacd13b233f0d99ed1cb7f8cb7d8553ef90e3f466b?s=96&r=g","contentUrl":"https:\/\/secure.gravatar.com\/avatar\/b53a04b7003d01b914d43ebacd13b233f0d99ed1cb7f8cb7d8553ef90e3f466b?s=96&r=g","caption":"Editoria"},"description":"Edi\u00e7\u00e3o do Jornal nos Bairros de Navegantes - Contato: fale@jornalnosbairros.com.br - Siga: @jornalnosbairros - Acesse: www.jornalnosbairros.com.br","sameAs":["http:\/\/www.jornalnosbairros.com.br\/wp","https:\/\/www.facebook.com\/jornalnosbairros","https:\/\/www.instagram.com\/jornalnosbairros\/","https:\/\/x.com\/https:\/\/twitter.com\/jornal_bairros","https:\/\/www.youtube.com\/channel\/UCbdZNY5wPbaBq5KtRGP4WxQ?view_as=subscriber"],"url":"https:\/\/jornalnosbairros.com.br\/wp\/author\/admin\/"}]}},"_links":{"self":[{"href":"https:\/\/jornalnosbairros.com.br\/wp\/wp-json\/wp\/v2\/posts\/22624","targetHints":{"allow":["GET"]}}],"collection":[{"href":"https:\/\/jornalnosbairros.com.br\/wp\/wp-json\/wp\/v2\/posts"}],"about":[{"href":"https:\/\/jornalnosbairros.com.br\/wp\/wp-json\/wp\/v2\/types\/post"}],"author":[{"embeddable":true,"href":"https:\/\/jornalnosbairros.com.br\/wp\/wp-json\/wp\/v2\/users\/1"}],"replies":[{"embeddable":true,"href":"https:\/\/jornalnosbairros.com.br\/wp\/wp-json\/wp\/v2\/comments?post=22624"}],"version-history":[{"count":1,"href":"https:\/\/jornalnosbairros.com.br\/wp\/wp-json\/wp\/v2\/posts\/22624\/revisions"}],"predecessor-version":[{"id":22626,"href":"https:\/\/jornalnosbairros.com.br\/wp\/wp-json\/wp\/v2\/posts\/22624\/revisions\/22626"}],"wp:featuredmedia":[{"embeddable":true,"href":"https:\/\/jornalnosbairros.com.br\/wp\/wp-json\/wp\/v2\/media\/22625"}],"wp:attachment":[{"href":"https:\/\/jornalnosbairros.com.br\/wp\/wp-json\/wp\/v2\/media?parent=22624"}],"wp:term":[{"taxonomy":"category","embeddable":true,"href":"https:\/\/jornalnosbairros.com.br\/wp\/wp-json\/wp\/v2\/categories?post=22624"},{"taxonomy":"post_tag","embeddable":true,"href":"https:\/\/jornalnosbairros.com.br\/wp\/wp-json\/wp\/v2\/tags?post=22624"}],"curies":[{"name":"wp","href":"https:\/\/api.w.org\/{rel}","templated":true}]}}