{"id":21151,"date":"2023-03-27T10:56:07","date_gmt":"2023-03-27T10:56:07","guid":{"rendered":"https:\/\/jornalnosbairros.com.br\/wp\/?p=21151"},"modified":"2023-03-27T10:57:54","modified_gmt":"2023-03-27T10:57:54","slug":"complexo-portuario-movimenta-1-2-milhao-de-toneladas","status":"publish","type":"post","link":"https:\/\/jornalnosbairros.com.br\/wp\/2023\/03\/complexo-portuario-movimenta-1-2-milhao-de-toneladas\/","title":{"rendered":"COMPLEXO PORTU\u00c1RIO MOVIMENTA 1.2 MILH\u00c3O DE TONELADAS"},"content":{"rendered":"\n<p><strong><em>Primeira linha de carga de cont\u00eaineres, opera\u00e7\u00f5es de carga geral e encerramento da temporada de cruzeiros, marcaram fevereiro<\/em><\/strong><\/p>\n\n\n\n<p>O Relat\u00f3rio de Estat\u00edsticas do Complexo Portu\u00e1rio de Itaja\u00ed registrou, apenas no m\u00eas de fevereiro deste ano, 1.201.343 milh\u00e3o de toneladas movimentadas e 98.490 TEUs (unidade de medida equivalente a um cont\u00eainer de 20 p\u00e9s). Entre janeiro e fevereiro, o ac\u00famulo na movimenta\u00e7\u00e3o foi de 2.369.164 toneladas, enquanto a movimenta\u00e7\u00e3o de cont\u00eaineres em TEU\u2019s alcan\u00e7ou a marca de 200 mil e 392 toneladas.<\/p>\n\n\n\n<p>No n\u00famero de atraca\u00e7\u00f5es do Complexo Portu\u00e1rio, houve o registrou de 83 escalas, sendo 58 delas no Terminal da Portonave, 05 na APM Terminals (margem direita), 08 no Cais P\u00fablico, 02 atraca\u00e7\u00f5es no Terminal de Uso Privado (TUP) Braskarne, 04 no TUP Teporti, 04 no TUP Barra do Rio, 01 no TUP Poly Terminals e 01 atraca\u00e7\u00e3o realizada pela Delegacia da Capitania dos Portos de Itaja\u00ed.<\/p>\n\n\n\n<p><strong>Porto de Itaja\u00ed<\/strong><\/p>\n\n\n\n<p>No Porto de Itaja\u00ed (Cais p\u00fablico e APM Terminals\/\u00e1rea arrendada), o m\u00eas de fevereiro registrou a movimenta\u00e7\u00e3o de 71.060 toneladas, com 13 navios operados, e 118 TEU\u2019s. Para o ac\u00famulo do ano, a movimenta\u00e7\u00e3o de janeiro a fevereiro foi de 118 TEU\u2019s e 81.980 toneladas movimentadas.<\/p>\n\n\n\n<p><strong>Porto de Navegantes<\/strong><\/p>\n\n\n\n<p>Na Portonave, a movimenta\u00e7\u00e3o de cont\u00eaineres registrada no decorrer do m\u00eas de fevereiro registrou 1.098.340 milh\u00e3o e 98.330 TEU\u2019s. De janeiro e fevereiro, o ac\u00famulo na movimenta\u00e7\u00e3o de cont\u00eaineres foi de 2.248.608 toneladas, enquanto a movimenta\u00e7\u00e3o de cont\u00eaineres em TEU\u2019s de 200.232.<\/p>\n\n\n\n<p>\u201cO m\u00eas de fevereiro contou com uma semana reservada \u00e0 Temporada de Cruzeiros 2022\/2023, finalizada em 26 de fevereiro. Aliado a isso, a Autoridade Portu\u00e1ria reservou o m\u00eas para se organizar quando ao fechamento de neg\u00f3cios com empresas internacionais para a obten\u00e7\u00e3o de novas linhas para o Porto de Itaja\u00ed. Apesar das adversidades, estamos fazendo o poss\u00edvel para que a Autoridade Portu\u00e1ria P\u00fablica Municipal retome suas atividades e tamb\u00e9m readquira o selo de gest\u00e3o de qualidade ISO 9001, com foco nas pautas de produtos e servi\u00e7os\u201d, esclarece o Superintendente do porto de Itaja\u00ed, F\u00e1bio da Veiga.<\/p>\n\n\n\n<p>No TUP Braskarne, a movimenta\u00e7\u00e3o de cont\u00eaineres registrada no decorrer do m\u00eas de fevereiro foi de 3.061 toneladas.<\/p>\n\n\n\n<p>J\u00e1 no TUP Teporti, a movimenta\u00e7\u00e3o de cont\u00eaineres registrada no decorrer do m\u00eas de fevereiro foi de 19.301 toneladas, com um crescimento de 6% em rela\u00e7\u00e3o ao mesmo per\u00edodo do ano passado, que era de 18.212. O acumulo de janeiro e fevereiro teve crescimento de 42%, com 25.934 toneladas.<\/p>\n\n\n\n<figure class=\"wp-block-image size-large\"><img decoding=\"async\" width=\"1024\" height=\"751\" data-src=\"https:\/\/jornalnosbairros.com.br\/wp\/wp-content\/uploads\/2023\/03\/Rodrigo-Steffen-COSEG-2-1024x751.jpeg\" alt=\"\" class=\"wp-image-21153 lazyload\" data-srcset=\"https:\/\/jornalnosbairros.com.br\/wp\/wp-content\/uploads\/2023\/03\/Rodrigo-Steffen-COSEG-2-1024x751.jpeg 1024w, https:\/\/jornalnosbairros.com.br\/wp\/wp-content\/uploads\/2023\/03\/Rodrigo-Steffen-COSEG-2-300x220.jpeg 300w, https:\/\/jornalnosbairros.com.br\/wp\/wp-content\/uploads\/2023\/03\/Rodrigo-Steffen-COSEG-2-768x563.jpeg 768w, https:\/\/jornalnosbairros.com.br\/wp\/wp-content\/uploads\/2023\/03\/Rodrigo-Steffen-COSEG-2.jpeg 1200w\" data-sizes=\"(max-width: 1024px) 100vw, 1024px\" src=\"data:image\/svg+xml;base64,PHN2ZyB3aWR0aD0iMSIgaGVpZ2h0PSIxIiB4bWxucz0iaHR0cDovL3d3dy53My5vcmcvMjAwMC9zdmciPjwvc3ZnPg==\" style=\"--smush-placeholder-width: 1024px; --smush-placeholder-aspect-ratio: 1024\/751;\" \/><\/figure>\n\n\n\n<p>Ainda no TUP Barra do rio, a movimenta\u00e7\u00e3o de cont\u00eaineres registrada no decorrer do m\u00eas de fevereiro foi de 3.581 toneladas e 42 TEU\u2019s.<\/p>\n\n\n\n<p>No TUP Poly Terminals, a movimenta\u00e7\u00e3o de cont\u00eaineres registrada no decorrer do m\u00eas de fevereiro foi de 6.000 toneladas.<\/p>\n\n\n\n<p>Nas \u00e1reas das Bacias de Evolu\u00e7\u00e3o 01 e 02, somente no m\u00eas de fevereiro, foram realizados um total de 83 manobras de giros. J\u00e1 no acumulado do ano, de janeiro a fevereiro, foram registrados 164 giros nas duas \u00e1reas de bacia, localizadas em frente ao porto e na Baia Affonso Wippel (Saco da Fazenda).<\/p>\n\n\n\n<p>No dia 09 de fevereiro, o Porto de Itaja\u00ed recebeu sua 1\u00aa linha de carga de cont\u00eaineres em 2023 com o navio Theodor, atracando na APM Terminals (ber\u00e7o 02) com 251 toneladas de cont\u00eaineres.<\/p>\n\n\n\n<p>Ainda em fevereiro, dentro da primeira quinzena, o Porto de Itaja\u00ed recebeu o navio Saga Crest, embarcando 22.750 mil toneladas de carga de celulose, registrando uma movimenta\u00e7\u00e3o de 169.916 toneladas desde 2022.<\/p>\n\n\n\n<p>\u201cA linha de carga de cont\u00eainer em fevereiro marca a retomada na movimenta\u00e7\u00e3o de cont\u00eaineres. A Superintend\u00eancia, Prefeitura Municipal e a APM Terminals permanecem trabalhando seriamente para que novas linhas cheguem ao Porto de Itaja\u00ed. Num esfor\u00e7o conjunto, seguimos com as tratativas para o retorno da movimenta\u00e7\u00e3o nos pr\u00f3ximos meses\u201d, conclui o Prefeito de Itaja\u00ed, Volnei Morastoni.<\/p>\n","protected":false},"excerpt":{"rendered":"<p>Primeira linha de carga de cont\u00eaineres, opera\u00e7\u00f5es de carga geral e encerramento da temporada de cruzeiros, marcaram fevereiro O Relat\u00f3rio de Estat\u00edsticas do Complexo Portu\u00e1rio de Itaja\u00ed registrou, apenas no m\u00eas de fevereiro&hellip;<\/p>\n","protected":false},"author":1,"featured_media":21152,"comment_status":"closed","ping_status":"closed","sticky":false,"template":"","format":"standard","meta":{"footnotes":""},"categories":[1],"tags":[47,46,58,40,59],"class_list":["post-21151","post","type-post","status-publish","format-standard","has-post-thumbnail","hentry","category-economia","tag-cidade","tag-economia","tag-itajai","tag-navegantes","tag-turismo"],"yoast_head":"<!-- This site is optimized with the Yoast SEO plugin v27.5 - https:\/\/yoast.com\/product\/yoast-seo-wordpress\/ -->\n<title>COMPLEXO PORTU\u00c1RIO MOVIMENTA 1.2 MILH\u00c3O DE TONELADAS<\/title>\n<meta name=\"description\" content=\"Primeira linha de carga de cont\u00eaineres, opera\u00e7\u00f5es de carga geral e encerramento da temporada de cruzeiros, marcaram fevereiro\" \/>\n<meta name=\"robots\" content=\"index, follow, max-snippet:-1, max-image-preview:large, max-video-preview:-1\" \/>\n<link rel=\"canonical\" href=\"https:\/\/jornalnosbairros.com.br\/wp\/2023\/03\/complexo-portuario-movimenta-1-2-milhao-de-toneladas\/\" \/>\n<meta property=\"og:locale\" content=\"pt_BR\" \/>\n<meta property=\"og:type\" content=\"article\" \/>\n<meta property=\"og:title\" content=\"COMPLEXO PORTU\u00c1RIO MOVIMENTA 1.2 MILH\u00c3O DE TONELADAS\" \/>\n<meta property=\"og:description\" content=\"Primeira linha de carga de cont\u00eaineres, opera\u00e7\u00f5es de carga geral e encerramento da temporada de cruzeiros, marcaram fevereiro\" \/>\n<meta property=\"og:url\" content=\"https:\/\/jornalnosbairros.com.br\/wp\/2023\/03\/complexo-portuario-movimenta-1-2-milhao-de-toneladas\/\" \/>\n<meta property=\"og:site_name\" content=\"Jornal nos Bairros\" \/>\n<meta property=\"article:publisher\" content=\"https:\/\/www.facebook.com\/jornalnosbairros\" \/>\n<meta property=\"article:author\" content=\"https:\/\/www.facebook.com\/jornalnosbairros\" \/>\n<meta property=\"article:published_time\" content=\"2023-03-27T10:56:07+00:00\" \/>\n<meta property=\"article:modified_time\" content=\"2023-03-27T10:57:54+00:00\" \/>\n<meta property=\"og:image\" content=\"https:\/\/jornalnosbairros.com.br\/wp\/wp-content\/uploads\/2023\/03\/Navio-2.jpeg\" \/>\n\t<meta property=\"og:image:width\" content=\"1024\" \/>\n\t<meta property=\"og:image:height\" content=\"682\" \/>\n\t<meta property=\"og:image:type\" content=\"image\/jpeg\" \/>\n<meta name=\"author\" content=\"Editoria\" \/>\n<meta name=\"twitter:card\" content=\"summary_large_image\" \/>\n<meta name=\"twitter:creator\" content=\"@https:\/\/twitter.com\/jornal_bairros\" \/>\n<meta name=\"twitter:site\" content=\"@jornal_bairros\" \/>\n<meta name=\"twitter:label1\" content=\"Escrito por\" \/>\n\t<meta name=\"twitter:data1\" content=\"Editoria\" \/>\n\t<meta name=\"twitter:label2\" content=\"Est. tempo de leitura\" \/>\n\t<meta name=\"twitter:data2\" content=\"3 minutos\" \/>\n<script type=\"application\/ld+json\" class=\"yoast-schema-graph\">{\"@context\":\"https:\\\/\\\/schema.org\",\"@graph\":[{\"@type\":\"Article\",\"@id\":\"https:\\\/\\\/jornalnosbairros.com.br\\\/wp\\\/2023\\\/03\\\/complexo-portuario-movimenta-1-2-milhao-de-toneladas\\\/#article\",\"isPartOf\":{\"@id\":\"https:\\\/\\\/jornalnosbairros.com.br\\\/wp\\\/2023\\\/03\\\/complexo-portuario-movimenta-1-2-milhao-de-toneladas\\\/\"},\"author\":{\"name\":\"Editoria\",\"@id\":\"https:\\\/\\\/jornalnosbairros.com.br\\\/wp\\\/#\\\/schema\\\/person\\\/9a74fde2f4332c018c3b4d29a6129437\"},\"headline\":\"COMPLEXO PORTU\u00c1RIO MOVIMENTA 1.2 MILH\u00c3O DE TONELADAS\",\"datePublished\":\"2023-03-27T10:56:07+00:00\",\"dateModified\":\"2023-03-27T10:57:54+00:00\",\"mainEntityOfPage\":{\"@id\":\"https:\\\/\\\/jornalnosbairros.com.br\\\/wp\\\/2023\\\/03\\\/complexo-portuario-movimenta-1-2-milhao-de-toneladas\\\/\"},\"wordCount\":663,\"publisher\":{\"@id\":\"https:\\\/\\\/jornalnosbairros.com.br\\\/wp\\\/#organization\"},\"image\":{\"@id\":\"https:\\\/\\\/jornalnosbairros.com.br\\\/wp\\\/2023\\\/03\\\/complexo-portuario-movimenta-1-2-milhao-de-toneladas\\\/#primaryimage\"},\"thumbnailUrl\":\"https:\\\/\\\/jornalnosbairros.com.br\\\/wp\\\/wp-content\\\/uploads\\\/2023\\\/03\\\/Navio-2.jpeg\",\"keywords\":[\"cidade\",\"economia\",\"Itaja\u00ed\",\"navegantes\",\"Turismo\"],\"articleSection\":[\"ECONOMIA\"],\"inLanguage\":\"pt-BR\"},{\"@type\":\"WebPage\",\"@id\":\"https:\\\/\\\/jornalnosbairros.com.br\\\/wp\\\/2023\\\/03\\\/complexo-portuario-movimenta-1-2-milhao-de-toneladas\\\/\",\"url\":\"https:\\\/\\\/jornalnosbairros.com.br\\\/wp\\\/2023\\\/03\\\/complexo-portuario-movimenta-1-2-milhao-de-toneladas\\\/\",\"name\":\"COMPLEXO PORTU\u00c1RIO MOVIMENTA 1.2 MILH\u00c3O DE TONELADAS\",\"isPartOf\":{\"@id\":\"https:\\\/\\\/jornalnosbairros.com.br\\\/wp\\\/#website\"},\"primaryImageOfPage\":{\"@id\":\"https:\\\/\\\/jornalnosbairros.com.br\\\/wp\\\/2023\\\/03\\\/complexo-portuario-movimenta-1-2-milhao-de-toneladas\\\/#primaryimage\"},\"image\":{\"@id\":\"https:\\\/\\\/jornalnosbairros.com.br\\\/wp\\\/2023\\\/03\\\/complexo-portuario-movimenta-1-2-milhao-de-toneladas\\\/#primaryimage\"},\"thumbnailUrl\":\"https:\\\/\\\/jornalnosbairros.com.br\\\/wp\\\/wp-content\\\/uploads\\\/2023\\\/03\\\/Navio-2.jpeg\",\"datePublished\":\"2023-03-27T10:56:07+00:00\",\"dateModified\":\"2023-03-27T10:57:54+00:00\",\"description\":\"Primeira linha de carga de cont\u00eaineres, opera\u00e7\u00f5es de carga geral e encerramento da temporada de cruzeiros, marcaram fevereiro\",\"inLanguage\":\"pt-BR\",\"potentialAction\":[{\"@type\":\"ReadAction\",\"target\":[\"https:\\\/\\\/jornalnosbairros.com.br\\\/wp\\\/2023\\\/03\\\/complexo-portuario-movimenta-1-2-milhao-de-toneladas\\\/\"]}]},{\"@type\":\"ImageObject\",\"inLanguage\":\"pt-BR\",\"@id\":\"https:\\\/\\\/jornalnosbairros.com.br\\\/wp\\\/2023\\\/03\\\/complexo-portuario-movimenta-1-2-milhao-de-toneladas\\\/#primaryimage\",\"url\":\"https:\\\/\\\/jornalnosbairros.com.br\\\/wp\\\/wp-content\\\/uploads\\\/2023\\\/03\\\/Navio-2.jpeg\",\"contentUrl\":\"https:\\\/\\\/jornalnosbairros.com.br\\\/wp\\\/wp-content\\\/uploads\\\/2023\\\/03\\\/Navio-2.jpeg\",\"width\":1024,\"height\":682},{\"@type\":\"WebSite\",\"@id\":\"https:\\\/\\\/jornalnosbairros.com.br\\\/wp\\\/#website\",\"url\":\"https:\\\/\\\/jornalnosbairros.com.br\\\/wp\\\/\",\"name\":\"Jornal nos Bairros\",\"description\":\"Not\u00edcias di\u00e1rias de Navegantes e regi\u00e3o\",\"publisher\":{\"@id\":\"https:\\\/\\\/jornalnosbairros.com.br\\\/wp\\\/#organization\"},\"alternateName\":\"JB\",\"potentialAction\":[{\"@type\":\"SearchAction\",\"target\":{\"@type\":\"EntryPoint\",\"urlTemplate\":\"https:\\\/\\\/jornalnosbairros.com.br\\\/wp\\\/?s={search_term_string}\"},\"query-input\":{\"@type\":\"PropertyValueSpecification\",\"valueRequired\":true,\"valueName\":\"search_term_string\"}}],\"inLanguage\":\"pt-BR\"},{\"@type\":\"Organization\",\"@id\":\"https:\\\/\\\/jornalnosbairros.com.br\\\/wp\\\/#organization\",\"name\":\"Jornal nos Bairros de Navegantes\",\"url\":\"https:\\\/\\\/jornalnosbairros.com.br\\\/wp\\\/\",\"logo\":{\"@type\":\"ImageObject\",\"inLanguage\":\"pt-BR\",\"@id\":\"https:\\\/\\\/jornalnosbairros.com.br\\\/wp\\\/#\\\/schema\\\/logo\\\/image\\\/\",\"url\":\"https:\\\/\\\/jornalnosbairros.com.br\\\/wp\\\/wp-content\\\/uploads\\\/2025\\\/01\\\/LOGO-JB.png\",\"contentUrl\":\"https:\\\/\\\/jornalnosbairros.com.br\\\/wp\\\/wp-content\\\/uploads\\\/2025\\\/01\\\/LOGO-JB.png\",\"width\":168,\"height\":150,\"caption\":\"Jornal nos Bairros de Navegantes\"},\"image\":{\"@id\":\"https:\\\/\\\/jornalnosbairros.com.br\\\/wp\\\/#\\\/schema\\\/logo\\\/image\\\/\"},\"sameAs\":[\"https:\\\/\\\/www.facebook.com\\\/jornalnosbairros\",\"https:\\\/\\\/x.com\\\/jornal_bairros\",\"https:\\\/\\\/www.instagram.com\\\/jornalnosbairros\",\"https:\\\/\\\/www.youtube.com\\\/@jornalnosbairros\"]},{\"@type\":\"Person\",\"@id\":\"https:\\\/\\\/jornalnosbairros.com.br\\\/wp\\\/#\\\/schema\\\/person\\\/9a74fde2f4332c018c3b4d29a6129437\",\"name\":\"Editoria\",\"image\":{\"@type\":\"ImageObject\",\"inLanguage\":\"pt-BR\",\"@id\":\"https:\\\/\\\/secure.gravatar.com\\\/avatar\\\/b53a04b7003d01b914d43ebacd13b233f0d99ed1cb7f8cb7d8553ef90e3f466b?s=96&r=g\",\"url\":\"https:\\\/\\\/secure.gravatar.com\\\/avatar\\\/b53a04b7003d01b914d43ebacd13b233f0d99ed1cb7f8cb7d8553ef90e3f466b?s=96&r=g\",\"contentUrl\":\"https:\\\/\\\/secure.gravatar.com\\\/avatar\\\/b53a04b7003d01b914d43ebacd13b233f0d99ed1cb7f8cb7d8553ef90e3f466b?s=96&r=g\",\"caption\":\"Editoria\"},\"description\":\"Edi\u00e7\u00e3o do Jornal nos Bairros de Navegantes - Contato: fale@jornalnosbairros.com.br - Siga: @jornalnosbairros - Acesse: www.jornalnosbairros.com.br\",\"sameAs\":[\"http:\\\/\\\/www.jornalnosbairros.com.br\\\/wp\",\"https:\\\/\\\/www.facebook.com\\\/jornalnosbairros\",\"https:\\\/\\\/www.instagram.com\\\/jornalnosbairros\\\/\",\"https:\\\/\\\/x.com\\\/https:\\\/\\\/twitter.com\\\/jornal_bairros\",\"https:\\\/\\\/www.youtube.com\\\/channel\\\/UCbdZNY5wPbaBq5KtRGP4WxQ?view_as=subscriber\"],\"url\":\"https:\\\/\\\/jornalnosbairros.com.br\\\/wp\\\/author\\\/admin\\\/\"}]}<\/script>\n<!-- \/ Yoast SEO plugin. -->","yoast_head_json":{"title":"COMPLEXO PORTU\u00c1RIO MOVIMENTA 1.2 MILH\u00c3O DE TONELADAS","description":"Primeira linha de carga de cont\u00eaineres, opera\u00e7\u00f5es de carga geral e encerramento da temporada de cruzeiros, marcaram fevereiro","robots":{"index":"index","follow":"follow","max-snippet":"max-snippet:-1","max-image-preview":"max-image-preview:large","max-video-preview":"max-video-preview:-1"},"canonical":"https:\/\/jornalnosbairros.com.br\/wp\/2023\/03\/complexo-portuario-movimenta-1-2-milhao-de-toneladas\/","og_locale":"pt_BR","og_type":"article","og_title":"COMPLEXO PORTU\u00c1RIO MOVIMENTA 1.2 MILH\u00c3O DE TONELADAS","og_description":"Primeira linha de carga de cont\u00eaineres, opera\u00e7\u00f5es de carga geral e encerramento da temporada de cruzeiros, marcaram fevereiro","og_url":"https:\/\/jornalnosbairros.com.br\/wp\/2023\/03\/complexo-portuario-movimenta-1-2-milhao-de-toneladas\/","og_site_name":"Jornal nos Bairros","article_publisher":"https:\/\/www.facebook.com\/jornalnosbairros","article_author":"https:\/\/www.facebook.com\/jornalnosbairros","article_published_time":"2023-03-27T10:56:07+00:00","article_modified_time":"2023-03-27T10:57:54+00:00","og_image":[{"width":1024,"height":682,"url":"https:\/\/jornalnosbairros.com.br\/wp\/wp-content\/uploads\/2023\/03\/Navio-2.jpeg","type":"image\/jpeg"}],"author":"Editoria","twitter_card":"summary_large_image","twitter_creator":"@https:\/\/twitter.com\/jornal_bairros","twitter_site":"@jornal_bairros","twitter_misc":{"Escrito por":"Editoria","Est. tempo de leitura":"3 minutos"},"schema":{"@context":"https:\/\/schema.org","@graph":[{"@type":"Article","@id":"https:\/\/jornalnosbairros.com.br\/wp\/2023\/03\/complexo-portuario-movimenta-1-2-milhao-de-toneladas\/#article","isPartOf":{"@id":"https:\/\/jornalnosbairros.com.br\/wp\/2023\/03\/complexo-portuario-movimenta-1-2-milhao-de-toneladas\/"},"author":{"name":"Editoria","@id":"https:\/\/jornalnosbairros.com.br\/wp\/#\/schema\/person\/9a74fde2f4332c018c3b4d29a6129437"},"headline":"COMPLEXO PORTU\u00c1RIO MOVIMENTA 1.2 MILH\u00c3O DE TONELADAS","datePublished":"2023-03-27T10:56:07+00:00","dateModified":"2023-03-27T10:57:54+00:00","mainEntityOfPage":{"@id":"https:\/\/jornalnosbairros.com.br\/wp\/2023\/03\/complexo-portuario-movimenta-1-2-milhao-de-toneladas\/"},"wordCount":663,"publisher":{"@id":"https:\/\/jornalnosbairros.com.br\/wp\/#organization"},"image":{"@id":"https:\/\/jornalnosbairros.com.br\/wp\/2023\/03\/complexo-portuario-movimenta-1-2-milhao-de-toneladas\/#primaryimage"},"thumbnailUrl":"https:\/\/jornalnosbairros.com.br\/wp\/wp-content\/uploads\/2023\/03\/Navio-2.jpeg","keywords":["cidade","economia","Itaja\u00ed","navegantes","Turismo"],"articleSection":["ECONOMIA"],"inLanguage":"pt-BR"},{"@type":"WebPage","@id":"https:\/\/jornalnosbairros.com.br\/wp\/2023\/03\/complexo-portuario-movimenta-1-2-milhao-de-toneladas\/","url":"https:\/\/jornalnosbairros.com.br\/wp\/2023\/03\/complexo-portuario-movimenta-1-2-milhao-de-toneladas\/","name":"COMPLEXO PORTU\u00c1RIO MOVIMENTA 1.2 MILH\u00c3O DE TONELADAS","isPartOf":{"@id":"https:\/\/jornalnosbairros.com.br\/wp\/#website"},"primaryImageOfPage":{"@id":"https:\/\/jornalnosbairros.com.br\/wp\/2023\/03\/complexo-portuario-movimenta-1-2-milhao-de-toneladas\/#primaryimage"},"image":{"@id":"https:\/\/jornalnosbairros.com.br\/wp\/2023\/03\/complexo-portuario-movimenta-1-2-milhao-de-toneladas\/#primaryimage"},"thumbnailUrl":"https:\/\/jornalnosbairros.com.br\/wp\/wp-content\/uploads\/2023\/03\/Navio-2.jpeg","datePublished":"2023-03-27T10:56:07+00:00","dateModified":"2023-03-27T10:57:54+00:00","description":"Primeira linha de carga de cont\u00eaineres, opera\u00e7\u00f5es de carga geral e encerramento da temporada de cruzeiros, marcaram fevereiro","inLanguage":"pt-BR","potentialAction":[{"@type":"ReadAction","target":["https:\/\/jornalnosbairros.com.br\/wp\/2023\/03\/complexo-portuario-movimenta-1-2-milhao-de-toneladas\/"]}]},{"@type":"ImageObject","inLanguage":"pt-BR","@id":"https:\/\/jornalnosbairros.com.br\/wp\/2023\/03\/complexo-portuario-movimenta-1-2-milhao-de-toneladas\/#primaryimage","url":"https:\/\/jornalnosbairros.com.br\/wp\/wp-content\/uploads\/2023\/03\/Navio-2.jpeg","contentUrl":"https:\/\/jornalnosbairros.com.br\/wp\/wp-content\/uploads\/2023\/03\/Navio-2.jpeg","width":1024,"height":682},{"@type":"WebSite","@id":"https:\/\/jornalnosbairros.com.br\/wp\/#website","url":"https:\/\/jornalnosbairros.com.br\/wp\/","name":"Jornal nos Bairros","description":"Not\u00edcias di\u00e1rias de Navegantes e regi\u00e3o","publisher":{"@id":"https:\/\/jornalnosbairros.com.br\/wp\/#organization"},"alternateName":"JB","potentialAction":[{"@type":"SearchAction","target":{"@type":"EntryPoint","urlTemplate":"https:\/\/jornalnosbairros.com.br\/wp\/?s={search_term_string}"},"query-input":{"@type":"PropertyValueSpecification","valueRequired":true,"valueName":"search_term_string"}}],"inLanguage":"pt-BR"},{"@type":"Organization","@id":"https:\/\/jornalnosbairros.com.br\/wp\/#organization","name":"Jornal nos Bairros de Navegantes","url":"https:\/\/jornalnosbairros.com.br\/wp\/","logo":{"@type":"ImageObject","inLanguage":"pt-BR","@id":"https:\/\/jornalnosbairros.com.br\/wp\/#\/schema\/logo\/image\/","url":"https:\/\/jornalnosbairros.com.br\/wp\/wp-content\/uploads\/2025\/01\/LOGO-JB.png","contentUrl":"https:\/\/jornalnosbairros.com.br\/wp\/wp-content\/uploads\/2025\/01\/LOGO-JB.png","width":168,"height":150,"caption":"Jornal nos Bairros de Navegantes"},"image":{"@id":"https:\/\/jornalnosbairros.com.br\/wp\/#\/schema\/logo\/image\/"},"sameAs":["https:\/\/www.facebook.com\/jornalnosbairros","https:\/\/x.com\/jornal_bairros","https:\/\/www.instagram.com\/jornalnosbairros","https:\/\/www.youtube.com\/@jornalnosbairros"]},{"@type":"Person","@id":"https:\/\/jornalnosbairros.com.br\/wp\/#\/schema\/person\/9a74fde2f4332c018c3b4d29a6129437","name":"Editoria","image":{"@type":"ImageObject","inLanguage":"pt-BR","@id":"https:\/\/secure.gravatar.com\/avatar\/b53a04b7003d01b914d43ebacd13b233f0d99ed1cb7f8cb7d8553ef90e3f466b?s=96&r=g","url":"https:\/\/secure.gravatar.com\/avatar\/b53a04b7003d01b914d43ebacd13b233f0d99ed1cb7f8cb7d8553ef90e3f466b?s=96&r=g","contentUrl":"https:\/\/secure.gravatar.com\/avatar\/b53a04b7003d01b914d43ebacd13b233f0d99ed1cb7f8cb7d8553ef90e3f466b?s=96&r=g","caption":"Editoria"},"description":"Edi\u00e7\u00e3o do Jornal nos Bairros de Navegantes - Contato: fale@jornalnosbairros.com.br - Siga: @jornalnosbairros - Acesse: www.jornalnosbairros.com.br","sameAs":["http:\/\/www.jornalnosbairros.com.br\/wp","https:\/\/www.facebook.com\/jornalnosbairros","https:\/\/www.instagram.com\/jornalnosbairros\/","https:\/\/x.com\/https:\/\/twitter.com\/jornal_bairros","https:\/\/www.youtube.com\/channel\/UCbdZNY5wPbaBq5KtRGP4WxQ?view_as=subscriber"],"url":"https:\/\/jornalnosbairros.com.br\/wp\/author\/admin\/"}]}},"_links":{"self":[{"href":"https:\/\/jornalnosbairros.com.br\/wp\/wp-json\/wp\/v2\/posts\/21151","targetHints":{"allow":["GET"]}}],"collection":[{"href":"https:\/\/jornalnosbairros.com.br\/wp\/wp-json\/wp\/v2\/posts"}],"about":[{"href":"https:\/\/jornalnosbairros.com.br\/wp\/wp-json\/wp\/v2\/types\/post"}],"author":[{"embeddable":true,"href":"https:\/\/jornalnosbairros.com.br\/wp\/wp-json\/wp\/v2\/users\/1"}],"replies":[{"embeddable":true,"href":"https:\/\/jornalnosbairros.com.br\/wp\/wp-json\/wp\/v2\/comments?post=21151"}],"version-history":[{"count":3,"href":"https:\/\/jornalnosbairros.com.br\/wp\/wp-json\/wp\/v2\/posts\/21151\/revisions"}],"predecessor-version":[{"id":21156,"href":"https:\/\/jornalnosbairros.com.br\/wp\/wp-json\/wp\/v2\/posts\/21151\/revisions\/21156"}],"wp:featuredmedia":[{"embeddable":true,"href":"https:\/\/jornalnosbairros.com.br\/wp\/wp-json\/wp\/v2\/media\/21152"}],"wp:attachment":[{"href":"https:\/\/jornalnosbairros.com.br\/wp\/wp-json\/wp\/v2\/media?parent=21151"}],"wp:term":[{"taxonomy":"category","embeddable":true,"href":"https:\/\/jornalnosbairros.com.br\/wp\/wp-json\/wp\/v2\/categories?post=21151"},{"taxonomy":"post_tag","embeddable":true,"href":"https:\/\/jornalnosbairros.com.br\/wp\/wp-json\/wp\/v2\/tags?post=21151"}],"curies":[{"name":"wp","href":"https:\/\/api.w.org\/{rel}","templated":true}]}}