{"id":16601,"date":"2022-08-26T08:00:51","date_gmt":"2022-08-26T08:00:51","guid":{"rendered":"https:\/\/jornalnosbairros.com.br\/wp\/?p=16601"},"modified":"2022-08-29T23:32:51","modified_gmt":"2022-08-29T23:32:51","slug":"navegantes-60-anos-cidade-cresce-verticalmente","status":"publish","type":"post","link":"https:\/\/jornalnosbairros.com.br\/wp\/2022\/08\/navegantes-60-anos-cidade-cresce-verticalmente\/","title":{"rendered":"NAVEGANTES UMA CIDADE QUE CRESCE VERTICALMENTE"},"content":{"rendered":"\n<p>O munic\u00edpio de Navegantes comemora os seus 60 anos de emancipa\u00e7\u00e3o pol\u00edtico-administrativa. Mas o desenvolvimento veio t\u00edmido, no entanto hoje, Navegantes bate recordes na arrecada\u00e7\u00e3o e gera\u00e7\u00e3o de empregos e renda. Um dos grandes respons\u00e1veis por este cen\u00e1rio \u00e9 o crescimento da constru\u00e7\u00e3o civil, que vem fazendo a cidade crescer verticalmente.<\/p>\n\n\n\n<p><\/p>\n\n\n\n<p><strong>N\u00fameros comprovam o crescimento no setor.<\/strong><\/p>\n\n\n\n<p>Conforme o Conselho Regional de Corretores de Im\u00f3veis de\u00a0Santa Catarina. (CRECI\/SC), no munic\u00edpio de Navegantes h\u00e1 cadastro de 501 corretores de im\u00f3veis ativos trabalhando na venda de apartamentos  nos numerosos pr\u00e9dios que v\u00eam sendo constru\u00eddos. <\/p>\n\n\n\n<p>De acordo com o corretor imobili\u00e1rio Biank In\u00e1cio, as construtoras locais cresceram mesmo durante a pandemia, lan\u00e7ando mais edifica\u00e7\u00f5es do que em outro per\u00edodo, tanto de quadra mar, quanto de frente mar. Segundo ele, o esperado \u00e9 que, nos pr\u00f3ximos cinco anos, o mercado imobili\u00e1rio tenha uma expans\u00e3o ainda maior que nos \u00faltimos 10 ou 15 anos.<\/p>\n\n\n\n<p>Uma das construtoras que atua na cidade, a SBJ confirmou que nos pr\u00f3ximos cinco anos ir\u00e1 investir R$ 150 milh\u00f5es em novos empreendimentos na cidade. O cronograma da empresa prev\u00ea o in\u00edcio de obras pelos pr\u00f3ximos tr\u00eas anos, em seis novos projetos: tr\u00eas na Praia Central e os outros tr\u00eas na Praia do Gravat\u00e1.<\/p>\n\n\n\n<p>Investidores de fora tamb\u00e9m t\u00eam empreendido na cidade. A Incorporadora Vokkan, empresa respons\u00e1vel pelo primeiro bairro parque do Brasil, o Vivapark Porto Belo, obteve, no come\u00e7o do m\u00eas, a licen\u00e7a ambiental no \u00f3rg\u00e3o municipal, para &nbsp;construir o mesmo modelo de bairro planejado em uma \u00e1rea no bairro Meia Praia, em Navegantes, por\u00e9m ainda maior.<\/p>\n\n\n\n<p>A expectativa \u00e9 grande para esse neg\u00f3cio que ir\u00e1 movimentar todo um segmento. O projeto prev\u00ea \u00e1rea comercial; \u00e1rea residencial &#8211; tanto para compra de lotes com op\u00e7\u00e3o de 100 projetos para serem seguidos, quanto para compra de apartamentos em edif\u00edcios; salas comerciais; \u00e1rea de parque e uma \u00e1rea tur\u00edstica com acesso a bares e restaurantes dentro do bairro. Al\u00e9m disso, o projeto incluiu parque tecnol\u00f3gico, uma universidade, escola, open mall e parques para lazer.<\/p>\n\n\n\n<p><strong>Gera\u00e7\u00e3o de novos empregos<\/strong><\/p>\n\n\n\n<p>O resultado positivo da constru\u00e7\u00e3o civil tem favorecido tamb\u00e9m a gera\u00e7\u00e3o de novos empregos na cidade. Dados do Cadastro Geral de Empregados e Desempregados (CAGED) do Minist\u00e9rio da Economia apontam que o setor gerou um saldo de 854 novos empregos entre janeiro e junho em 2022, o que representa 64,1% das novas vagas na cidade, ganhando at\u00e9 mesmo do setor de servi\u00e7o, maior gerador de ICMS do munic\u00edpio. &nbsp;&nbsp;<\/p>\n\n\n\n<p>Para o secret\u00e1rio de Desenvolvimento Econ\u00f4mico e Receita, Rodrigo Silveira, a constru\u00e7\u00e3o civil \u00e9 um setor estrat\u00e9gico, pois demonstra que h\u00e1 novos investidores e moradores acreditando na cidade.<\/p>\n\n\n\n<p>O prefeito Liba Fronza acrescenta que o munic\u00edpio promoveu uma grande desburocratiza\u00e7\u00e3o na aprova\u00e7\u00e3o de projetos construtivos, o que ajudou na melhoria da economia local. \u201cEstamos finalizando o novo Plano Diretor, que vai dar o caminho que deveremos seguir na pr\u00f3xima d\u00e9cada, destravando in\u00fameros investimentos e gerando qualidade de vida aos cidad\u00e3os\u201d, comemora.<\/p>\n","protected":false},"excerpt":{"rendered":"<p>O munic\u00edpio de Navegantes comemora os seus 60 anos de emancipa\u00e7\u00e3o pol\u00edtico-administrativa. Mas o desenvolvimento veio t\u00edmido, no entanto hoje, Navegantes bate recordes na arrecada\u00e7\u00e3o e gera\u00e7\u00e3o de empregos e renda. Um dos&hellip;<\/p>\n","protected":false},"author":2,"featured_media":16704,"comment_status":"closed","ping_status":"closed","sticky":false,"template":"","format":"standard","meta":{"footnotes":""},"categories":[3,31],"tags":[428,48,47,46,40],"class_list":["post-16601","post","type-post","status-publish","format-standard","has-post-thumbnail","hentry","category-geral","category-navegantes","tag-60anos","tag-acao","tag-cidade","tag-economia","tag-navegantes"],"yoast_head":"<!-- This site is optimized with the Yoast SEO plugin v27.5 - https:\/\/yoast.com\/product\/yoast-seo-wordpress\/ -->\n<title>NAVEGANTES UMA CIDADE QUE CRESCE VERTICALMENTE<\/title>\n<meta name=\"description\" content=\"Somente uma construtora que atua na cidade, quer investir nos pr\u00f3ximos cinco anos R$ 150 milh\u00f5es em novos empreendimentos em Navegantes...\" \/>\n<meta name=\"robots\" content=\"index, follow, max-snippet:-1, max-image-preview:large, max-video-preview:-1\" \/>\n<link rel=\"canonical\" href=\"https:\/\/jornalnosbairros.com.br\/wp\/2022\/08\/navegantes-60-anos-cidade-cresce-verticalmente\/\" \/>\n<meta property=\"og:locale\" content=\"pt_BR\" \/>\n<meta property=\"og:type\" content=\"article\" \/>\n<meta property=\"og:title\" content=\"NAVEGANTES UMA CIDADE QUE CRESCE VERTICALMENTE\" \/>\n<meta property=\"og:description\" content=\"Somente uma construtora que atua na cidade, quer investir nos pr\u00f3ximos cinco anos R$ 150 milh\u00f5es em novos empreendimentos em Navegantes...\" \/>\n<meta property=\"og:url\" content=\"https:\/\/jornalnosbairros.com.br\/wp\/2022\/08\/navegantes-60-anos-cidade-cresce-verticalmente\/\" \/>\n<meta property=\"og:site_name\" content=\"Jornal nos Bairros\" \/>\n<meta property=\"article:publisher\" content=\"https:\/\/www.facebook.com\/jornalnosbairros\" \/>\n<meta property=\"article:author\" content=\"https:\/\/www.facebook.com\/jornalnosbairros\" \/>\n<meta property=\"article:published_time\" content=\"2022-08-26T08:00:51+00:00\" \/>\n<meta property=\"article:modified_time\" content=\"2022-08-29T23:32:51+00:00\" \/>\n<meta property=\"og:image\" content=\"https:\/\/jornalnosbairros.com.br\/wp\/wp-content\/uploads\/2022\/08\/org_461ae94e5fad4748_1639329062000-scaled.jpg\" \/>\n\t<meta property=\"og:image:width\" content=\"2560\" \/>\n\t<meta property=\"og:image:height\" content=\"1921\" \/>\n\t<meta property=\"og:image:type\" content=\"image\/jpeg\" \/>\n<meta name=\"author\" content=\"Louise Benassi\" \/>\n<meta name=\"twitter:card\" content=\"summary_large_image\" \/>\n<meta name=\"twitter:creator\" content=\"@https:\/\/twitter.com\/jornal_bairros\" \/>\n<meta name=\"twitter:site\" content=\"@jornal_bairros\" \/>\n<meta name=\"twitter:label1\" content=\"Escrito por\" \/>\n\t<meta name=\"twitter:data1\" content=\"Louise Benassi\" \/>\n\t<meta name=\"twitter:label2\" content=\"Est. tempo de leitura\" \/>\n\t<meta name=\"twitter:data2\" content=\"3 minutos\" \/>\n<script type=\"application\/ld+json\" class=\"yoast-schema-graph\">{\"@context\":\"https:\\\/\\\/schema.org\",\"@graph\":[{\"@type\":\"Article\",\"@id\":\"https:\\\/\\\/jornalnosbairros.com.br\\\/wp\\\/2022\\\/08\\\/navegantes-60-anos-cidade-cresce-verticalmente\\\/#article\",\"isPartOf\":{\"@id\":\"https:\\\/\\\/jornalnosbairros.com.br\\\/wp\\\/2022\\\/08\\\/navegantes-60-anos-cidade-cresce-verticalmente\\\/\"},\"author\":{\"name\":\"Louise Benassi\",\"@id\":\"https:\\\/\\\/jornalnosbairros.com.br\\\/wp\\\/#\\\/schema\\\/person\\\/0fff6800408f4a5288e868b423aa66e6\"},\"headline\":\"NAVEGANTES UMA CIDADE QUE CRESCE VERTICALMENTE\",\"datePublished\":\"2022-08-26T08:00:51+00:00\",\"dateModified\":\"2022-08-29T23:32:51+00:00\",\"mainEntityOfPage\":{\"@id\":\"https:\\\/\\\/jornalnosbairros.com.br\\\/wp\\\/2022\\\/08\\\/navegantes-60-anos-cidade-cresce-verticalmente\\\/\"},\"wordCount\":546,\"publisher\":{\"@id\":\"https:\\\/\\\/jornalnosbairros.com.br\\\/wp\\\/#organization\"},\"image\":{\"@id\":\"https:\\\/\\\/jornalnosbairros.com.br\\\/wp\\\/2022\\\/08\\\/navegantes-60-anos-cidade-cresce-verticalmente\\\/#primaryimage\"},\"thumbnailUrl\":\"https:\\\/\\\/jornalnosbairros.com.br\\\/wp\\\/wp-content\\\/uploads\\\/2022\\\/08\\\/org_461ae94e5fad4748_1639329062000-scaled.jpg\",\"keywords\":[\"60anos\",\"acao\",\"cidade\",\"economia\",\"navegantes\"],\"articleSection\":[\"GERAL\",\"NAVEGANTES\"],\"inLanguage\":\"pt-BR\"},{\"@type\":\"WebPage\",\"@id\":\"https:\\\/\\\/jornalnosbairros.com.br\\\/wp\\\/2022\\\/08\\\/navegantes-60-anos-cidade-cresce-verticalmente\\\/\",\"url\":\"https:\\\/\\\/jornalnosbairros.com.br\\\/wp\\\/2022\\\/08\\\/navegantes-60-anos-cidade-cresce-verticalmente\\\/\",\"name\":\"NAVEGANTES UMA CIDADE QUE CRESCE VERTICALMENTE\",\"isPartOf\":{\"@id\":\"https:\\\/\\\/jornalnosbairros.com.br\\\/wp\\\/#website\"},\"primaryImageOfPage\":{\"@id\":\"https:\\\/\\\/jornalnosbairros.com.br\\\/wp\\\/2022\\\/08\\\/navegantes-60-anos-cidade-cresce-verticalmente\\\/#primaryimage\"},\"image\":{\"@id\":\"https:\\\/\\\/jornalnosbairros.com.br\\\/wp\\\/2022\\\/08\\\/navegantes-60-anos-cidade-cresce-verticalmente\\\/#primaryimage\"},\"thumbnailUrl\":\"https:\\\/\\\/jornalnosbairros.com.br\\\/wp\\\/wp-content\\\/uploads\\\/2022\\\/08\\\/org_461ae94e5fad4748_1639329062000-scaled.jpg\",\"datePublished\":\"2022-08-26T08:00:51+00:00\",\"dateModified\":\"2022-08-29T23:32:51+00:00\",\"description\":\"Somente uma construtora que atua na cidade, quer investir nos pr\u00f3ximos cinco anos R$ 150 milh\u00f5es em novos empreendimentos em Navegantes...\",\"inLanguage\":\"pt-BR\",\"potentialAction\":[{\"@type\":\"ReadAction\",\"target\":[\"https:\\\/\\\/jornalnosbairros.com.br\\\/wp\\\/2022\\\/08\\\/navegantes-60-anos-cidade-cresce-verticalmente\\\/\"]}]},{\"@type\":\"ImageObject\",\"inLanguage\":\"pt-BR\",\"@id\":\"https:\\\/\\\/jornalnosbairros.com.br\\\/wp\\\/2022\\\/08\\\/navegantes-60-anos-cidade-cresce-verticalmente\\\/#primaryimage\",\"url\":\"https:\\\/\\\/jornalnosbairros.com.br\\\/wp\\\/wp-content\\\/uploads\\\/2022\\\/08\\\/org_461ae94e5fad4748_1639329062000-scaled.jpg\",\"contentUrl\":\"https:\\\/\\\/jornalnosbairros.com.br\\\/wp\\\/wp-content\\\/uploads\\\/2022\\\/08\\\/org_461ae94e5fad4748_1639329062000-scaled.jpg\",\"width\":2048,\"height\":1537,\"caption\":\"default\"},{\"@type\":\"WebSite\",\"@id\":\"https:\\\/\\\/jornalnosbairros.com.br\\\/wp\\\/#website\",\"url\":\"https:\\\/\\\/jornalnosbairros.com.br\\\/wp\\\/\",\"name\":\"Jornal nos Bairros\",\"description\":\"Not\u00edcias di\u00e1rias de Navegantes e regi\u00e3o\",\"publisher\":{\"@id\":\"https:\\\/\\\/jornalnosbairros.com.br\\\/wp\\\/#organization\"},\"alternateName\":\"JB\",\"potentialAction\":[{\"@type\":\"SearchAction\",\"target\":{\"@type\":\"EntryPoint\",\"urlTemplate\":\"https:\\\/\\\/jornalnosbairros.com.br\\\/wp\\\/?s={search_term_string}\"},\"query-input\":{\"@type\":\"PropertyValueSpecification\",\"valueRequired\":true,\"valueName\":\"search_term_string\"}}],\"inLanguage\":\"pt-BR\"},{\"@type\":\"Organization\",\"@id\":\"https:\\\/\\\/jornalnosbairros.com.br\\\/wp\\\/#organization\",\"name\":\"Jornal nos Bairros de Navegantes\",\"url\":\"https:\\\/\\\/jornalnosbairros.com.br\\\/wp\\\/\",\"logo\":{\"@type\":\"ImageObject\",\"inLanguage\":\"pt-BR\",\"@id\":\"https:\\\/\\\/jornalnosbairros.com.br\\\/wp\\\/#\\\/schema\\\/logo\\\/image\\\/\",\"url\":\"https:\\\/\\\/jornalnosbairros.com.br\\\/wp\\\/wp-content\\\/uploads\\\/2025\\\/01\\\/LOGO-JB.png\",\"contentUrl\":\"https:\\\/\\\/jornalnosbairros.com.br\\\/wp\\\/wp-content\\\/uploads\\\/2025\\\/01\\\/LOGO-JB.png\",\"width\":168,\"height\":150,\"caption\":\"Jornal nos Bairros de Navegantes\"},\"image\":{\"@id\":\"https:\\\/\\\/jornalnosbairros.com.br\\\/wp\\\/#\\\/schema\\\/logo\\\/image\\\/\"},\"sameAs\":[\"https:\\\/\\\/www.facebook.com\\\/jornalnosbairros\",\"https:\\\/\\\/x.com\\\/jornal_bairros\",\"https:\\\/\\\/www.instagram.com\\\/jornalnosbairros\",\"https:\\\/\\\/www.youtube.com\\\/@jornalnosbairros\"]},{\"@type\":\"Person\",\"@id\":\"https:\\\/\\\/jornalnosbairros.com.br\\\/wp\\\/#\\\/schema\\\/person\\\/0fff6800408f4a5288e868b423aa66e6\",\"name\":\"Louise Benassi\",\"image\":{\"@type\":\"ImageObject\",\"inLanguage\":\"pt-BR\",\"@id\":\"https:\\\/\\\/secure.gravatar.com\\\/avatar\\\/9d4314cebcb775b6f2598392f1ed67a5d487928fbd387d9492add88335cb0166?s=96&r=g\",\"url\":\"https:\\\/\\\/secure.gravatar.com\\\/avatar\\\/9d4314cebcb775b6f2598392f1ed67a5d487928fbd387d9492add88335cb0166?s=96&r=g\",\"contentUrl\":\"https:\\\/\\\/secure.gravatar.com\\\/avatar\\\/9d4314cebcb775b6f2598392f1ed67a5d487928fbd387d9492add88335cb0166?s=96&r=g\",\"caption\":\"Louise Benassi\"},\"description\":\"Louise Benassi SC 002880\\\/JP - Jornalista do Jornal nos Bairros de Navegantes - Contato: fale@jornalnosbairros.com.br - Siga: @jornalnosbairros - Acesse: www.jornalnosbairros.com.br - WhatsApp 47 33196585\",\"sameAs\":[\"http:\\\/\\\/www.jornalnosbairros.com.br\",\"https:\\\/\\\/www.facebook.com\\\/jornalnosbairros\",\"https:\\\/\\\/www.instagram.com\\\/jornalnosbairros\\\/\",\"https:\\\/\\\/x.com\\\/https:\\\/\\\/twitter.com\\\/jornal_bairros\",\"https:\\\/\\\/www.youtube.com\\\/channel\\\/UCbdZNY5wPbaBq5KtRGP4WxQ\"],\"url\":\"https:\\\/\\\/jornalnosbairros.com.br\\\/wp\\\/author\\\/louise\\\/\"}]}<\/script>\n<!-- \/ Yoast SEO plugin. -->","yoast_head_json":{"title":"NAVEGANTES UMA CIDADE QUE CRESCE VERTICALMENTE","description":"Somente uma construtora que atua na cidade, quer investir nos pr\u00f3ximos cinco anos R$ 150 milh\u00f5es em novos empreendimentos em Navegantes...","robots":{"index":"index","follow":"follow","max-snippet":"max-snippet:-1","max-image-preview":"max-image-preview:large","max-video-preview":"max-video-preview:-1"},"canonical":"https:\/\/jornalnosbairros.com.br\/wp\/2022\/08\/navegantes-60-anos-cidade-cresce-verticalmente\/","og_locale":"pt_BR","og_type":"article","og_title":"NAVEGANTES UMA CIDADE QUE CRESCE VERTICALMENTE","og_description":"Somente uma construtora que atua na cidade, quer investir nos pr\u00f3ximos cinco anos R$ 150 milh\u00f5es em novos empreendimentos em Navegantes...","og_url":"https:\/\/jornalnosbairros.com.br\/wp\/2022\/08\/navegantes-60-anos-cidade-cresce-verticalmente\/","og_site_name":"Jornal nos Bairros","article_publisher":"https:\/\/www.facebook.com\/jornalnosbairros","article_author":"https:\/\/www.facebook.com\/jornalnosbairros","article_published_time":"2022-08-26T08:00:51+00:00","article_modified_time":"2022-08-29T23:32:51+00:00","og_image":[{"width":2560,"height":1921,"url":"https:\/\/jornalnosbairros.com.br\/wp\/wp-content\/uploads\/2022\/08\/org_461ae94e5fad4748_1639329062000-scaled.jpg","type":"image\/jpeg"}],"author":"Louise Benassi","twitter_card":"summary_large_image","twitter_creator":"@https:\/\/twitter.com\/jornal_bairros","twitter_site":"@jornal_bairros","twitter_misc":{"Escrito por":"Louise Benassi","Est. tempo de leitura":"3 minutos"},"schema":{"@context":"https:\/\/schema.org","@graph":[{"@type":"Article","@id":"https:\/\/jornalnosbairros.com.br\/wp\/2022\/08\/navegantes-60-anos-cidade-cresce-verticalmente\/#article","isPartOf":{"@id":"https:\/\/jornalnosbairros.com.br\/wp\/2022\/08\/navegantes-60-anos-cidade-cresce-verticalmente\/"},"author":{"name":"Louise Benassi","@id":"https:\/\/jornalnosbairros.com.br\/wp\/#\/schema\/person\/0fff6800408f4a5288e868b423aa66e6"},"headline":"NAVEGANTES UMA CIDADE QUE CRESCE VERTICALMENTE","datePublished":"2022-08-26T08:00:51+00:00","dateModified":"2022-08-29T23:32:51+00:00","mainEntityOfPage":{"@id":"https:\/\/jornalnosbairros.com.br\/wp\/2022\/08\/navegantes-60-anos-cidade-cresce-verticalmente\/"},"wordCount":546,"publisher":{"@id":"https:\/\/jornalnosbairros.com.br\/wp\/#organization"},"image":{"@id":"https:\/\/jornalnosbairros.com.br\/wp\/2022\/08\/navegantes-60-anos-cidade-cresce-verticalmente\/#primaryimage"},"thumbnailUrl":"https:\/\/jornalnosbairros.com.br\/wp\/wp-content\/uploads\/2022\/08\/org_461ae94e5fad4748_1639329062000-scaled.jpg","keywords":["60anos","acao","cidade","economia","navegantes"],"articleSection":["GERAL","NAVEGANTES"],"inLanguage":"pt-BR"},{"@type":"WebPage","@id":"https:\/\/jornalnosbairros.com.br\/wp\/2022\/08\/navegantes-60-anos-cidade-cresce-verticalmente\/","url":"https:\/\/jornalnosbairros.com.br\/wp\/2022\/08\/navegantes-60-anos-cidade-cresce-verticalmente\/","name":"NAVEGANTES UMA CIDADE QUE CRESCE VERTICALMENTE","isPartOf":{"@id":"https:\/\/jornalnosbairros.com.br\/wp\/#website"},"primaryImageOfPage":{"@id":"https:\/\/jornalnosbairros.com.br\/wp\/2022\/08\/navegantes-60-anos-cidade-cresce-verticalmente\/#primaryimage"},"image":{"@id":"https:\/\/jornalnosbairros.com.br\/wp\/2022\/08\/navegantes-60-anos-cidade-cresce-verticalmente\/#primaryimage"},"thumbnailUrl":"https:\/\/jornalnosbairros.com.br\/wp\/wp-content\/uploads\/2022\/08\/org_461ae94e5fad4748_1639329062000-scaled.jpg","datePublished":"2022-08-26T08:00:51+00:00","dateModified":"2022-08-29T23:32:51+00:00","description":"Somente uma construtora que atua na cidade, quer investir nos pr\u00f3ximos cinco anos R$ 150 milh\u00f5es em novos empreendimentos em Navegantes...","inLanguage":"pt-BR","potentialAction":[{"@type":"ReadAction","target":["https:\/\/jornalnosbairros.com.br\/wp\/2022\/08\/navegantes-60-anos-cidade-cresce-verticalmente\/"]}]},{"@type":"ImageObject","inLanguage":"pt-BR","@id":"https:\/\/jornalnosbairros.com.br\/wp\/2022\/08\/navegantes-60-anos-cidade-cresce-verticalmente\/#primaryimage","url":"https:\/\/jornalnosbairros.com.br\/wp\/wp-content\/uploads\/2022\/08\/org_461ae94e5fad4748_1639329062000-scaled.jpg","contentUrl":"https:\/\/jornalnosbairros.com.br\/wp\/wp-content\/uploads\/2022\/08\/org_461ae94e5fad4748_1639329062000-scaled.jpg","width":2048,"height":1537,"caption":"default"},{"@type":"WebSite","@id":"https:\/\/jornalnosbairros.com.br\/wp\/#website","url":"https:\/\/jornalnosbairros.com.br\/wp\/","name":"Jornal nos Bairros","description":"Not\u00edcias di\u00e1rias de Navegantes e regi\u00e3o","publisher":{"@id":"https:\/\/jornalnosbairros.com.br\/wp\/#organization"},"alternateName":"JB","potentialAction":[{"@type":"SearchAction","target":{"@type":"EntryPoint","urlTemplate":"https:\/\/jornalnosbairros.com.br\/wp\/?s={search_term_string}"},"query-input":{"@type":"PropertyValueSpecification","valueRequired":true,"valueName":"search_term_string"}}],"inLanguage":"pt-BR"},{"@type":"Organization","@id":"https:\/\/jornalnosbairros.com.br\/wp\/#organization","name":"Jornal nos Bairros de Navegantes","url":"https:\/\/jornalnosbairros.com.br\/wp\/","logo":{"@type":"ImageObject","inLanguage":"pt-BR","@id":"https:\/\/jornalnosbairros.com.br\/wp\/#\/schema\/logo\/image\/","url":"https:\/\/jornalnosbairros.com.br\/wp\/wp-content\/uploads\/2025\/01\/LOGO-JB.png","contentUrl":"https:\/\/jornalnosbairros.com.br\/wp\/wp-content\/uploads\/2025\/01\/LOGO-JB.png","width":168,"height":150,"caption":"Jornal nos Bairros de Navegantes"},"image":{"@id":"https:\/\/jornalnosbairros.com.br\/wp\/#\/schema\/logo\/image\/"},"sameAs":["https:\/\/www.facebook.com\/jornalnosbairros","https:\/\/x.com\/jornal_bairros","https:\/\/www.instagram.com\/jornalnosbairros","https:\/\/www.youtube.com\/@jornalnosbairros"]},{"@type":"Person","@id":"https:\/\/jornalnosbairros.com.br\/wp\/#\/schema\/person\/0fff6800408f4a5288e868b423aa66e6","name":"Louise Benassi","image":{"@type":"ImageObject","inLanguage":"pt-BR","@id":"https:\/\/secure.gravatar.com\/avatar\/9d4314cebcb775b6f2598392f1ed67a5d487928fbd387d9492add88335cb0166?s=96&r=g","url":"https:\/\/secure.gravatar.com\/avatar\/9d4314cebcb775b6f2598392f1ed67a5d487928fbd387d9492add88335cb0166?s=96&r=g","contentUrl":"https:\/\/secure.gravatar.com\/avatar\/9d4314cebcb775b6f2598392f1ed67a5d487928fbd387d9492add88335cb0166?s=96&r=g","caption":"Louise Benassi"},"description":"Louise Benassi SC 002880\/JP - Jornalista do Jornal nos Bairros de Navegantes - Contato: fale@jornalnosbairros.com.br - Siga: @jornalnosbairros - Acesse: www.jornalnosbairros.com.br - WhatsApp 47 33196585","sameAs":["http:\/\/www.jornalnosbairros.com.br","https:\/\/www.facebook.com\/jornalnosbairros","https:\/\/www.instagram.com\/jornalnosbairros\/","https:\/\/x.com\/https:\/\/twitter.com\/jornal_bairros","https:\/\/www.youtube.com\/channel\/UCbdZNY5wPbaBq5KtRGP4WxQ"],"url":"https:\/\/jornalnosbairros.com.br\/wp\/author\/louise\/"}]}},"_links":{"self":[{"href":"https:\/\/jornalnosbairros.com.br\/wp\/wp-json\/wp\/v2\/posts\/16601","targetHints":{"allow":["GET"]}}],"collection":[{"href":"https:\/\/jornalnosbairros.com.br\/wp\/wp-json\/wp\/v2\/posts"}],"about":[{"href":"https:\/\/jornalnosbairros.com.br\/wp\/wp-json\/wp\/v2\/types\/post"}],"author":[{"embeddable":true,"href":"https:\/\/jornalnosbairros.com.br\/wp\/wp-json\/wp\/v2\/users\/2"}],"replies":[{"embeddable":true,"href":"https:\/\/jornalnosbairros.com.br\/wp\/wp-json\/wp\/v2\/comments?post=16601"}],"version-history":[{"count":5,"href":"https:\/\/jornalnosbairros.com.br\/wp\/wp-json\/wp\/v2\/posts\/16601\/revisions"}],"predecessor-version":[{"id":16740,"href":"https:\/\/jornalnosbairros.com.br\/wp\/wp-json\/wp\/v2\/posts\/16601\/revisions\/16740"}],"wp:featuredmedia":[{"embeddable":true,"href":"https:\/\/jornalnosbairros.com.br\/wp\/wp-json\/wp\/v2\/media\/16704"}],"wp:attachment":[{"href":"https:\/\/jornalnosbairros.com.br\/wp\/wp-json\/wp\/v2\/media?parent=16601"}],"wp:term":[{"taxonomy":"category","embeddable":true,"href":"https:\/\/jornalnosbairros.com.br\/wp\/wp-json\/wp\/v2\/categories?post=16601"},{"taxonomy":"post_tag","embeddable":true,"href":"https:\/\/jornalnosbairros.com.br\/wp\/wp-json\/wp\/v2\/tags?post=16601"}],"curies":[{"name":"wp","href":"https:\/\/api.w.org\/{rel}","templated":true}]}}